{"id":2410,"date":"2023-08-13T18:18:06","date_gmt":"2023-08-13T16:18:06","guid":{"rendered":"https:\/\/www.parafiakuligow.pl\/?p=2410"},"modified":"2023-08-13T18:18:21","modified_gmt":"2023-08-13T16:18:21","slug":"13-sierpien-2023-19-niedziela-zwykla","status":"publish","type":"post","link":"http:\/\/www.parafiakuligow.pl\/index.php\/2023\/08\/13\/13-sierpien-2023-19-niedziela-zwykla\/","title":{"rendered":"13 sierpie\u0144 2023 \u2013 19 NIEDZIELA ZWYK\u0141A"},"content":{"rendered":"\n<ol type=\"1\"><li>We wtorek 15 sierpnia przypada Uroczysto\u015b\u0107 Wniebowzi\u0119cia Naj\u015bwi\u0119tszej Marii Panny, Matki Boskiej Zwyci\u0119skiej g\u0142\u00f3wnej patronki diecezji i 103 rocznica zwyci\u0119skiej Bitwy Warszawskiej w 1920 roku. Na ka\u017cdej uroczysto\u015bci b\u0142ogos\u0142awie\u0144stwo zi\u00f3\u0142 i kwiat\u00f3w.<\/li><li>W przysz\u0142\u0105 niedziel\u0119 20 sierpnia, b\u0119dziemy obchodzi\u0107 Uroczysto\u015b\u0107 Odpustu naszej parafii. Uroczystej Mszy \u015bw. o godz. 12.00 przewodniczy\u0142 b\u0119dzie Ordynariusz naszej Diecezji Warszawsko-Praskiej Bp Romuald Kami\u0144ski, kt\u00f3ry udzieli sakramentu Bierzmowania naszej m\u0142odzie\u017cy. Po Mszy \u015bw. Procesja Eucharystyczna. Do udzia\u0142u w Uroczysto\u015bci zapraszamy ministrant\u00f3w, bielanki, dzieci, m\u0142odzie\u017c, OSP Kulig\u00f3w, wszystkich parafian i wszystkich przebywaj\u0105cych na terenie naszej parafii oraz pragn\u0105cych uczci\u0107 M.B. Loreta\u0144sk\u0105. W tym dniu nie b\u0119dzie Mszy \u015bw. o godz. 11.00 i 13.00.<\/li><li>Wszystkim przebywaj\u0105cym na terenie naszej parafii \u017cyczymy dobrego odpoczynku i b\u0142ogos\u0142awionego tygodnia.<\/li><li>Zach\u0119camy do czytania prasy katolickiej.<\/li><\/ol>\n\n\n\n<h3 class=\"has-text-align-center\"><strong>Intencje Mszalne<\/strong><\/h3>\n\n\n\n<h3 class=\"has-text-align-center\"><strong>06 \u2013 13 Sierpie\u0144 2023r<\/strong><\/h3>\n\n\n\n<p><strong>Nd.\u00a0 13.08. 2023\u00a0\u00a0 18\u00a0 NIEDZIELA ZWYK\u0141A<\/strong><br>g.\u00a0\u00a0 9.00\u00a0 w intencji o zdrowie i B\u0142ogos\u0142awie\u0144stwo Bo\u017ce Ma\u0142gorzaty i Wojciecha, Magdaleny i Bart\u0142omieja oraz ca\u0142ej rodziny<br>g. 11.00\u00a0 + Jadwig\u0119 i Jerzego Mianowskich<br>g. 13.00\u00a0 + Halin\u0119 Buta<\/p>\n\n\n\n<p><strong>Pon. 14.08<\/strong>\u00a0\u00a0 g. 19.00 int. Wolna<\/p>\n\n\n\n<p><strong>Wt. 15.08\u00a0\u00a0\u00a0 Uroczysto\u015b\u0107 NMP Wniebowzi\u0119tej<\/strong><br>g. 9.00\u00a0\u00a0\u00a0\u00a0\u00a0\u00a0\u00a0\u00a0 + Mariann\u0119 Jaworsk\u0105<br>g. 11.00\u00a0\u00a0\u00a0\u00a0\u00a0\u00a0 + Adama Witeska w 16 r. \u015bm. Zdzis\u0142awa Czarneckiego w 6 r. \u015bm.<br>g. 12.00\u00a0\u00a0\u00a0\u00a0\u00a0\u00a0 + Stanis\u0142aw\u0119 i Romana Bieleckich, Bieleck\u0105 Jolant\u0119, dziadk\u00f3w Bieleckich, Teres\u0119 i Eugeniusza Ma\u0142kiewicz<\/p>\n\n\n\n<p><strong>\u015ar. 16.08<\/strong>\u00a0\u00a0\u00a0\u00a0\u00a0 g. 19.00 zam. Janusz D\u0105browski<\/p>\n\n\n\n<p><strong>Czw. 17.08<\/strong>\u00a0 g. 7.00 int. wolna<\/p>\n\n\n\n<p><strong>Pt 18.08\u00a0<\/strong>\u00a0\u00a0\u00a0\u00a0\u00a0 g. 19.00 int. wolna<\/p>\n\n\n\n<p><strong>Sob 19.08<\/strong>\u00a0\u00a0\u00a0 g. 19.00 za parafian<\/p>\n\n\n\n<p><strong>Nd 20.08\u00a0\u00a0\u00a0\u00a0 Niedziela Zwyk\u0142a \u2013 Odpust Parafialny<\/strong><br>g. 9.00\u00a0\u00a0\u00a0\u00a0\u00a0\u00a0\u00a0\u00a0 int. zam\u00f3wiona<br>g. 12.00\u00a0\u00a0\u00a0\u00a0\u00a0\u00a0 w int. Bierzmowanych, Bp Romuald Kami\u0144ski<\/p>\n","protected":false},"excerpt":{"rendered":"<p>We wtorek 15 sierpnia przypada Uroczysto\u015b\u0107 Wniebowzi\u0119cia Naj\u015bwi\u0119tszej Marii Panny, Matki Boskiej Zwyci\u0119skiej g\u0142\u00f3wnej patronki diecezji i 103 rocznica zwyci\u0119skiej Bitwy Warszawskiej w 1920 roku. Na ka\u017cdej uroczysto\u015bci b\u0142ogos\u0142awie\u0144stwo zi\u00f3\u0142 i kwiat\u00f3w. W przysz\u0142\u0105 niedziel\u0119 20 sierpnia, b\u0119dziemy obchodzi\u0107 Uroczysto\u015b\u0107 Odpustu naszej parafii. Uroczystej Mszy \u015bw. o godz. 12.00 przewodniczy\u0142 [&hellip;]<\/p>\n","protected":false},"author":2,"featured_media":0,"comment_status":"closed","ping_status":"closed","sticky":false,"template":"","format":"standard","meta":[],"categories":[2],"tags":[],"_links":{"self":[{"href":"http:\/\/www.parafiakuligow.pl\/index.php\/wp-json\/wp\/v2\/posts\/2410"}],"collection":[{"href":"http:\/\/www.parafiakuligow.pl\/index.php\/wp-json\/wp\/v2\/posts"}],"about":[{"href":"http:\/\/www.parafiakuligow.pl\/index.php\/wp-json\/wp\/v2\/types\/post"}],"author":[{"embeddable":true,"href":"http:\/\/www.parafiakuligow.pl\/index.php\/wp-json\/wp\/v2\/users\/2"}],"replies":[{"embeddable":true,"href":"http:\/\/www.parafiakuligow.pl\/index.php\/wp-json\/wp\/v2\/comments?post=2410"}],"version-history":[{"count":2,"href":"http:\/\/www.parafiakuligow.pl\/index.php\/wp-json\/wp\/v2\/posts\/2410\/revisions"}],"predecessor-version":[{"id":2413,"href":"http:\/\/www.parafiakuligow.pl\/index.php\/wp-json\/wp\/v2\/posts\/2410\/revisions\/2413"}],"wp:attachment":[{"href":"http:\/\/www.parafiakuligow.pl\/index.php\/wp-json\/wp\/v2\/media?parent=2410"}],"wp:term":[{"taxonomy":"category","embeddable":true,"href":"http:\/\/www.parafiakuligow.pl\/index.php\/wp-json\/wp\/v2\/categories?post=2410"},{"taxonomy":"post_tag","embeddable":true,"href":"http:\/\/www.parafiakuligow.pl\/index.php\/wp-json\/wp\/v2\/tags?post=2410"}],"curies":[{"name":"wp","href":"https:\/\/api.w.org\/{rel}","templated":true}]}}