{"id":2376,"date":"2023-07-23T23:39:00","date_gmt":"2023-07-23T21:39:00","guid":{"rendered":"https:\/\/www.parafiakuligow.pl\/?p=2376"},"modified":"2023-07-25T23:47:14","modified_gmt":"2023-07-25T21:47:14","slug":"ogloszenia-parafialne-23-lipiec-16-niedziela-zwykla","status":"publish","type":"post","link":"http:\/\/www.parafiakuligow.pl\/index.php\/2023\/07\/23\/ogloszenia-parafialne-23-lipiec-16-niedziela-zwykla\/","title":{"rendered":"23 Lipiec 2023- 16 NIEDZIELA ZWYK\u0141A"},"content":{"rendered":"\n<p><strong>\u00a0<\/strong><\/p>\n\n\n\n<ol type=\"1\"><li>Dzi\u015b po ka\u017cdej Mszy \u015bw. b\u0142ogos\u0142awie\u0144stwo kierowc\u00f3w i po\u015bwi\u0119cenie pojazd\u00f3w z racji\u00a0 \u015bw. Krzysztofa patrona podr\u00f3\u017cuj\u0105cych. Dzi\u0119kuj\u0105c Panu Bogu za Jego opiek\u0119 mo\u017cemy wesprze\u0107 polskich misjonarzy ofiar\u0105 na zakup transportu. Dzie\u0144 dzisiejszy jest r\u00f3wnie\u017c \u015awiatowym Dniem Dziadk\u00f3w i Os\u00f3b Starszych w blisko\u015bci wspomnienia \u015bwi\u0119tych Joachima i Anny, dziadk\u00f3w Pana Jezusa. Tegorocznemu \u015bwi\u0119towaniu towarzyszy has\u0142o: \u201eJego mi\u0142osierdzie z pokolenia na pokolenie\u201d zaczerpni\u0119te z Ewangelii wg \u015bw. \u0141ukasza.\u00a0Do naszych modlitw do\u0142\u0105czmy intencje za osoby starsze i tych najbli\u017cszych, kt\u00f3rym tak wiele zawdzi\u0119czali\u015bmy i zawdzi\u0119czamy. Z okazji \u015awiatowego Dnia Dziadk\u00f3w i Os\u00f3b Starszych udziela si\u0119 odpustu. Odpustu mo\u017cna uzyska\u0107 zar\u00f3wno dla siebie, jak i dusz czy\u015bcowych pod zwyk\u0142ymi warunkami, jakimi s\u0105 spowied\u017a, komunia eucharystyczna i modlitwa wed\u0142ug intencji Papie\u017ca.<\/li><li>W tym tygodniu patronuj\u0105 nam:<br>W poniedzia\u0142ek 24 lipca \u015bw. Kinga, dziewica &#8211; wspomnienie<br>We wtorek 25 lipca \u015bw. Jakub, Aposto\u0142 &#8211; \u015bwi\u0119to<br>W \u015brod\u0119 26 lipca \u015bw. Ioachim i Anna, rodzice Naj\u015bw. Maryi Panny &#8211; wspomnienie<br>W sobot\u0119 29 lipca \u015bw. Marty, Marii i \u0141azarza &#8211; wspomnienie<\/li><li>Przypominamy, \u017ce Msza \u015bw. w \u015brody o godz. 19.00 po\u0142\u0105czona jest z nowenn\u0105 do Matki Bo\u017cej Nieustaj\u0105cej Pomocy. Serdecznie zapraszamy do wsp\u00f3lnej modlitwy.<\/li><li>XV Piesza Pielgrzymka z Warszawy do Ostr\u00f3wka w intencji Rodzin w dn. 29 \u2013 30 lipca. W tym roku pod has\u0142em: \u201e O pok\u00f3j i jedno\u015b\u0107 w rodzinach, narodzie i \u015bwiecie\u201d. Szczeg\u00f3\u0142y programu na stronie internetowej naszej diecezji i w gablocie przed ko\u015bcio\u0142em.<\/li><li>Zbli\u017caj\u0105 si\u0119 37 \u015awiatowe Dni M\u0142odzie\u017cy, kt\u00f3re w tym roku przypadaj\u0105 w dniach:<br>1- 6 sierpnia. Tegorocznym \u015aDM przy\u015bwieca\u0107 b\u0119dzie Has\u0142o: \u201dMaryja wsta\u0142a i posz\u0142a z\u00a0po\u015bpiechem\u201d \u0141k.1,39.<\/li><li>Solenizantkom i solenizantom tego tygodnia \u017cyczymy du\u017co zdrowia, Bo\u017cego B\u0142ogos\u0142awie\u0144stwa i opieki \u015bw. patron\u00f3w, a naszym parafianom i go\u015bciom odpoczywaj\u0105cym w Kuligowie, \u017cycz\u0119 mi\u0142ej niedzieli i b\u0142ogos\u0142awionego tygodnia.<\/li><li>Zach\u0119camy do czytania prasy katolickiej.<\/li><\/ol>\n\n\n\n<h3 class=\"has-text-align-center\"><strong>Intencje Mszalne<\/strong><\/h3>\n\n\n\n<h3 class=\"has-text-align-center\"><strong>&nbsp;23 \u2013 30 Lipiec&nbsp; 2023r.<\/strong><\/h3>\n\n\n\n<p><strong>Nd.\u00a0 23. VII. 2023\u00a0\u00a0 16\u00a0 NIEDZIELA ZWYK\u0141A<\/strong><\/p>\n\n\n\n<p>g.\u00a0\u00a0 7.30\u00a0 + Mariann\u0119 Sok\u00f3lsk\u0105\u00a0 Gr. 21<\/p>\n\n\n\n<p>g.\u00a0\u00a0 9.00\u00a0 Int. zam.<\/p>\n\n\n\n<p>g. 11.00\u00a0 + King\u0119 i Tadeusza Wi\u0119ch<\/p>\n\n\n\n<p>g. 13.00\u00a0 + Iren\u0119 i Jerzego Trosi\u0144skich; Ann\u0119 i Piotra Bombik<\/p>\n\n\n\n<p><strong>Pon. 24. VII\u00a0 <\/strong>g. 18.30\u00a0 + Mariann\u0119 Sok\u00f3lsk\u0105\u00a0 Gr. 22<\/p>\n\n\n\n<p><strong>Wt. 25. VII\u00a0 <\/strong>g.\u00a0\u00a0 7.00\u00a0 + Mariann\u0119 Sok\u00f3lsk\u0105\u00a0 Gr. 23<\/p>\n\n\n\n<p><strong>\u015ar. 26. VII \u00a0<\/strong>g. 19.00 + Mariann\u0119 Sok\u00f3lsk\u0105\u00a0 Gr. 24<\/p>\n\n\n\n<p><strong>Czw. 27. VII\u00a0 <\/strong>g.\u00a0\u00a0 7.00\u00a0 + Mariann\u0119 Sok\u00f3lsk\u0105\u00a0 \u00a0Gr. 25<\/p>\n\n\n\n<p><strong>Pt. 28. VII\u00a0 <\/strong>g. 19.00\u00a0 + Mariann\u0119 Sok\u00f3lsk\u0105\u00a0 Gr. 26<\/p>\n\n\n\n<p><strong>Sob. 29. VII <\/strong>\u00a0<\/p>\n\n\n\n<p>g. 18.30 \u00a0+ Mariann\u0119 Sok\u00f3lsk\u0105\u00a0 Gr. 27<\/p>\n\n\n\n<p>g.\u00a0 19.00\u00a0 Dzi\u0119k. \u2013 b\u0142ag. o Bo\u017ce b\u0142og. i \u0142aski, opiek\u0119 Matki Bo\u017cej, wstawiennictwo \u015bw. O. Pio dla Krystyny, Leszka oraz dla dzieci, wnuk\u00f3w i prawnuka<\/p>\n\n\n\n<p><strong>Nd.\u00a0 30. VII. 2023\u00a0\u00a0 17\u00a0 NIEDZIELA ZWYK\u0141A<\/strong><\/p>\n\n\n\n<p>g.\u00a0\u00a0 7.30\u00a0 + Mariann\u0119 Sok\u00f3lsk\u0105\u00a0 Gr. 28<\/p>\n\n\n\n<p>g.\u00a0 \u00a09.00\u00a0 + Zm. rodzic\u00f3w Steczkowskich i Bieleckich<\/p>\n\n\n\n<p>g. 11.00\u00a0 + Wac\u0142aw\u0119, W\u0142adys\u0142awa i Marka Mianowskich<\/p>\n\n\n\n<p>g. 13.00 \u00a0Int. zam.<\/p>\n","protected":false},"excerpt":{"rendered":"<p>\u00a0 Dzi\u015b po ka\u017cdej Mszy \u015bw. b\u0142ogos\u0142awie\u0144stwo kierowc\u00f3w i po\u015bwi\u0119cenie pojazd\u00f3w z racji\u00a0 \u015bw. Krzysztofa patrona podr\u00f3\u017cuj\u0105cych. Dzi\u0119kuj\u0105c Panu Bogu za Jego opiek\u0119 mo\u017cemy wesprze\u0107 polskich misjonarzy ofiar\u0105 na zakup transportu. Dzie\u0144 dzisiejszy jest r\u00f3wnie\u017c \u015awiatowym Dniem Dziadk\u00f3w i Os\u00f3b Starszych w blisko\u015bci wspomnienia \u015bwi\u0119tych Joachima i Anny, dziadk\u00f3w Pana [&hellip;]<\/p>\n","protected":false},"author":2,"featured_media":0,"comment_status":"closed","ping_status":"closed","sticky":false,"template":"","format":"standard","meta":[],"categories":[2],"tags":[],"_links":{"self":[{"href":"http:\/\/www.parafiakuligow.pl\/index.php\/wp-json\/wp\/v2\/posts\/2376"}],"collection":[{"href":"http:\/\/www.parafiakuligow.pl\/index.php\/wp-json\/wp\/v2\/posts"}],"about":[{"href":"http:\/\/www.parafiakuligow.pl\/index.php\/wp-json\/wp\/v2\/types\/post"}],"author":[{"embeddable":true,"href":"http:\/\/www.parafiakuligow.pl\/index.php\/wp-json\/wp\/v2\/users\/2"}],"replies":[{"embeddable":true,"href":"http:\/\/www.parafiakuligow.pl\/index.php\/wp-json\/wp\/v2\/comments?post=2376"}],"version-history":[{"count":3,"href":"http:\/\/www.parafiakuligow.pl\/index.php\/wp-json\/wp\/v2\/posts\/2376\/revisions"}],"predecessor-version":[{"id":2380,"href":"http:\/\/www.parafiakuligow.pl\/index.php\/wp-json\/wp\/v2\/posts\/2376\/revisions\/2380"}],"wp:attachment":[{"href":"http:\/\/www.parafiakuligow.pl\/index.php\/wp-json\/wp\/v2\/media?parent=2376"}],"wp:term":[{"taxonomy":"category","embeddable":true,"href":"http:\/\/www.parafiakuligow.pl\/index.php\/wp-json\/wp\/v2\/categories?post=2376"},{"taxonomy":"post_tag","embeddable":true,"href":"http:\/\/www.parafiakuligow.pl\/index.php\/wp-json\/wp\/v2\/tags?post=2376"}],"curies":[{"name":"wp","href":"https:\/\/api.w.org\/{rel}","templated":true}]}}