{"id":232,"date":"2015-11-28T16:17:40","date_gmt":"2015-11-28T15:17:40","guid":{"rendered":"http:\/\/www.parafiakuligow.pl\/?p=232"},"modified":"2015-11-28T16:19:45","modified_gmt":"2015-11-28T15:19:45","slug":"29-listopad-2015-r-i-niedziela-adwentu","status":"publish","type":"post","link":"http:\/\/www.parafiakuligow.pl\/index.php\/2015\/11\/28\/29-listopad-2015-r-i-niedziela-adwentu\/","title":{"rendered":"29 listopad 2015 r. I niedziela Adwentu"},"content":{"rendered":"<ol>\n<li>Dzisiejsza niedziela rozpoczyna liturgiczny okres Adwentu i nowy rok ko\u015bcielny. Adwent ma podw\u00f3jny charakter. Jest czasem przygotowania do Uroczysto\u015bci Narodzenia Pa\u0144skiego przez kt\u00f3r\u0105 wspominamy pierwsze przyj\u015bcie Syna Bo\u017cego do ludzi. R\u00f3wnocze\u015bnie jest okresem oczekiwania powt\u00f3rnego przyj\u015bcia Zbawiciela na ko\u0144cu czas\u00f3w. Z obu tych wzgl\u0119d\u00f3w jest pobo\u017cnym i radosnym oczekiwaniem.<\/li>\n<li>W I niedziel\u0119 Adwentu rozpocz\u0119li\u015bmy nasze parafialne rekolekcje. Prowadzi dla nas ks. Andrzej Piotrowski z D\u0105br\u00f3wki. Msze \u015bw. z nauk\u0105 rekolekcyjn\u0105 dzi\u015b o godz. 9.00 i 11.00. Jutro w poniedzia\u0142ek o godz.18.00 \u00a0\u00a0i pojutrze we wtorek tak\u017ce o godz. 18.00. Spowied\u017a \u015bwi\u0119ta w poniedzia\u0142ek \u00a0i wtorek od godz. 17.45. Ta spowied\u017a rekolekcyjna mo\u017ce by\u0107 tak\u017ce spowiedzi\u0105 z I pi\u0105tku miesi\u0105ca. Serdecznie wszystkich zapraszamy. Osoby chore, kt\u00f3re chcia\u0142yby przed Bo\u017cym Narodzeniem przyj\u0105\u0107 w domu sakramenty \u015bwi\u0119te bliscy mog\u0105 ju\u017c zg\u0142asza\u0107 do ks. proboszcza.<\/li>\n<li>Msze \u015bw. ku czci Matki Bo\u017cej zwane roratami b\u0119d\u0105 odprawiane codziennie z wyj\u0105tkiem niedzieli pocz\u0105wszy od najbli\u017cszej \u015brody. Zapraszamy na nie z lampionami.<\/li>\n<li>Mo\u017cna ju\u017c si\u0119 zaopatrzy\u0107 w op\u0142atki na st\u00f3\u0142 wigilijny, kt\u00f3re zosta\u0142y pob\u0142ogos\u0142awione dla naszej wsp\u00f3lnoty parafialnej.<\/li>\n<li>Zach\u0119camy te\u017c do nabywania \u015bwiec Caritas z kt\u00f3rych doch\u00f3d przeznaczony jest na Wigilijne Dzie\u0142o Pomocy Dzieciom.<\/li>\n<li>Dzi\u015b taca na Seminarium Duchowne a za tydzie\u0144 po mszach \u015bw. zbi\u00f3rka do puszek na pomoc Ko\u015bcio\u0142owi na wschodzie. Ofiary, kt\u00f3re z\u0142o\u017cymy na tac\u0119 we wtorek b\u0119d\u0105 natomiast naszym podzi\u0119kowaniem ks. Andrzejowi za trud g\u0142oszenia rekolekcji.<\/li>\n<li>Zwyczajem lat minionych gdyby kto\u015b chcia\u0142 i m\u00f3g\u0142 ofiarowa\u0107 choinki na Bo\u017conarodzeniowy wystr\u00f3j ko\u015bcio\u0142a prosimy o kontakt z ks. proboszczem<\/li>\n<li>Bardzo dzi\u0119kuj\u0119 Zarz\u0105dowi i cz\u0142onkom Wsp\u00f3lnoty Gruntowej wsi Kulig\u00f3w za przyznanie naszej parafii dotacji na zakup i monta\u017c nowego pieca gazowego do budynku parafialnego. Wszystkim, kt\u00f3rzy si\u0119 do tego przyczynili sk\u0142adam serdeczne B\u00f3g zap\u0142a\u0107.<\/li>\n<li>W okresie Adwentu ze wzgl\u0119du na rekolekcje i spowiedzi b\u0119d\u0105 w naszym ko\u015bciele zmiany godzin odprawiania Mszy \u015bw. Przepraszamy za to i w razie w\u0105tpliwo\u015bci prosimy o sprawdzenie w gablocie lub na stronie internetowej parafii.<\/li>\n<li>W \u015brod\u0119 2 XII z racji I \u015brody miesi\u0105ca kolejna Msza \u015bw. za zmar\u0142ych poleconych w wypominkach o godz. 7.00<\/li>\n<\/ol>\n<p>Intencje mszalne w tym tygodniu<\/p>\n<p>REKOLEKCJE ADWENTOWE<\/p>\n<p>ndz\u00a0\u00a0\u00a0 29. XI \u00a0 \u00a0\u00a0\u00a0g. 9.00 \u00a0 + Aleksandra Augustyniaka \u2013 gregoria\u0144ska 15<br \/>\n11.00\u00a0+ Janusza Pielaka i Henryka D\u0105browskiego<\/p>\n<p>REKOLEKCJE ADWENTOWE<\/p>\n<p>pn\u00a0\u00a0\u00a0\u00a0 \u00a030.\u00a0 XI\u00a0 \u00a0\u00a0\u00a0g. 18.00 \u00a0+ Aleksandra Augustyniaka \u2013 gregoria\u0144ska 16<\/p>\n<p>REKOLEKCJE ADWENTOWE<\/p>\n<p>wt\u00a0\u00a0\u00a0 \u00a0\u00a01.\u00a0 XII \u00a0 \u00a0\u00a0g\u00a0 18.00\u00a0\u00a0 + Aleksandra Augustyniaka \u2013 gregoria\u0144ska 17<br \/>\n\u015br\u00a0\u00a0\u00a0\u00a0\u00a0 \u00a02.\u00a0 XII \u00a0 \u00a0\u00a0g. 7.00 roraty \u00a0+\u00a0 za zmar\u0142ych poleconych w wypominkach<br \/>\ng. 18.00 \u00a0 + Aleksandra Augustyniaka \u2013 gregoria\u0144ska 18<\/p>\n<p>czw\u00a0 \u00a0\u00a03. XII\u00a0 \u00a0\u00a0\u00a0\u00a0g.\u00a0 7.00 roraty + Aleksandra Augustyniaka \u2013 gregoria\u0144ska 19<\/p>\n<p>pt\u00a0\u00a0\u00a0\u00a0\u00a0\u00a0 4. XII \u00a0 \u00a0 \u00a0g.\u00a0 7.00 roraty + Aleksandra Augustyniaka \u2013 gregoria\u0144ska 2<br \/>\ng. 18.00 \u00a0\u00a0\u00a0Msza o NSPJ za parafian<\/p>\n<p>sob\u00a0\u00a0 \u00a0\u00a05. XII \u00a0\u00a0\u00a0\u00a0 g.\u00a0\u00a0 7.00 roraty + \u00a0Aleksandra Augustyniaka \u2013 gregoria\u0144ska 21<br \/>\nnie ma Mszy \u015bw. wieczornej<\/p>\n<p>ndz \u00a0\u00a0\u00a0\u00a06. XII \u00a0 \u00a0\u00a0g. \u00a0\u00a09.30 \u00a0 rez. p. Ewa D\u0105browska<br \/>\ng. \u00a011.00 \u00a0\u00a0+ Stanis\u0142awy Bieleckiej i Romana Bieleckiego<\/p>\n<p>Naszym parafianom i go\u015bciom \u017cyczymy dobrej niedzieli oraz b\u0142ogos\u0142awionego tygodnia.<\/p>\n<p>Parafia Matki Bo\u017cej Loreta\u0144skiej<br \/>\nKo\u015bcielna 2<br \/>\n05-254 Kulig\u00f3w<br \/>\nProboszcz ks. Zbigniew Kloch<br \/>\ntel. 29-758-00-30<br \/>\nmail: kancelaria@parafiakuligow.pl<\/p>\n","protected":false},"excerpt":{"rendered":"<p>Dzisiejsza niedziela rozpoczyna liturgiczny okres Adwentu i nowy rok ko\u015bcielny. Adwent ma podw\u00f3jny charakter. Jest czasem przygotowania do Uroczysto\u015bci Narodzenia Pa\u0144skiego przez kt\u00f3r\u0105 wspominamy pierwsze przyj\u015bcie Syna Bo\u017cego do ludzi. R\u00f3wnocze\u015bnie jest okresem oczekiwania powt\u00f3rnego przyj\u015bcia Zbawiciela na ko\u0144cu czas\u00f3w. Z obu tych wzgl\u0119d\u00f3w jest pobo\u017cnym i radosnym oczekiwaniem. W [&hellip;]<\/p>\n","protected":false},"author":1,"featured_media":0,"comment_status":"closed","ping_status":"open","sticky":false,"template":"","format":"standard","meta":[],"categories":[2],"tags":[],"_links":{"self":[{"href":"http:\/\/www.parafiakuligow.pl\/index.php\/wp-json\/wp\/v2\/posts\/232"}],"collection":[{"href":"http:\/\/www.parafiakuligow.pl\/index.php\/wp-json\/wp\/v2\/posts"}],"about":[{"href":"http:\/\/www.parafiakuligow.pl\/index.php\/wp-json\/wp\/v2\/types\/post"}],"author":[{"embeddable":true,"href":"http:\/\/www.parafiakuligow.pl\/index.php\/wp-json\/wp\/v2\/users\/1"}],"replies":[{"embeddable":true,"href":"http:\/\/www.parafiakuligow.pl\/index.php\/wp-json\/wp\/v2\/comments?post=232"}],"version-history":[{"count":3,"href":"http:\/\/www.parafiakuligow.pl\/index.php\/wp-json\/wp\/v2\/posts\/232\/revisions"}],"predecessor-version":[{"id":235,"href":"http:\/\/www.parafiakuligow.pl\/index.php\/wp-json\/wp\/v2\/posts\/232\/revisions\/235"}],"wp:attachment":[{"href":"http:\/\/www.parafiakuligow.pl\/index.php\/wp-json\/wp\/v2\/media?parent=232"}],"wp:term":[{"taxonomy":"category","embeddable":true,"href":"http:\/\/www.parafiakuligow.pl\/index.php\/wp-json\/wp\/v2\/categories?post=232"},{"taxonomy":"post_tag","embeddable":true,"href":"http:\/\/www.parafiakuligow.pl\/index.php\/wp-json\/wp\/v2\/tags?post=232"}],"curies":[{"name":"wp","href":"https:\/\/api.w.org\/{rel}","templated":true}]}}