{"id":2312,"date":"2023-05-14T14:19:24","date_gmt":"2023-05-14T12:19:24","guid":{"rendered":"https:\/\/www.parafiakuligow.pl\/?p=2312"},"modified":"2023-05-14T14:19:25","modified_gmt":"2023-05-14T12:19:25","slug":"14-maj-2023-vi-niedziela-wielkanocy","status":"publish","type":"post","link":"http:\/\/www.parafiakuligow.pl\/index.php\/2023\/05\/14\/14-maj-2023-vi-niedziela-wielkanocy\/","title":{"rendered":"14 Maj 2023 &#8211; VI \u00a0NIEDZIELA\u00a0 WIELKANOCY"},"content":{"rendered":"\n<ol type=\"1\"><li>Dzi\u015b na Mszy \u015bw. o godz. 12.00 w naszej parafii Uroczysto\u015b\u0107 I Komunii \u015bw. dla 4 dzieci oraz ich rodzin. Msze \u015bw. o godz. 9.00, 10.30 i 12.00. Ofiary sk\u0142adane na tac\u0119 przeznaczamy na Wy\u017csze Seminarium Duchowne naszej diecezji.<\/li><li>Rodzicom dzieci I komunijnych dzi\u0119kuj\u0119 za przygotowanie ko\u015bcio\u0142a; dekoracje i pi\u0119kne kwiaty ofiarowane na dzisiejsz\u0105 uroczysto\u015b\u0107.<\/li><li>Ze wzgl\u0119du na Bia\u0142y Tydzie\u0144 we wtorek i czwartek, Msze \u015bw. b\u0119d\u0105 odprawiane o godz. 18.00. Nie b\u0119dzie Mszy \u015bw o godz. 7.00.<\/li><li>We wtorek 16 maja Uroczysto\u015b\u0107\u00a0 \u015bw. Andrzeja Boboli, prezbitera i\u00a0 m\u0119czennika, patrona Polski i metropolii warszawskiej.<\/li><li>W przysz\u0142\u0105 niedziel\u0119 21 maja na Mszy \u015bw. o godz.11.00 w naszej parafii uroczysto\u015b\u0107 rocznicy I Komunii \u015bw. Spowied\u017a dla dzieci i rodzic\u00f3w w pi\u0105tek 19 maja o godz. 18.45.<\/li><li>Od pi\u0105tku 19 maja przed uroczysto\u015bci\u0105 Wniebowst\u0105pienia Pa\u0144skiego do soboty przed Zes\u0142aniem Ducha \u015awi\u0119tego sprawowana b\u0119dzie nowenna do Ducha \u015awi\u0119tego.<\/li><li>Wszystkim naszym parafianom i osobom przebywaj\u0105cym w naszej parafii \u017cyczymy spokojnej niedzieli oraz dobrego i b\u0142ogos\u0142awionego tygodnia.<\/li><li>Zach\u0119camy do czytania prasy katolickiej.<\/li><\/ol>\n\n\n\n<h3 class=\"has-text-align-center\"><strong>Intencje Mszalne<\/strong><\/h3>\n\n\n\n<h3 class=\"has-text-align-center\"><strong>&nbsp;14 \u2013 21 Maj 2023r.<\/strong><\/h3>\n\n\n\n<p><strong>Nd.\u00a0 14. V. 2023\u00a0\u00a0\u00a0 VI\u00a0 NIEDZIELA WIELKANOCY<\/strong><br>g.\u00a0\u00a0 7.30\u00a0 + Marka Lamirowskiego\u00a0 Gr. 28<br>g.\u00a0\u00a0 9.00\u00a0 + El\u017cbiet\u0119 Krajewsk\u0105 w 1 rocz. \u015bm.<br>g. 10.30\u00a0 Int. zam.<br><strong>Nabo\u017ce\u0144stwo Majowe<\/strong><br>g. 12.00\u00a0 I Komunia \u015awi\u0119ta<br><strong>Pon. 15. V<\/strong>\u00a0 <br>g. 17.00\u00a0 + Stanis\u0142aw\u0119 Jankowsk\u0105<br>g. 17.30\u00a0 <strong>Nabo\u017ce\u0144stwo Majowe<\/strong><br>g. 18.00\u00a0 + Marka Lamirowskiego\u00a0 Gr.29<br><strong>Wt. 16. V\u00a0 <\/strong><br>g. 17.00\u00a0 W int. Parafii<br>g. 17.30\u00a0 <strong>Nabo\u017ce\u0144stwo Majowe<\/strong><br>g. 18.00\u00a0 + Marka Lamirowskiego\u00a0 Gr. 30<br><strong>\u015ar. 17. V\u00a0 <\/strong><br>g. 17.30 \u00a0<strong>Nabo\u017ce\u0144stwo Majowe<\/strong><br>g. 18.00\u00a0 + Blandyn\u0119 Malinowsk\u0105 i El\u017cbiet\u0119<br><strong>Czw. 18. V\u00a0 \u00a0<\/strong><br>g. 17.30 \u00a0<strong>Nabo\u017ce\u0144stwo Majowe<\/strong>\u00a0\u00a0\u00a0\u00a0\u00a0\u00a0\u00a0\u00a0\u00a0\u00a0\u00a0\u00a0\u00a0\u00a0\u00a0\u00a0\u00a0\u00a0\u00a0\u00a0\u00a0\u00a0\u00a0 <br>g. 18.00\u00a0 + Mari\u0119 Ryszawy<br><strong>Pt.\u00a0 19. V\u00a0\u00a0 <\/strong><br>g. 17.30\u00a0 <strong>Nabo\u017ce\u0144stwo Majowe<\/strong> \u00a0<br>g. 18.00 \u00a0+ Mari\u0119 Ryszawy<br><strong>Sob. 20. V <\/strong>\u00a0\u00a0\u00a0<br>g. 17.30\u00a0 <strong>Nabo\u017ce\u0144stwo Majowe<\/strong><br>g. 18.00 \u00a0+ Franciszka Karasiewicz<br><strong>Nd.\u00a0 21. V. 2023\u00a0\u00a0 UROCZYSTO\u015a\u0106 WNIEBOWST\u0104PIENIA PA\u0143SKIEGO<\/strong><br>g.\u00a0\u00a0 9.00\u00a0 + Jadwig\u0119 w 21 rocz. \u015bm. i Romana Kostrzew\u00f3w; dziadk\u00f3w Kuligowskich<br>g. 11.00\u00a0 Rocznica I Komunii \u015awi\u0119tej<br><strong>Nabo\u017ce\u0144stwo Majowe<\/strong><\/p>\n","protected":false},"excerpt":{"rendered":"<p>Dzi\u015b na Mszy \u015bw. o godz. 12.00 w naszej parafii Uroczysto\u015b\u0107 I Komunii \u015bw. dla 4 dzieci oraz ich rodzin. Msze \u015bw. o godz. 9.00, 10.30 i 12.00. Ofiary sk\u0142adane na tac\u0119 przeznaczamy na Wy\u017csze Seminarium Duchowne naszej diecezji. Rodzicom dzieci I komunijnych dzi\u0119kuj\u0119 za przygotowanie ko\u015bcio\u0142a; dekoracje i pi\u0119kne [&hellip;]<\/p>\n","protected":false},"author":2,"featured_media":0,"comment_status":"closed","ping_status":"closed","sticky":false,"template":"","format":"standard","meta":[],"categories":[2],"tags":[],"_links":{"self":[{"href":"http:\/\/www.parafiakuligow.pl\/index.php\/wp-json\/wp\/v2\/posts\/2312"}],"collection":[{"href":"http:\/\/www.parafiakuligow.pl\/index.php\/wp-json\/wp\/v2\/posts"}],"about":[{"href":"http:\/\/www.parafiakuligow.pl\/index.php\/wp-json\/wp\/v2\/types\/post"}],"author":[{"embeddable":true,"href":"http:\/\/www.parafiakuligow.pl\/index.php\/wp-json\/wp\/v2\/users\/2"}],"replies":[{"embeddable":true,"href":"http:\/\/www.parafiakuligow.pl\/index.php\/wp-json\/wp\/v2\/comments?post=2312"}],"version-history":[{"count":2,"href":"http:\/\/www.parafiakuligow.pl\/index.php\/wp-json\/wp\/v2\/posts\/2312\/revisions"}],"predecessor-version":[{"id":2314,"href":"http:\/\/www.parafiakuligow.pl\/index.php\/wp-json\/wp\/v2\/posts\/2312\/revisions\/2314"}],"wp:attachment":[{"href":"http:\/\/www.parafiakuligow.pl\/index.php\/wp-json\/wp\/v2\/media?parent=2312"}],"wp:term":[{"taxonomy":"category","embeddable":true,"href":"http:\/\/www.parafiakuligow.pl\/index.php\/wp-json\/wp\/v2\/categories?post=2312"},{"taxonomy":"post_tag","embeddable":true,"href":"http:\/\/www.parafiakuligow.pl\/index.php\/wp-json\/wp\/v2\/tags?post=2312"}],"curies":[{"name":"wp","href":"https:\/\/api.w.org\/{rel}","templated":true}]}}