{"id":2289,"date":"2023-04-09T16:15:00","date_gmt":"2023-04-09T14:15:00","guid":{"rendered":"https:\/\/www.parafiakuligow.pl\/?p=2289"},"modified":"2023-04-11T16:26:20","modified_gmt":"2023-04-11T14:26:20","slug":"09-kwiecien-2023-niedziela-zmartwychwstania-panskiego","status":"publish","type":"post","link":"http:\/\/www.parafiakuligow.pl\/index.php\/2023\/04\/09\/09-kwiecien-2023-niedziela-zmartwychwstania-panskiego\/","title":{"rendered":"09 Kwiecie\u0144\u00a02023 &#8211; NIEDZIELA\u00a0 ZMARTWYCHWSTANIA PA\u0143SKIEGO"},"content":{"rendered":"\n<ol type=\"1\"><li>Jutro II dzie\u0144 \u015awi\u0105t Wielkanocnych i czwarty dzie\u0144 Nowenny do Mi\u0142osierdzia Bo\u017cego. Msze \u015bw. w\/g porz\u0105dku niedzielnego o godz. 9.00 i 11.00. Taca na budow\u0119 nowych \u015bwi\u0105ty\u0144 w naszej Diecezji.<\/li><li>Pragn\u0119 serdecznie podzi\u0119kowa\u0107 wszystkim, kt\u00f3rzy po\u015bwi\u0119cili sw\u00f3j czas, prac\u0119 i \u015brodki,\u00a0 by\u00a0 pom\u00f3c ca\u0142ej naszej wsp\u00f3lnocie w prze\u017cywaniu Wielkiego Tygodnia i \u015awi\u0105t Wielkanocnych. W spos\u00f3b szczeg\u00f3lny dzi\u0119kuj\u0119 paniom: Miros\u0142awie Karasiewicz, p. Gra\u017cynie i Tadeuszowi Sta\u0144czak, El\u017cbiecie Chrzanowskiej, Ilonie Pi\u00f3rkowskiej za pomoc w przygotowaniu ciemnicy i Grobu Pa\u0144skiego. Dzi\u0119kuj\u0119 p. Leszkowi Karasiewiczowi, p. Iwonie i Tomaszowi\u00a0 Bieleckim za dodatkowe prace na rzecz naszej \u015bwi\u0105tyni. Paniom z Towarzystwa Gospody\u0144 Wiejskich za przygotowanie palm na niedziel\u0119 palmow\u0105. Dzi\u0119kuj\u0119 panom: Konradowi Karasiewicz, prezesowi OSP w Kuligowie, Piotrowi \u017bmijewskiemu naczelnikowi OSP w Kuligowie i Miros\u0142awowi Kuligowskiemu oraz stra\u017cy za pomoc w Wielki pi\u0105tek i tradycyjne czuwanie przy Grobie Pa\u0144skim. Dzi\u0119kuj\u0119 p. organi\u015bcie W\u0142odzimierzowi\u00a0 Karasi\u0144skiemu za u\u015bwietnieni liturgii gr\u0105 i \u015bpiewem liturgicznym; ministrantom w przygotowaniu Liturgii oraz wszystkim, kt\u00f3rzy z\u0142o\u017cyli ofiary na kwiaty do O\u0142tarza Przechowania i Grobu Pa\u0144skiego. Serdeczne B\u00f3g zap\u0142a\u0107.<\/li><li>Panu Micha\u0142owi Ptak i pracownikom serdeczne \u00a0podzi\u0119kowanie za prace\u00a0 ogrodowe zwi\u0105zane z uporz\u0105dkowaniem terenu przy ko\u015bciele.<\/li><li>W pi\u0105tek z racji oktawy Wielkanocy, mo\u017cna spo\u017cywa\u0107 pokarmy mi\u0119sne.<\/li><li>Za tydzie\u0144 16 kwietnia \u015awi\u0119to Mi\u0142osierdzia Bo\u017cego. Taca na dzie\u0142a charytatywne\u00a0 \u201eCaritas\u201d w naszej diecezji.<\/li><li>Dzie\u0142o modlitwy Diecezji Warszawsko \u2013 Praskiej na pami\u0105tk\u0119 po nawiedzeniu naszej\u00a0parafii przez NM Pann\u0119 w Ikonie Jasnog\u00f3rskiej b\u0119dzie w najbli\u017csz\u0105 sobot\u0119 15 kwietnia. Rozpoczniemy\u00a0 nasz\u0105 ca\u0142odzienn\u0105 adoracj\u0119 o godz. 8.45\u00a0 Godzinkami ku czci NM Panny. Przez uczestnictwo we Mszy \u015bw., wsp\u00f3ln\u0105 modlitw\u0119 oraz indywidualn\u0105\u00a0 adoracj\u0119 przed Naj\u015bwi\u0119tszym Sakramentem, b\u0119dziemy prosi\u0107 o Bo\u017ce b\u0142ogos\u0142awie\u0144stwo dla wszelkich przedsi\u0119wzi\u0119\u0107 podejmowanych w naszej diecezji. B\u0119dziemy r\u00f3wnie\u017c poleca\u0107 Bogu i prosi\u0107 o or\u0119downictwo Matki Bo\u017cej dla rodzin\u00a0naszej parafii: o umocnienie\u00a0wiary, nadziei i mi\u0142o\u015bci. Do wsp\u00f3lnej modlitwy zapraszamy parafian, w szczeg\u00f3lno\u015bci dzieci, m\u0142odzie\u017c, wszystkie zespo\u0142y modlitewne, dzia\u0142kowicz\u00f3w i go\u015bci. Szczeg\u00f3\u0142y\u00a0programu w gablocie przy wyj\u015bciu z ko\u015bcio\u0142a i stronie internetowej parafii.<\/li><li>Zach\u0119camy do czytania prasy katolickiej.<\/li><\/ol>\n\n\n\n<p><strong>PLAN NABO\u017bE\u0143STWA DO MATKI BO\u017bEJ W PARAFII MB LORETA\u0143SKIEJ<\/strong> <strong>W KULIGOWIE\u00a0 DNIA 15 &#8211; KWIETNIA 2023 ROKU NA PAMI\u0104TK\u0118<\/strong> <strong>PO NAWIEDZIENU PARAFII\u00a0 PRZEZ NM PANN\u0118 W IKONIE JASNOG\u00d3RSKIEJ<\/strong><\/p>\n\n\n\n<ul><li><strong>8:45<\/strong>&nbsp; Godzinki&nbsp; ku czci Naj\u015bwi\u0119tszej Maryi Panny<\/li><\/ul>\n\n\n\n<p class=\"has-text-align-center\"><strong>Rozpocz\u0119cie adoracji Naj\u015bwi\u0119tszego Sakramentu<\/strong><\/p>\n\n\n\n<ul><li><strong>9:00<\/strong>&nbsp; Czuwanie przy Naj\u015bwi\u0119tszym Sakramencie mieszka\u0144c\u00f3w parafii.<\/li><\/ul>\n\n\n\n<p>\u27a2 <strong>10:00 &#8211; 11:00<\/strong>\u00a0 Modlitwa r\u00f3\u017ca\u0144cowa\u00a0 \/ <strong>Cz\u0119\u015b\u0107 Radosna<\/strong> \/. Mieszka\u0144cy z ul.: Wojska\u00a0 Polskiego, Za\u0142ubicka, Brzozowa, Zap\u00f3lna, Cytrynowa.<\/p>\n\n\n\n<p>\u27a2 <strong>11:00 \u2013 12:00<\/strong>\u00a0 Modlitwa r\u00f3\u017ca\u0144cowa\u00a0 \/ <strong>Cz\u0119\u015b\u0107 \u015awiat\u0142a<\/strong> \/. Mieszka\u0144cy z ul.: Radzymi\u0144ska,\u00a0Piwna, Choinki, Malinowa, Loreta\u0144ska; Grobla, Le\u015bna, Podle\u015bna, Sosnowa, Bagienna, D\u0119binowa.<\/p>\n\n\n\n<p>\u27a2 <strong>12:00<\/strong>\u00a0 <strong>Modlitwa, Regina Coeli.<\/strong><\/p>\n\n\n\n<p>\u27a2 <strong>13:00 \u2013 14:00<\/strong>\u00a0 Modlitwa r\u00f3\u017ca\u0144cowa\u00a0 \/ <strong>Cz\u0119\u015b\u0107 Bolesna<\/strong> \/.\u00a0 Mieszka\u0144cy z ul.: Okr\u0119\u017cna, Kr\u0119ta, Wrzosowa, Ko\u015bcielna, Prosta, Lipowa.<\/p>\n\n\n\n<p>\u27a2 <strong>15:00\u00a0\u00a0 Godzina Mi\u0142osierdzia\u00a0 ( Koronka do Bo\u017cego Mi\u0142osierdzia)<\/strong><\/p>\n\n\n\n<p>\u27a2 <strong>16:00 \u2013 17:00<\/strong>\u00a0 Modlitwa r\u00f3\u017ca\u0144cowa\u00a0 \/ <strong>Cz\u0119\u015b\u0107 Chwalebna<\/strong> \/. Mieszka\u0144cy z ul.: Nadbu\u017ca\u0144ska, Serocka, Jagielo\u0144ska, Zakopia\u0144ska, Warszawska, Topolowa.<\/p>\n\n\n\n<p>\u27a2 <strong>17.30<\/strong>&nbsp;&nbsp; Zako\u0144czenie adoracji Naj\u015bwi\u0119tszego Sakramentu<\/p>\n\n\n\n<p>\u27a2 <strong>18:00<\/strong>\u00a0 Msza \u015bw. Maryjna.<\/p>\n\n\n\n<ul><li> Zako\u0144czenie adoracji Naj\u015bwi\u0119tszego Sakramentu.\u00a0 Msza \u015bw. Maryjna.\u00a0<\/li><li>W czasie czuwania podejmujemy\u00a0 \u015bpiewy: Pie\u015bni adoracyjne ku czci Naj\u015bw. Sakramentu i pie\u015bni Maryjne.\u00a0<\/li><\/ul>\n\n\n\n<p class=\"has-text-align-center\"><strong>Intencje Mszalne<\/strong><\/p>\n\n\n\n<p class=\"has-text-align-center\"><strong>\u00a009 \u2013 16 Kwiecie\u0144 2023r.<\/strong><\/p>\n\n\n\n<p><strong>Nd. 09. IV. 2023\u00a0\u00a0 NIEDZIELA\u00a0 ZMARTWYCHWSTANIA PA\u0143SKIEGO<\/strong><br>g.\u00a0\u00a0 6.00\u00a0\u00a0 <strong>REZUREKCJA<\/strong> W int. Parafian<br>g. 11.00\u00a0\u00a0 + Franciszka Drza\u017cd\u017cy\u0144skiego, Ew\u0119 Drza\u017cd\u017cy\u0144sk\u0105: Barbar\u0119 Jastrz\u0119bsk\u0105<br><strong>PONIEDZIA\u0141EK\u00a0 10. IV<\/strong>\u00a0\u00a0\u00a0\u00a0\u00a0\u00a0\u00a0 <strong>II\u00a0 Dzie\u0144 \u015awi\u0105t Wielkanocnych<\/strong><br>\u00a0\u00a0\u00a0\u00a0\u00a0\u00a0\u00a0\u00a0\u00a0\u00a0\u00a0\u00a0\u00a0\u00a0\u00a0\u00a0\u00a0\u00a0\u00a0\u00a0\u00a0\u00a0\u00a0\u00a0\u00a0\u00a0\u00a0\u00a0\u00a0\u00a0\u00a0\u00a0\u00a0\u00a0\u00a0\u00a0\u00a0\u00a0\u00a0\u00a0\u00a0\u00a0 <strong><u>Poniedzia\u0142ek w oktawie Wielkanocy<\/u><\/strong><br>g.\u00a0\u00a0 9.00\u00a0 + Kazimier\u0119 Bieleck\u0105 w 20 rocz. \u015bm.<br>g. 11.00\u00a0 + Czes\u0142awa i Andrzeja Karasiewicz\u00f3w; Kazimier\u0119 Karasiewicz; Halin\u0119 Szczypka<strong>\u00a0\u00a0\u00a0\u00a0 \u00a0<\/strong><br><strong>Wt. 11. IV\u00a0 \u00a0<\/strong><br>g. \u00a07.00\u00a0\u00a0 + Mari\u0119 Ryszawy<br>g. \u00a07.30\u00a0\u00a0 W int. Parafii<\/p>\n\n\n\n<p><strong>\u015ar. 12. IV\u00a0 \u00a0<\/strong><br>g. 17.30 \u00a0+ Wanda Bielecka\u00a0 \/5\/ \u00a0\u00a0<br>g. 18.00\u00a0 + Zofi\u0119 Dawid w rocz. \u015bm.; Antoniego, J\u00f3zefa i Stanis\u0142awa Dawid; J\u00f3zefa Czarneckiego<br><strong>Czw. 13. IV\u00a0 \u00a0<\/strong>g.\u00a0\u00a0 7.00\u00a0 + Mari\u0119 Ryszawy\u00a0\u00a0\u00a0\u00a0\u00a0\u00a0\u00a0\u00a0\u00a0\u00a0\u00a0\u00a0\u00a0\u00a0\u00a0\u00a0\u00a0\u00a0\u00a0\u00a0\u00a0\u00a0\u00a0\u00a0\u00a0\u00a0 <br><strong>Pt.\u00a0 14. IV\u00a0 \u00a0<\/strong><br>g.17.30\u00a0 + Ma\u0142gorzat\u0119 Osiecko<br>g. 18.00 \u00a0+ El\u017cbiet\u0119 Powier\u017ca\u00a0 \/5\/<br><strong>Sob. . 15 IV <\/strong>\u00a0\u00a0g.\u00a0 17.30. + Barbar\u0119 Koz\u0142owsk\u0105<br>g. \u00a018.00\u00a0 + Boles\u0142awa Czerwi\u0144skiego w 29 rocz. \u015bm.<br><strong>Nd.\u00a0 16. IV. 2023\u00a0\u00a0\u00a0 II\u00a0 NIEDZIELA WIELKANOCNA<\/strong>  <strong>MI\u0141OSIERDZIA\u00a0 BO\u017bEGO<\/strong><br>g.\u00a0\u00a0 9.00\u00a0 + Kazimierza \u0141azickiego, Wies\u0142aw\u0119 Ga\u0142eck\u0105; dziadk\u00f3w \u0141azickich i Jeznackich<br>g. 11.00\u00a0 + Czes\u0142aw\u0119 i Czes\u0142awa w 1 rocz. \u015bm. Szpadkiewicz<br>g. 12.00\u00a0 + Jadwig\u0119 Klinowsk\u0105<\/p>\n","protected":false},"excerpt":{"rendered":"<p>Jutro II dzie\u0144 \u015awi\u0105t Wielkanocnych i czwarty dzie\u0144 Nowenny do Mi\u0142osierdzia Bo\u017cego. Msze \u015bw. w\/g porz\u0105dku niedzielnego o godz. 9.00 i 11.00. Taca na budow\u0119 nowych \u015bwi\u0105ty\u0144 w naszej Diecezji. Pragn\u0119 serdecznie podzi\u0119kowa\u0107 wszystkim, kt\u00f3rzy po\u015bwi\u0119cili sw\u00f3j czas, prac\u0119 i \u015brodki,\u00a0 by\u00a0 pom\u00f3c ca\u0142ej naszej wsp\u00f3lnocie w prze\u017cywaniu Wielkiego Tygodnia [&hellip;]<\/p>\n","protected":false},"author":2,"featured_media":0,"comment_status":"closed","ping_status":"closed","sticky":false,"template":"","format":"standard","meta":[],"categories":[2],"tags":[],"_links":{"self":[{"href":"http:\/\/www.parafiakuligow.pl\/index.php\/wp-json\/wp\/v2\/posts\/2289"}],"collection":[{"href":"http:\/\/www.parafiakuligow.pl\/index.php\/wp-json\/wp\/v2\/posts"}],"about":[{"href":"http:\/\/www.parafiakuligow.pl\/index.php\/wp-json\/wp\/v2\/types\/post"}],"author":[{"embeddable":true,"href":"http:\/\/www.parafiakuligow.pl\/index.php\/wp-json\/wp\/v2\/users\/2"}],"replies":[{"embeddable":true,"href":"http:\/\/www.parafiakuligow.pl\/index.php\/wp-json\/wp\/v2\/comments?post=2289"}],"version-history":[{"count":3,"href":"http:\/\/www.parafiakuligow.pl\/index.php\/wp-json\/wp\/v2\/posts\/2289\/revisions"}],"predecessor-version":[{"id":2293,"href":"http:\/\/www.parafiakuligow.pl\/index.php\/wp-json\/wp\/v2\/posts\/2289\/revisions\/2293"}],"wp:attachment":[{"href":"http:\/\/www.parafiakuligow.pl\/index.php\/wp-json\/wp\/v2\/media?parent=2289"}],"wp:term":[{"taxonomy":"category","embeddable":true,"href":"http:\/\/www.parafiakuligow.pl\/index.php\/wp-json\/wp\/v2\/categories?post=2289"},{"taxonomy":"post_tag","embeddable":true,"href":"http:\/\/www.parafiakuligow.pl\/index.php\/wp-json\/wp\/v2\/tags?post=2289"}],"curies":[{"name":"wp","href":"https:\/\/api.w.org\/{rel}","templated":true}]}}