{"id":2278,"date":"2023-03-26T14:24:02","date_gmt":"2023-03-26T12:24:02","guid":{"rendered":"https:\/\/www.parafiakuligow.pl\/?p=2278"},"modified":"2023-04-02T20:45:44","modified_gmt":"2023-04-02T18:45:44","slug":"6-marzec-2023-v-niedziela-wielkiego-postu","status":"publish","type":"post","link":"http:\/\/www.parafiakuligow.pl\/index.php\/2023\/03\/26\/6-marzec-2023-v-niedziela-wielkiego-postu\/","title":{"rendered":"26 Marzec 2023 &#8211; V NIEDZIELA\u00a0 WIELKIEGO\u00a0 POSTU"},"content":{"rendered":"\n<p><\/p>\n\n\n\n<ol type=\"1\"><li>Dzi\u0119kujemy za \u015bwiadectwo wiary tym, kt\u00f3rzy uczestniczyli w parafialnych rekolekcjach wielkopostnych i przyst\u0105pili do spowiedzi \u015bwi\u0119tej. Wszystkich, kt\u00f3rzy uczestniczy\u0107 w rekolekcjach nie mogli, zach\u0119camy do przyj\u0119cia sakramentu pokuty przed \u015bwi\u0119tami Zmartwychwstania Pa\u0144skiego.<\/li><li>Dzi\u015b po Mszy \u015bw. o godz. 11.00 spotkanie kandydat\u00f3w przygotowuj\u0105cych si\u0119 do przyj\u0119cia sakramentu bierzmowania.<\/li><li>W ubieg\u0142\u0105 niedziel\u0119&nbsp; na wsparcie materialne dla cierpi\u0105cych z powodu wojny w Ukrainie zebrali\u015bmy 540 z\u0142otych.<\/li><li>W dzisiejsz\u0105 i w nast\u0119pn\u0105 niedziel\u0119 2 kwietnia po Mszach \u015bw. przy wyj\u015bciu z&nbsp;ko\u015bcio\u0142a, b\u0119d\u0105 zbierane ofiary na kwiaty do Ciemnicy i Grobu Pana Jezusa. Mo\u017cna te\u017c je z\u0142o\u017cy\u0107 osobi\u015bcie do&nbsp; ksi\u0119dza. Za ofiary sk\u0142adane na ten cel serdeczne B\u00f3g zap\u0142a\u0107.<\/li><li>Zapraszamy do udzia\u0142u w wielkopostnych nabo\u017ce\u0144stwach ku czci M\u0119ki Pa\u0144skiej. Droga Krzy\u017cowa w pi\u0105tek o godz. 17.30. Gorzkie \u017bale w niedziele po Mszy \u015bw. o godz. 11.00.<\/li><li>W tym tygodniu przypada pierwsza sobota miesi\u0105ca. Msza \u015bwi\u0119ta o Niepokalanym Pocz\u0119ciu NM Panny&nbsp; o godz.18.00. Przed Msz\u0105 \u015bw. o godz. 17.30 nabo\u017ce\u0144stwo r\u00f3\u017ca\u0144cowe przed Naj\u015bwi\u0119tszym Sakramentem.<\/li><li>Przysz\u0142\u0105 niedziel\u0105 2 kwietnia rozpoczynamy Wielki Tydzie\u0144, jest to za razem I niedziela miesi\u0105ca. Po Mszy \u015bw. nabo\u017ce\u0144stwo &#8211; Gorzkie \u017bale.<\/li><li>Ze wzgl\u0119du na spowied\u017a w Radzyminie w poniedzia\u0142ek  zmiana godziny Mszy \u015bw. Zamiast Mszy wieczornej w poniedzia\u0142ek b\u0119dzie Msza o godz. 7.00 rano.<\/li><li>Wszystkim parafianom i go\u015bciom &nbsp;\u017cyczymy duchowego prze\u017cycia&nbsp; V niedzieli Wielkiego Postu i spokojnego, b\u0142ogos\u0142awionego tygodnia.<\/li><li>&nbsp;Zach\u0119camy do czytania prasy katolickiej.<\/li><\/ol>\n\n\n\n<p class=\"has-text-align-center\"><strong>Intencje Mszalne<\/strong><\/p>\n\n\n\n<p class=\"has-text-align-center\"><strong>&nbsp;26 Marzec \u2013 02 Kwiecie\u0144 2023r.<\/strong><\/p>\n\n\n\n<p><strong>Nd. 26 III. 2023&nbsp;&nbsp; V NIEDZIELA&nbsp; WIELKIEGO&nbsp; POSTU<\/strong><br>g.&nbsp;&nbsp;&nbsp; 9.00&nbsp;&nbsp; + Tadeusza Kryszkiewicza w 3 rocz. \u015am.<br>g.&nbsp; 11.00&nbsp;&nbsp; + Genowef\u0119 Jusi\u0144sk\u0105 w 1 rocz. \u015bm.; J\u00f3zefa Jusi\u0144skiego; Ew\u0119 Diakowsk\u0105, Leszka Klimkiewicz<br><strong>GORZKIE \u017bALE<\/strong><br><strong>Pn. 27. III <\/strong>&nbsp;&nbsp;<br>g.&nbsp; 7.00&nbsp; Dzi\u0119k.- b\u0142ag. w int. ks. Marcina<strong>&nbsp;&nbsp;&nbsp;&nbsp;&nbsp;&nbsp;&nbsp;&nbsp;&nbsp;&nbsp;&nbsp;&nbsp;&nbsp;&nbsp;&nbsp;&nbsp;&nbsp;&nbsp;&nbsp;&nbsp;&nbsp;&nbsp;&nbsp;&nbsp; &nbsp;<\/strong><br>g.&nbsp; 7.30&nbsp; + El\u017cbiet\u0119 Powier\u017ca&nbsp; \/1\/<br><strong>Wt. 28. III&nbsp; &nbsp;<\/strong><br>g. &nbsp;7.00&nbsp;&nbsp; Dzi\u0119k.- b\u0142ag. w int. ks. Marcina<br>g. &nbsp;7.30&nbsp;&nbsp; W int. Parafii<br><strong>\u015ar. 29. III&nbsp; &nbsp;<\/strong><br>g. 17.30 &nbsp;+ Wanda Bielecka&nbsp; \/1\/ &nbsp;&nbsp;<br>g. 18.00&nbsp; Dzi\u0119k.- b\u0142ag. w int. ks. Marcina<br><strong>Czw. 30. III&nbsp;&nbsp; &nbsp;<\/strong><br>g.&nbsp;&nbsp; 7.00&nbsp; Dzi\u0119k.- b\u0142ag. w int. ks. Marcina<br><strong>Pt.&nbsp; 31. III&nbsp;&nbsp; <\/strong><br>g. 17.30<strong>&nbsp; DROGA KRZY\u017bOWA<\/strong><br>g. 18.00&nbsp; + El\u017cbiet\u0119 Powier\u017ca. Int. od R\u00f3\u017cy R\u00f3\u017ca\u0144cowej \u015bw. Jana Paw\u0142a II<strong>&nbsp;&nbsp;&nbsp; <\/strong><br><strong>Sob. 01. IV <\/strong>&nbsp;&nbsp;<br>g. 17.30 &nbsp;&nbsp;+ Wand\u0119 Bieleck\u0105&nbsp; \/2\/<br>g. 18.00&nbsp; &nbsp;O Bo\u017ce b\u0142og. i \u0142aski, opiek\u0119 Matki Bo\u017cej dla cz\u0142onki\u0144 K\u017b R\u00f3\u017ca\u0144ca&nbsp;Matki Bo\u017cej Bolesnej&nbsp;<br><strong>Nd. 02 IV. 2023&nbsp;&nbsp; NIEDZIELA&nbsp; PALMOWA<\/strong><br>g.&nbsp;&nbsp;&nbsp; 9.00&nbsp;&nbsp; + Mariann\u0119 Jaworsk\u0105<br>g.&nbsp; 11.00&nbsp;&nbsp; + Leonarda Sumi\u0142a<br><strong>GORZKIE \u017bALE<\/strong><br>g.&nbsp; 12.00&nbsp; + El\u017cbiet\u0119 Powier\u017ca&nbsp; \/2\/<\/p>\n","protected":false},"excerpt":{"rendered":"<p>Dzi\u0119kujemy za \u015bwiadectwo wiary tym, kt\u00f3rzy uczestniczyli w parafialnych rekolekcjach wielkopostnych i przyst\u0105pili do spowiedzi \u015bwi\u0119tej. Wszystkich, kt\u00f3rzy uczestniczy\u0107 w rekolekcjach nie mogli, zach\u0119camy do przyj\u0119cia sakramentu pokuty przed \u015bwi\u0119tami Zmartwychwstania Pa\u0144skiego. Dzi\u015b po Mszy \u015bw. o godz. 11.00 spotkanie kandydat\u00f3w przygotowuj\u0105cych si\u0119 do przyj\u0119cia sakramentu bierzmowania. W ubieg\u0142\u0105 niedziel\u0119&nbsp; [&hellip;]<\/p>\n","protected":false},"author":2,"featured_media":0,"comment_status":"closed","ping_status":"closed","sticky":false,"template":"","format":"standard","meta":[],"categories":[2],"tags":[],"_links":{"self":[{"href":"http:\/\/www.parafiakuligow.pl\/index.php\/wp-json\/wp\/v2\/posts\/2278"}],"collection":[{"href":"http:\/\/www.parafiakuligow.pl\/index.php\/wp-json\/wp\/v2\/posts"}],"about":[{"href":"http:\/\/www.parafiakuligow.pl\/index.php\/wp-json\/wp\/v2\/types\/post"}],"author":[{"embeddable":true,"href":"http:\/\/www.parafiakuligow.pl\/index.php\/wp-json\/wp\/v2\/users\/2"}],"replies":[{"embeddable":true,"href":"http:\/\/www.parafiakuligow.pl\/index.php\/wp-json\/wp\/v2\/comments?post=2278"}],"version-history":[{"count":2,"href":"http:\/\/www.parafiakuligow.pl\/index.php\/wp-json\/wp\/v2\/posts\/2278\/revisions"}],"predecessor-version":[{"id":2282,"href":"http:\/\/www.parafiakuligow.pl\/index.php\/wp-json\/wp\/v2\/posts\/2278\/revisions\/2282"}],"wp:attachment":[{"href":"http:\/\/www.parafiakuligow.pl\/index.php\/wp-json\/wp\/v2\/media?parent=2278"}],"wp:term":[{"taxonomy":"category","embeddable":true,"href":"http:\/\/www.parafiakuligow.pl\/index.php\/wp-json\/wp\/v2\/categories?post=2278"},{"taxonomy":"post_tag","embeddable":true,"href":"http:\/\/www.parafiakuligow.pl\/index.php\/wp-json\/wp\/v2\/tags?post=2278"}],"curies":[{"name":"wp","href":"https:\/\/api.w.org\/{rel}","templated":true}]}}