{"id":2273,"date":"2023-03-19T11:02:19","date_gmt":"2023-03-19T10:02:19","guid":{"rendered":"https:\/\/www.parafiakuligow.pl\/?p=2273"},"modified":"2023-03-19T13:20:59","modified_gmt":"2023-03-19T12:20:59","slug":"19-marzec-2023-iv-niedziela-wielkiego-postu","status":"publish","type":"post","link":"http:\/\/www.parafiakuligow.pl\/index.php\/2023\/03\/19\/19-marzec-2023-iv-niedziela-wielkiego-postu\/","title":{"rendered":"19 Marzec 2023 &#8211; IV\u00a0NIEDZIELA WIELKIEGO\u00a0POSTU"},"content":{"rendered":"\n<ol type=\"1\"><li>W poniedzia\u0142ek 20 marca przypada Uroczysto\u015b\u0107 \u015bw. J\u00f3zefa Oblubie\u0144ca NM Panny. Tego dnia rozpoczynamy Tydzie\u0144 Modlitw o Ochron\u0119 \u017bycia, kt\u00f3ry zako\u0144czymy w Dzie\u0144 \u015awi\u0119to\u015bci \u017bycia 25 marca. Przez zanoszon\u0105 do Boga modlitw\u0119 w intencji \u017cycia i rodziny pragniemy podkre\u015bli\u0107 jej fundamentaln\u0105 warto\u015b\u0107 dla ka\u017cdego z nas. Wszystkim solenizantom i solenizantkom sk\u0142adamy \u017cyczenia Bo\u017cego\u00a0 B\u0142ogos\u0142awie\u0144stwa i opieki patrona. Przed Msz\u0105 \u015bw. nabo\u017ce\u0144stwo do Bo\u017cego Mi\u0142osierdzia.<\/li><li>W zwi\u0105zku z pierwsz\u0105\u00a0 rocznic\u0105\u00a0 wojny w Ukrainie dzi\u015b po ka\u017cdej Mszy \u015bw. zbi\u00f3rka do puszek na wsparcie materialne dla cierpi\u0105cych z powodu wojny.<\/li><li>Zapraszamy do udzia\u0142u w wielkopostnych nabo\u017ce\u0144stwach ku czci M\u0119ki Pa\u0144skiej. Droga Krzy\u017cowa w pi\u0105tki o godz. 17.30. Gorzkie \u017bale w niedziele po Mszy \u015bw. o godz. 11.00.<\/li><li>W sobot\u0119\u00a0 25 marca przypada Uroczysto\u015b\u0107 Zwiastowania Pa\u0144skiego i 31 rocznica powstania Diecezji Warszawsko-Praskiej. Podczas Mszy \u015bw. o godz.18.00 ponowimy Akt zawierzenia Diecezji Mi\u0142osierdziu Bo\u017cemu.<\/li><li>Zbi\u00f3rka na kwiaty do grobu Pana Jezusa w najbli\u017csz\u0105 niedziel\u0119 26 marca i za dwa tygodnie\u00a02 kwietnia po Mszach \u015bwi\u0119tych przy wyj\u015bciu z ko\u015bcio\u0142a. Je\u015bli komu\u015b b\u0119dzie wygodniej mo\u017cna te\u017c z\u0142o\u017cy\u0107 ofiar\u0119 osobi\u015bcie do ksi\u0119dza. B\u00f3g zap\u0142a\u0107 za wszystkie z\u0142o\u017cone ofiary.<\/li><li>Spotkanie kandydat\u00f3w przygotowuj\u0105cych si\u0119 do przyj\u0119cia sakramentu bierzmowania w przysz\u0142\u0105 niedziel\u0119 26 marca po Mszy \u015bw. o godz. 11.00. Obecno\u015b\u0107 obowi\u0105zkowa.<\/li><li>Wszystkim parafianom i go\u015bciom \u00a0\u017cyczymy dobrego duchowego prze\u017cycia\u00a0 IV niedzieli Wielkiego Postu i spokojnego, b\u0142ogos\u0142awionego tygodnia.<\/li><li>Zach\u0119camy do czytania prasy katolickiej.<\/li><\/ol>\n\n\n\n<p class=\"has-text-align-center\"><strong>Intencje Mszalne<\/strong><\/p>\n\n\n\n<p class=\"has-text-align-center\"><strong>&nbsp;19 \u2013 26 Marzec 2023r.<\/strong><\/p>\n\n\n\n<p><strong>Nd. 19 III. 2023&nbsp;&nbsp; IV NIEDZIELA&nbsp; WIELKIEGO&nbsp; POSTU<\/strong><br>g.&nbsp;&nbsp;&nbsp; 9.00&nbsp;&nbsp; + Feliksa Krzeszowskiego<br>g.&nbsp; 11.00&nbsp;&nbsp; + Iren\u0119 i Wincentego w 2 rocz. \u015bm.&nbsp;<br><strong>GORZKIE \u017bALE<\/strong><br>g.&nbsp; 12.00&nbsp;&nbsp; + Rafa\u0142a M\u0142oduchowskiego&nbsp;&nbsp; Gr. 28<strong>&nbsp;&nbsp; <\/strong>&nbsp;&nbsp;<br><strong>Pn. 20. III <\/strong>&nbsp;&nbsp;<br>g. 17.30&nbsp;&nbsp; + Rafa\u0142a Ga\u0142eckiego&nbsp; \/13\/<br>g. 18.00&nbsp; + Rafa\u0142a M\u0142oduchowskiego&nbsp;&nbsp; Gr. 29<br><strong>Wt. 21. III&nbsp; &nbsp;<\/strong><br>g. 7.00&nbsp;&nbsp; + Rafa\u0142a M\u0142oduchowskiego&nbsp;&nbsp;&nbsp; Gr. 30<br>g. 7.30&nbsp;&nbsp; W int. Parafii<br><strong>\u015ar. 22. III&nbsp; &nbsp;<\/strong>g. 18:00&nbsp; + Rafa\u0142a Ga\u0142eckiego&nbsp; \/14\/<br><strong>Czw. 23. III&nbsp;&nbsp; <\/strong>g.&nbsp;&nbsp; 7.00&nbsp; Dzi\u0119k.- b\u0142ag. w int. ks. Marcina<br><strong>Pt.&nbsp; 24. III&nbsp;&nbsp; <\/strong><br>g. 17.30<strong>&nbsp; DROGA KRZY\u017bOWA<\/strong><br>g. 18.00&nbsp; + Zm. Z rodz. Szymul\u00f3w i Szczepankowskich<strong>&nbsp;&nbsp;&nbsp; <\/strong><br><strong>Sob. 25. III <\/strong>&nbsp;&nbsp;g. 18.00 Int. Zam.<br><strong>Nd. 26 III. 2023&nbsp;&nbsp; V NIEDZIELA&nbsp; WIELKIEGO&nbsp; POSTU<\/strong><br>g.&nbsp;&nbsp;&nbsp; 9.00&nbsp;&nbsp; + Tadeusza Kryszkiewicza w 3 rocz. \u015am.&nbsp;&nbsp;&nbsp;&nbsp;&nbsp;&nbsp;&nbsp;&nbsp;&nbsp; <br>g.&nbsp; 11.00&nbsp;&nbsp; + Genowef\u0119 Jusi\u0144sk\u0105 w 1 rocz. \u015bm.; J\u00f3zefa Jusi\u0144skiego; Ew\u0119 Diakowsk\u0105; Leszka Klimkiewicz<br><strong>GORZKIE \u017bALE<\/strong><\/p>\n","protected":false},"excerpt":{"rendered":"<p>W poniedzia\u0142ek 20 marca przypada Uroczysto\u015b\u0107 \u015bw. J\u00f3zefa Oblubie\u0144ca NM Panny. Tego dnia rozpoczynamy Tydzie\u0144 Modlitw o Ochron\u0119 \u017bycia, kt\u00f3ry zako\u0144czymy w Dzie\u0144 \u015awi\u0119to\u015bci \u017bycia 25 marca. Przez zanoszon\u0105 do Boga modlitw\u0119 w intencji \u017cycia i rodziny pragniemy podkre\u015bli\u0107 jej fundamentaln\u0105 warto\u015b\u0107 dla ka\u017cdego z nas. Wszystkim solenizantom i solenizantkom [&hellip;]<\/p>\n","protected":false},"author":2,"featured_media":0,"comment_status":"closed","ping_status":"closed","sticky":false,"template":"","format":"standard","meta":[],"categories":[2],"tags":[],"_links":{"self":[{"href":"http:\/\/www.parafiakuligow.pl\/index.php\/wp-json\/wp\/v2\/posts\/2273"}],"collection":[{"href":"http:\/\/www.parafiakuligow.pl\/index.php\/wp-json\/wp\/v2\/posts"}],"about":[{"href":"http:\/\/www.parafiakuligow.pl\/index.php\/wp-json\/wp\/v2\/types\/post"}],"author":[{"embeddable":true,"href":"http:\/\/www.parafiakuligow.pl\/index.php\/wp-json\/wp\/v2\/users\/2"}],"replies":[{"embeddable":true,"href":"http:\/\/www.parafiakuligow.pl\/index.php\/wp-json\/wp\/v2\/comments?post=2273"}],"version-history":[{"count":2,"href":"http:\/\/www.parafiakuligow.pl\/index.php\/wp-json\/wp\/v2\/posts\/2273\/revisions"}],"predecessor-version":[{"id":2276,"href":"http:\/\/www.parafiakuligow.pl\/index.php\/wp-json\/wp\/v2\/posts\/2273\/revisions\/2276"}],"wp:attachment":[{"href":"http:\/\/www.parafiakuligow.pl\/index.php\/wp-json\/wp\/v2\/media?parent=2273"}],"wp:term":[{"taxonomy":"category","embeddable":true,"href":"http:\/\/www.parafiakuligow.pl\/index.php\/wp-json\/wp\/v2\/categories?post=2273"},{"taxonomy":"post_tag","embeddable":true,"href":"http:\/\/www.parafiakuligow.pl\/index.php\/wp-json\/wp\/v2\/tags?post=2273"}],"curies":[{"name":"wp","href":"https:\/\/api.w.org\/{rel}","templated":true}]}}