{"id":2254,"date":"2023-02-19T09:18:00","date_gmt":"2023-02-19T08:18:00","guid":{"rendered":"https:\/\/www.parafiakuligow.pl\/?p=2254"},"modified":"2023-02-23T09:24:06","modified_gmt":"2023-02-23T08:24:06","slug":"19-luty-2023-vii-niedziela-zwykla","status":"publish","type":"post","link":"http:\/\/www.parafiakuligow.pl\/index.php\/2023\/02\/19\/19-luty-2023-vii-niedziela-zwykla\/","title":{"rendered":"19 Luty 2023 &#8211; VII \u00a0NIEDZIELA\u00a0 ZWYK\u0141A"},"content":{"rendered":"\n<ol type=\"1\"><li>Na pomoc materialn\u0105 dla mieszka\u0144c\u00f3w Turcji i Syrii poszkodowanych w wyniku tragicznego trz\u0119sienia ziemi zebrali\u015bmy w minion\u0105 niedziel\u0119 1050 z\u0142otych. Wszystkim ofiarodawcom serdeczne B\u00f3g zap\u0142a\u0107.<\/li><li>W \u015arod\u0119 Popielcow\u0105\u00a0 22 lutego rozpoczynamy liturgiczny okres Wielkiego Postu, czas duchowej odnowy oraz przygotowania do obchodu Paschy i \u015awi\u0105t Wielkanocnych. Msza \u015bw. w naszym ko\u015bciele o godz.18.00. Zapraszamy do udzia\u0142u w nabo\u017ce\u0144stwach ku czci M\u0119ki Pa\u0144skiej. Udziela si\u0119 odpustu zupe\u0142nego wiernym, kt\u00f3rzy raz w tygodniu pod zwyk\u0142ymi warunkami wezm\u0105 pobo\u017cny udzia\u0142 w nabo\u017ce\u0144stwie Gorzkich \u017bali, je\u015bli wierny doda Ojcze nasz i Zdrowa\u015b Maryjo w intencji Ojca \u015awi\u0119tego.<br><br><strong>Droga Krzy\u017cowa<\/strong> <strong>w<\/strong> <strong>pi\u0105tki o godz. 17.30<\/strong><br><strong>Gorzkie \u017bale<\/strong> <strong>w<\/strong> <strong>niedziel\u0119 po Mszy \u015bw. o godz. 11.00<\/strong>.<br>Nabo\u017ce\u0144stwo to b\u0119dziemy odprawia\u0107 we wszystkie niedziele Wielkiego Postu.<br><br><strong>Przypominamy przepisy postne.<\/strong><br>&#8211; Wstrzemi\u0119\u017aliwo\u015b\u0107 od pokarm\u00f3w mi\u0119snych obowi\u0105zuje wszystkich, kt\u00f3rzy uko\u0144czyli 14 rok \u017cycia we wszystkie pi\u0105tki roku i \u015arod\u0119 popielcow\u0105.<br>&#8211; Post \u015bcis\u0142y czyli ilo\u015bciowy obowi\u0105zuje w \u015arod\u0119 popielcow\u0105 i w Wielki Pi\u0105tek wszystkich, pomi\u0119dzy 18 a 60 rokiem \u017cycia.<br>Przepisy postne nie obowi\u0105zuj\u0105 ludzi chorych. Uzasadniona niemo\u017cliwo\u015b\u0107 ich zachowania np. korzystanie z formy zbiorowego \u017cywienia wymaga od chrze\u015bcijanina\u00a0podj\u0119cia innych form pokuty.<\/li><li>Serdecznie zapraszamy na uroczyste otwarcie wyremontowanej Katedry warszawsko-praskiej i wernisa\u017c 10 nowych obraz\u00f3w Jezusa Mi\u0142osiernego namalowanych przez znakomitych malarzy wsp\u00f3\u0142czesnych \u2013 poniedzia\u0142ek 27 lutego, godz. 18.00 katedra warszawsko-praska, ul. Floria\u0144ska 2. Na wystawie b\u0119dzie mo\u017cna zobaczy\u0107 wsp\u00f3\u0142czesne obrazy wykonane wed\u0142ug wizji zawartych w \u201eDzienniczku\u201d \u015bw. Faustyny Kowalskiej. Wst\u0119p wolny.<\/li><li>Dzi\u015b po ka\u017cdej Mszy \u015bw. zbi\u00f3rka do puszek na leczenie i rehabilitacje chorych obj\u0119tych opiek\u0105 \u201e Caritas\u201d naszej Diecezji.<\/li><li>Wszystkim parafianom i go\u015bciom \u017cyczymy b\u0142ogos\u0142awionej niedzieli i duchowego prze\u017cywania czasu Wielkiego Postu , kt\u00f3ry przygotowuje do obchodu Paschy i \u015awi\u0105t\u00a0Wielkanocnych.<\/li><li>Zach\u0119camy do czytania prasy katolickiej.<\/li><\/ol>\n\n\n\n<p class=\"has-text-align-center\"><strong>Intencje Mszalne<\/strong><\/p>\n\n\n\n<p class=\"has-text-align-center\"><strong>&nbsp;19 \u2013 26 &nbsp;Luty 2023r.<\/strong><\/p>\n\n\n\n<p><strong>Nd. 19 II. 2023\u00a0\u00a0 VII\u00a0 NIEDZIELA ZWYK\u0141A<\/strong>\u00a0\u00a0\u00a0\u00a0\u00a0\u00a0\u00a0\u00a0 <br>g.\u00a0\u00a0\u00a0 9.00\u00a0\u00a0 + Jol\u0119 i Hieronima Ga\u0142eckich; Helen\u0119 i W\u0142adys\u0142awa Klimkiewicz<br>g.\u00a0 11.00\u00a0\u00a0 Int. zam.<br>g.\u00a0 12.00\u00a0\u00a0 + Rafa\u0142a Ga\u0142eckiego \/4\/<br><strong>Pn. 20. II <\/strong>\u00a0\u00a0\u00a0g. 18.00\u00a0 \u00a0+ Rafa\u0142a M\u0142oduchowskiego\u00a0\u00a0 Gr. 1<br><strong>Wt. 21. II\u00a0\u00a0 \u00a0<\/strong>g.\u00a0 7.00\u00a0 \u00a0+ Rafa\u0142a M\u0142oduchowskiego\u00a0\u00a0 Gr. 2<br><strong>\u015ar. 22. II\u00a0\u00a0 \u015aRODA POPIELCOWA<\/strong><br>g. 18.00\u00a0 + Rafa\u0142a M\u0142oduchowskiego\u00a0\u00a0 Gr. 3<br><strong>Czw. 23. II\u00a0 \u00a0\u00a0<\/strong>g. \u00a07.00 \u00a0+ Rafa\u0142a M\u0142oduchowskiego\u00a0\u00a0 Gr. 4<br><strong>Pt.\u00a0 24. II\u00a0 \u00a0<\/strong><br>g. 17.30<strong> \u00a0DROGA KRZY\u017bOWA<\/strong><br>g. 18.00 \u00a0+ Rafa\u0142a M\u0142oduchowskiego\u00a0\u00a0 Gr. 5<br><strong>Sob. 25. II <\/strong>\u00a0\u00a0g. 18.00\u00a0 + Rafa\u0142a M\u0142oduchowskiego\u00a0\u00a0 Gr. 6<br><strong>Nd. 26 II. 2023\u00a0\u00a0 I\u00a0NIEDZIELA\u00a0WIELKIEGO\u00a0POSTU<\/strong><br>g.\u00a0\u00a0\u00a0 9.00\u00a0\u00a0 + Edwarda i Mari\u0119 Dobek<br>g.\u00a0 11.00\u00a0\u00a0 + Urszul\u0119 Getka w 2 rocz. \u015bm.<br><strong>GORZKIE \u017bALE<\/strong>\u00a0\u00a0\u00a0\u00a0\u00a0\u00a0\u00a0\u00a0\u00a0 <br>g.\u00a0 12.30\u00a0 + Rafa\u0142a M\u0142oduchowskiego\u00a0\u00a0 Gr. 7<\/p>\n","protected":false},"excerpt":{"rendered":"<p>Na pomoc materialn\u0105 dla mieszka\u0144c\u00f3w Turcji i Syrii poszkodowanych w wyniku tragicznego trz\u0119sienia ziemi zebrali\u015bmy w minion\u0105 niedziel\u0119 1050 z\u0142otych. Wszystkim ofiarodawcom serdeczne B\u00f3g zap\u0142a\u0107. W \u015arod\u0119 Popielcow\u0105\u00a0 22 lutego rozpoczynamy liturgiczny okres Wielkiego Postu, czas duchowej odnowy oraz przygotowania do obchodu Paschy i \u015awi\u0105t Wielkanocnych. Msza \u015bw. w naszym [&hellip;]<\/p>\n","protected":false},"author":2,"featured_media":0,"comment_status":"closed","ping_status":"closed","sticky":false,"template":"","format":"standard","meta":[],"categories":[2],"tags":[],"_links":{"self":[{"href":"http:\/\/www.parafiakuligow.pl\/index.php\/wp-json\/wp\/v2\/posts\/2254"}],"collection":[{"href":"http:\/\/www.parafiakuligow.pl\/index.php\/wp-json\/wp\/v2\/posts"}],"about":[{"href":"http:\/\/www.parafiakuligow.pl\/index.php\/wp-json\/wp\/v2\/types\/post"}],"author":[{"embeddable":true,"href":"http:\/\/www.parafiakuligow.pl\/index.php\/wp-json\/wp\/v2\/users\/2"}],"replies":[{"embeddable":true,"href":"http:\/\/www.parafiakuligow.pl\/index.php\/wp-json\/wp\/v2\/comments?post=2254"}],"version-history":[{"count":3,"href":"http:\/\/www.parafiakuligow.pl\/index.php\/wp-json\/wp\/v2\/posts\/2254\/revisions"}],"predecessor-version":[{"id":2259,"href":"http:\/\/www.parafiakuligow.pl\/index.php\/wp-json\/wp\/v2\/posts\/2254\/revisions\/2259"}],"wp:attachment":[{"href":"http:\/\/www.parafiakuligow.pl\/index.php\/wp-json\/wp\/v2\/media?parent=2254"}],"wp:term":[{"taxonomy":"category","embeddable":true,"href":"http:\/\/www.parafiakuligow.pl\/index.php\/wp-json\/wp\/v2\/categories?post=2254"},{"taxonomy":"post_tag","embeddable":true,"href":"http:\/\/www.parafiakuligow.pl\/index.php\/wp-json\/wp\/v2\/tags?post=2254"}],"curies":[{"name":"wp","href":"https:\/\/api.w.org\/{rel}","templated":true}]}}