{"id":2233,"date":"2023-01-22T15:16:00","date_gmt":"2023-01-22T14:16:00","guid":{"rendered":"https:\/\/www.parafiakuligow.pl\/?p=2233"},"modified":"2023-01-23T15:22:58","modified_gmt":"2023-01-23T14:22:58","slug":"22-styczen-2023-iii-niedziela-zwykla-niedziela-slowa-bozego","status":"publish","type":"post","link":"http:\/\/www.parafiakuligow.pl\/index.php\/2023\/01\/22\/22-styczen-2023-iii-niedziela-zwykla-niedziela-slowa-bozego\/","title":{"rendered":"22 Stycze\u0144 2023 &#8211; III NIEDZIELA ZWYK\u0141A NIEDZIELA S\u0141OWA BO\u017bEGO"},"content":{"rendered":"\n<ol type=\"1\"><li>Dzi\u015b po Mszy \u015bw. o godz.11.00 nabo\u017ce\u0144stwo do Bo\u017cego Mi\u0142osierdzia. \u00a0<\/li><li>Dzisiejsza niedziela, trzecia okresu zwyk\u0142ego, obchodzona jest w Ko\u015bciele jako Niedziela S\u0142owa Bo\u017cego. Papie\u017c Franciszek w Li\u015bcie Apostolskim\u00a0<em>Aperuit illis <\/em>z 2019 roku ustanowi\u0142\u00a0 III Niedziel\u0119 Zwyk\u0142\u0105 w ci\u0105gu roku jako po\u015bwi\u0119con\u0105 \u00a0celebracji, refleksji oraz krzewieniu S\u0142owa Bo\u017cego. Niech ten dzie\u0144 b\u0119dzie zach\u0119t\u0105 do ci\u0105g\u0142ego odkrywania i pog\u0142\u0119biania znaczenia S\u0142owa Bo\u017cego w \u017cyciu Ko\u015bcio\u0142a i w osobistym \u017cyciu ka\u017cdego z nas.<\/li><li>W tym tygodniu patronuj\u0105 nam:<br>&#8211; 24 stycznia \u015bw. Franciszek Salezy, biskup i doktor Ko\u015bcio\u0142a<br>&#8211; 25 stycznia przypada \u015bwi\u0119to Nawr\u00f3cenia \u015bw. Paw\u0142a, Aposto\u0142a<br>&#8211; 26 stycznia \u015bw. Tymoteusz i Tytus biskupi<br>&#8211; 28 Stycznia \u015bw. Tomasz z Akwinu, prezbiter i doktor Ko\u015bcio\u0142a<\/li><li>Dzi\u0119kuj\u0119 rodzinom za \u015brodki przekazane na sprz\u0105tanie i kwiaty do ko\u015bcio\u0142a za ubieg\u0142y i wp\u0142acane na obecny 2023 rok.<\/li><li>W \u015brod\u0119 25 stycznia, wyj\u0105tkowo Msza \u015bw. po\u0142\u0105czona z nowenn\u0105 do Matki Bo\u017cej Nieustaj\u0105cej Pomocy o godz.15.30.<\/li><li>Wszystkim parafianom i go\u015bciom \u017cyczymy du\u017co zdrowia, b\u0142ogos\u0142awionej niedzieli i dobrego tygodnia.<\/li><li>Zach\u0119camy do czytania prasy katolickiej.<\/li><\/ol>\n\n\n\n<p class=\"has-text-align-center\"><strong>Intencje Mszalne<\/strong><\/p>\n\n\n\n<p class=\"has-text-align-center\"><strong>&nbsp;22 \u2013 29 &nbsp;Stycze\u0144 &nbsp;2023r.<\/strong><\/p>\n\n\n\n<p><strong>Nd. 22. I. 2023\u00a0\u00a0 III NIEDZIELA ZWYK\u0141A NIEDZIELA S\u0141OWA BO\u017bEGO<\/strong>\u00a0\u00a0\u00a0\u00a0\u00a0\u00a0\u00a0\u00a0 <br>g.\u00a0\u00a0\u00a0 9.00\u00a0\u00a0 + Stanis\u0142awa Jusi\u0144skiego<br>g.\u00a0 11.00\u00a0\u00a0 Int. zam.<br>g.\u00a0 12.00\u00a0 + W\u0142adys\u0142awa Koguta\u00a0 Gr. 11<br><strong>Pn. 23. I <\/strong>\u00a0\u00a0\u00a0g.\u00a0 7.00\u00a0 + W\u0142adys\u0142awa Koguta\u00a0 Gr. 12<br><strong>Wt. 24. I\u00a0\u00a0\u00a0 <\/strong><br>g.\u00a0 7.00\u00a0 + W\u0142adys\u0142awa Koguta\u00a0 Gr. 13<br>g.\u00a0 7.30\u00a0 W int. Parafii<br><strong>\u015ar. 25. I\u00a0\u00a0\u00a0 <\/strong>g. 15.30\u00a0 + W\u0142adys\u0142awa Koguta\u00a0 Gr. 14<br><strong>Czw. 26. I\u00a0 \u00a0\u00a0<\/strong>g. \u00a07.00 \u00a0\u00a0+ W\u0142adys\u0142awa Koguta\u00a0 Gr. 15<br><strong>Pt.\u00a0 27. I\u00a0 <\/strong>\u00a0<strong>\u00a0<\/strong>g. \u00a07.00 \u00a0\u00a0+ W\u0142adys\u0142awa Koguta\u00a0 Gr. 16<br><strong>Sob. 28. I <\/strong>\u00a0\u00a0\u00a0<br>g. 17.30\u00a0 + W\u0142adys\u0142awa Koguta\u00a0 Gr. 17<br>g. 18.00\u00a0 Int. zam.<strong>\u00a0\u00a0\u00a0\u00a0\u00a0\u00a0\u00a0\u00a0\u00a0\u00a0\u00a0\u00a0\u00a0\u00a0\u00a0\u00a0\u00a0\u00a0\u00a0\u00a0\u00a0\u00a0\u00a0\u00a0 <\/strong><br><strong>Nd. 29. I. 2023\u00a0\u00a0 IV NIEDZIELA ZWYK\u0141A<\/strong>\u00a0\u00a0\u00a0\u00a0\u00a0\u00a0\u00a0\u00a0 <br>g.\u00a0\u00a0\u00a0 9.00\u00a0\u00a0 + Leokadi\u0119 Czarnowsk\u0105<br>g.\u00a0 11.00\u00a0\u00a0 + Romana Jaworskiego<br>g.\u00a0 12.00\u00a0 + W\u0142adys\u0142awa Koguta\u00a0 Gr. 18<\/p>\n","protected":false},"excerpt":{"rendered":"<p>Dzi\u015b po Mszy \u015bw. o godz.11.00 nabo\u017ce\u0144stwo do Bo\u017cego Mi\u0142osierdzia. \u00a0 Dzisiejsza niedziela, trzecia okresu zwyk\u0142ego, obchodzona jest w Ko\u015bciele jako Niedziela S\u0142owa Bo\u017cego. Papie\u017c Franciszek w Li\u015bcie Apostolskim\u00a0Aperuit illis z 2019 roku ustanowi\u0142\u00a0 III Niedziel\u0119 Zwyk\u0142\u0105 w ci\u0105gu roku jako po\u015bwi\u0119con\u0105 \u00a0celebracji, refleksji oraz krzewieniu S\u0142owa Bo\u017cego. Niech ten [&hellip;]<\/p>\n","protected":false},"author":2,"featured_media":0,"comment_status":"closed","ping_status":"closed","sticky":false,"template":"","format":"standard","meta":[],"categories":[2],"tags":[],"_links":{"self":[{"href":"http:\/\/www.parafiakuligow.pl\/index.php\/wp-json\/wp\/v2\/posts\/2233"}],"collection":[{"href":"http:\/\/www.parafiakuligow.pl\/index.php\/wp-json\/wp\/v2\/posts"}],"about":[{"href":"http:\/\/www.parafiakuligow.pl\/index.php\/wp-json\/wp\/v2\/types\/post"}],"author":[{"embeddable":true,"href":"http:\/\/www.parafiakuligow.pl\/index.php\/wp-json\/wp\/v2\/users\/2"}],"replies":[{"embeddable":true,"href":"http:\/\/www.parafiakuligow.pl\/index.php\/wp-json\/wp\/v2\/comments?post=2233"}],"version-history":[{"count":2,"href":"http:\/\/www.parafiakuligow.pl\/index.php\/wp-json\/wp\/v2\/posts\/2233\/revisions"}],"predecessor-version":[{"id":2236,"href":"http:\/\/www.parafiakuligow.pl\/index.php\/wp-json\/wp\/v2\/posts\/2233\/revisions\/2236"}],"wp:attachment":[{"href":"http:\/\/www.parafiakuligow.pl\/index.php\/wp-json\/wp\/v2\/media?parent=2233"}],"wp:term":[{"taxonomy":"category","embeddable":true,"href":"http:\/\/www.parafiakuligow.pl\/index.php\/wp-json\/wp\/v2\/categories?post=2233"},{"taxonomy":"post_tag","embeddable":true,"href":"http:\/\/www.parafiakuligow.pl\/index.php\/wp-json\/wp\/v2\/tags?post=2233"}],"curies":[{"name":"wp","href":"https:\/\/api.w.org\/{rel}","templated":true}]}}