{"id":2225,"date":"2023-01-08T10:10:00","date_gmt":"2023-01-08T09:10:00","guid":{"rendered":"http:\/\/www.parafiakuligow.pl\/?p=2225"},"modified":"2023-01-08T09:51:19","modified_gmt":"2023-01-08T08:51:19","slug":"08-styczen-2023-ii-niedziela-po-narodzeniu-panskim-swieto-chrztu-panskiego","status":"publish","type":"post","link":"http:\/\/www.parafiakuligow.pl\/index.php\/2023\/01\/08\/08-styczen-2023-ii-niedziela-po-narodzeniu-panskim-swieto-chrztu-panskiego\/","title":{"rendered":"08 Stycze\u0144 2023 &#8211; II NIEDZIELA PO NARODZENIU PA\u0143SKIM \u015aWI\u0118TO CHRZTU PA\u0143SKIEGO"},"content":{"rendered":"\n<ol type=\"1\"><li>Dzisiejsza niedziela Chrztu Pa\u0144skiego ko\u0144czy liturgiczny okres Bo\u017cego Narodzenia. Jutro rozpoczyna si\u0119 okres zwyk\u0142y.<\/li><li>Wszystkim rodzinom, kt\u00f3re przyj\u0119\u0142y ju\u017c ksi\u0119dza po kol\u0119dzie: za go\u015bcin\u0119, wsp\u00f3ln\u0105 modlitw\u0119, ofiary z\u0142o\u017cone na nowe drzwi w prezbiterium ko\u015bcio\u0142a i utrzymanie naszej \u015bwi\u0105tyni sk\u0142adam serdeczne B\u00f3g zap\u0142a\u0107.<\/li><li>Gdyby kto\u015b <strong>z wa\u017cnej przyczyny<\/strong> nie m\u00f3g\u0142 przyj\u0105\u0107 ksi\u0119dza w wyznaczonym terminie, prosz\u0119 o kontakt w celu uzgodnienia innej daty wizyty duszpasterskiej. O taki kontakt prosz\u0119 r\u00f3wnie\u017c te rodziny, kt\u00f3re nie zosta\u0142y obj\u0119te wizyt\u0105, a chcia\u0142yby w ten spos\u00f3b zyska\u0107 Bo\u017ce b\u0142ogos\u0142awie\u0144stwo dla swojego domu.<\/li><li>W przysz\u0142\u0105 niedziel\u0119 15 stycznia po Mszy \u015bw. o godz. 11.00 zapraszam na spotkanie Rad\u0119 Parafialn\u0105.<\/li><li>Wszystkim parafianom i go\u015bciom \u017cyczymy du\u017co zdrowia, b\u0142ogos\u0142awionej niedzieli i dobrego tygodnia.<\/li><li>Zach\u0119camy do czytania prasy katolickiej.<\/li><\/ol>\n\n\n\n<p><strong>Wizyta Duszpasterska (Kol\u0119da)&nbsp; 09.01. \u2013&nbsp; 14.01. 2023r.<\/strong><\/p>\n\n\n\n<ul><li><strong>Poniedzia\u0142ek&nbsp; 09 stycze\u0144&nbsp; od godz. 16.00,&nbsp; ul. Nadbu\u017ca\u0144ska<\/strong><\/li><\/ul>\n\n\n\n<ul><li><strong>\u015aroda 11 stycze\u0144\u00a0 od godz. 10.00,\u00a0 ul. Okr\u0119\u017cna, Lipowa, Kr\u0119ta, Wrzosowa,<\/strong> <strong>Ko\u015bcielna, Prosta<\/strong><\/li><\/ul>\n\n\n\n<ul><li><strong>Czwartek&nbsp; 12 stycze\u0144&nbsp; od godz. 16.00,&nbsp; ul. Serocka, Jagiello\u0144ska<\/strong><\/li><\/ul>\n\n\n\n<ul><li><strong>Pi\u0105tek\u00a0 13 stycze\u0144\u00a0 od godz. 16.00,\u00a0 ul. Warszawska (od strony J\u00f3zefowa\u00a0w kierunku ko\u015bcio\u0142a), Topolowa<\/strong><\/li><\/ul>\n\n\n\n<p><strong>Plan kol\u0119dy znajdziemy te\u017c w gablocie.<\/strong><\/p>\n\n\n\n<p class=\"has-text-align-center\"><strong>Intencje Mszalne<\/strong><\/p>\n\n\n\n<p class=\"has-text-align-center\"><strong>&nbsp;08 \u2013 15 &nbsp;Stycze\u0144 &nbsp;2023r.<\/strong><\/p>\n\n\n\n<p><strong>Nd. 08. I. 2023\u00a0\u00a0 \u015aWI\u0118TO\u00a0 CHRZTU\u00a0 PA\u0143SKIEGO<\/strong><br>g.\u00a0\u00a0\u00a0 9.00\u00a0\u00a0 + Rafa\u0142a M\u0142oduchowskiego w m-c po pogrzebie\u00a0\u00a0\u00a0\u00a0\u00a0\u00a0\u00a0\u00a0\u00a0 <br>g.\u00a0 11.00\u00a0\u00a0 + Aniel\u0119 i Wac\u0142awa Ga\u0142eckich<br><strong>Pn. 09. I <\/strong>\u00a0\u00a0\u00a0g.\u00a0 7.00\u00a0 + J\u00f3zefa Czechowskiego i wszystkich zm. z rodz. Czechowskich i Go\u0142\u0119biewskich<br><strong>Wt. 10. I\u00a0\u00a0\u00a0 <\/strong>g.\u00a0 7.00\u00a0 + Zm. z rodz. Markowskich, Szuman\u00f3w, Brzozowskich i Trociuk\u00f3w;<strong> <\/strong>zm. Siostry El\u017cbietanki i dusze w czy\u015b\u0107cu cierpi\u0105ce<br><strong>\u015ar. 11. I\u00a0\u00a0\u00a0 <\/strong><br>g. 17.30\u00a0 + Za dusze w czy\u015b\u0107cu cierpi\u0105ce<br>g. 18.00\u00a0 + Mari\u0119 Pogonowsk\u0105<br><strong>Czw. 12. I\u00a0 \u00a0\u00a0<\/strong>g. \u00a0\u00a07.00\u00a0 + W\u0142adys\u0142awa Koguta\u00a0 Gr. 1<br><strong>Pt.\u00a0 13. I\u00a0 <\/strong>\u00a0<strong>\u00a0<\/strong>g.\u00a0 \u00a07.00 \u00a0+ W\u0142adys\u0142awa Koguta\u00a0 Gr. 2<br><strong>Sob. 14. I <\/strong>\u00a0\u00a0\u00a0<br>g. 17.30\u00a0 W int. Parafii<br>g. 18.00\u00a0 + W\u0142adys\u0142awa Koguta\u00a0 Gr. 3<strong>\u00a0\u00a0\u00a0\u00a0\u00a0\u00a0\u00a0\u00a0\u00a0\u00a0\u00a0\u00a0\u00a0\u00a0\u00a0\u00a0\u00a0\u00a0\u00a0\u00a0\u00a0\u00a0\u00a0\u00a0 <\/strong><br><strong>Nd. 15. I. 2023\u00a0\u00a0 II NIEDZIELA ZWYK\u0141A<\/strong><br>g.\u00a0\u00a0\u00a0 9.00\u00a0\u00a0 + W\u0142adys\u0142awa Koguta\u00a0 Gr. 4<br>g.\u00a0 11.00\u00a0\u00a0 Int. zam.<\/p>\n\n\n\n<p><\/p>\n","protected":false},"excerpt":{"rendered":"<p>Dzisiejsza niedziela Chrztu Pa\u0144skiego ko\u0144czy liturgiczny okres Bo\u017cego Narodzenia. Jutro rozpoczyna si\u0119 okres zwyk\u0142y. Wszystkim rodzinom, kt\u00f3re przyj\u0119\u0142y ju\u017c ksi\u0119dza po kol\u0119dzie: za go\u015bcin\u0119, wsp\u00f3ln\u0105 modlitw\u0119, ofiary z\u0142o\u017cone na nowe drzwi w prezbiterium ko\u015bcio\u0142a i utrzymanie naszej \u015bwi\u0105tyni sk\u0142adam serdeczne B\u00f3g zap\u0142a\u0107. Gdyby kto\u015b z wa\u017cnej przyczyny nie m\u00f3g\u0142 przyj\u0105\u0107 [&hellip;]<\/p>\n","protected":false},"author":2,"featured_media":0,"comment_status":"closed","ping_status":"closed","sticky":false,"template":"","format":"standard","meta":[],"categories":[2],"tags":[],"_links":{"self":[{"href":"http:\/\/www.parafiakuligow.pl\/index.php\/wp-json\/wp\/v2\/posts\/2225"}],"collection":[{"href":"http:\/\/www.parafiakuligow.pl\/index.php\/wp-json\/wp\/v2\/posts"}],"about":[{"href":"http:\/\/www.parafiakuligow.pl\/index.php\/wp-json\/wp\/v2\/types\/post"}],"author":[{"embeddable":true,"href":"http:\/\/www.parafiakuligow.pl\/index.php\/wp-json\/wp\/v2\/users\/2"}],"replies":[{"embeddable":true,"href":"http:\/\/www.parafiakuligow.pl\/index.php\/wp-json\/wp\/v2\/comments?post=2225"}],"version-history":[{"count":2,"href":"http:\/\/www.parafiakuligow.pl\/index.php\/wp-json\/wp\/v2\/posts\/2225\/revisions"}],"predecessor-version":[{"id":2228,"href":"http:\/\/www.parafiakuligow.pl\/index.php\/wp-json\/wp\/v2\/posts\/2225\/revisions\/2228"}],"wp:attachment":[{"href":"http:\/\/www.parafiakuligow.pl\/index.php\/wp-json\/wp\/v2\/media?parent=2225"}],"wp:term":[{"taxonomy":"category","embeddable":true,"href":"http:\/\/www.parafiakuligow.pl\/index.php\/wp-json\/wp\/v2\/categories?post=2225"},{"taxonomy":"post_tag","embeddable":true,"href":"http:\/\/www.parafiakuligow.pl\/index.php\/wp-json\/wp\/v2\/tags?post=2225"}],"curies":[{"name":"wp","href":"https:\/\/api.w.org\/{rel}","templated":true}]}}