{"id":2219,"date":"2023-01-01T20:32:00","date_gmt":"2023-01-01T19:32:00","guid":{"rendered":"https:\/\/www.parafiakuligow.pl\/?p=2219"},"modified":"2023-01-07T20:34:34","modified_gmt":"2023-01-07T19:34:34","slug":"01-styczen-2023-swietej-bozej-rodzicielki-maryi-uroczystosc","status":"publish","type":"post","link":"http:\/\/www.parafiakuligow.pl\/index.php\/2023\/01\/01\/01-styczen-2023-swietej-bozej-rodzicielki-maryi-uroczystosc\/","title":{"rendered":"01 Stycze\u0144 2023 &#8211; \u015aWI\u0118TEJ BO\u017bEJ RODZICIELKI MARYI, UROCZYSTO\u015a\u0106"},"content":{"rendered":"\n<p><\/p>\n\n\n\n<ol type=\"1\"><li>Dzisiaj z racji&nbsp; I niedzieli miesi\u0105ca po Mszy \u015bwi\u0119tej o godz. 11.00 wystawienie Naj\u015bwi\u0119tszego Sakramentu i adoracja eucharystyczna.<\/li><li>W pi\u0105tek 6 stycznia Uroczysto\u015b\u0107 Objawienia Pa\u0144skiego \u2013 \u015awi\u0119to Trzech Kr\u00f3li. Msze \u015bw. jak w ka\u017cd\u0105 niedziel\u0119 o godz. 9.00 i 11.00. B\u0142ogos\u0142awimy w tym dniu kred\u0119 i kadzi\u0142o. Ofiary sk\u0142adane na tac\u0119 przeznaczamy na misje. Z racji uroczysto\u015bci mo\u017cna spo\u017cywa\u0107 pokarmy mi\u0119sne. Po Mszy \u015bw. spotkanie dzieci i rodzic\u00f3w przygotowuj\u0105cych si\u0119 do I Komunii \u015bw. W tym dniu nie b\u0119dzie Mszy \u015bw. o godz. 18.00.<\/li><li>W tym tygodniu przypada pierwszy pi\u0105tek i sobota miesi\u0105ca. Spowied\u017a w I pi\u0105tek przed Msz\u0105 \u015bw. o godz. 9.00 i 11.00. W &nbsp;ramach przygotowania do przyj\u0119cia sakramentu bierzmowania zapraszam m\u0142odzie\u017c na Msz\u0119 o godz. 11.00. W &nbsp;I sobot\u0119 miesi\u0105ca, Msza \u015bw. o Niepokalanym Sercu Naj\u015bwi\u0119tszej Maryi Panny o godz. 18.00. Przed Msz\u0105 \u015bw. o godz. 17.30 modlitwa r\u00f3\u017ca\u0144cowa przed Naj\u015bwi\u0119tszym Sakramentem.<\/li><\/ol>\n\n\n\n<p><strong><u>Wizyta Duszpasterska (Kol\u0119da)&nbsp; 02.01. \u2013&nbsp; 07.01. 2023r.<\/u><\/strong><\/p>\n\n\n\n<ul><li><strong>Poniedzia\u0142ek 02 stycze\u0144 od godz. 16.00, <\/strong>ul. Wojska Polskiego \u2013 cz\u0119\u015b\u0107 I<br><strong>od Za\u0142ubic<\/strong> w kierunku ko\u015bcio\u0142a do <strong>nr 58 w\u0142\u0105cznie<\/strong>.<\/li><li><strong>Wtorek 03 stycze\u0144 od godz. 10.00, <\/strong>ul. Wojska Polskiego \u2013 cz\u0119\u015b\u0107 II<br><strong>od nr 56&nbsp; do nr 27.<\/strong><\/li><li><strong>\u015aroda 04 stycze\u0144 od godz. 10.00, <\/strong>ul. Wojska Polskiego \u2013 cz\u0119\u015b\u0107 III<br><strong>od nr 28&nbsp; do ul. Radzymi\u0144skiej.<\/strong><\/li><li><strong>Czwartek &nbsp;05 stycze\u0144 od godz. 16.00, <\/strong>ul. Za\u0142ubicka, Brzozowa, Zap\u00f3lna, Modrzewiowa, Cytrynowa, Zakopia\u0144ska.<\/li><li><strong>Sobota 07 stycze\u0144 od godz. 10.00, <\/strong>ul.Radzymi\u0144ska, Piwna, Choinki, Loreta\u0144ska, Le\u015bna, Grobla, Podle\u015bna, Sosnowa, Bagienna, D\u0119binowa.<\/li><\/ul>\n\n\n\n<p>Gdyby kto\u015b z <strong>wa\u017cnej przyczyny<\/strong> nie m\u00f3g\u0142 przyj\u0105\u0107 ksi\u0119dza w wyznaczonym terminie, prosz\u0119 o kontakt w celu uzgodnienia&nbsp; innej daty wizyty duszpasterskiej<strong>. <\/strong>O taki kontakt prosz\u0119 r\u00f3wnie\u017c te rodziny, kt\u00f3re w ubieg\u0142ym roku przyby\u0142y do naszej Parafii i nie zosta\u0142y obj\u0119te wizyt\u0105, a chcia\u0142yby w ten spos\u00f3b zyska\u0107 Bo\u017ce b\u0142ogos\u0142awie\u0144stwo dla swojego domu.<\/p>\n\n\n\n<ol start=\"4\"><li>Wszystkim parafianom i go\u015bciom \u017cyczymy b\u0142ogos\u0142awionej niedzieli, du\u017co zdrowia i dobrego tygodnia.<\/li><li>Zach\u0119camy do czytania prasy katolickiej.<\/li><\/ol>\n\n\n\n<p class=\"has-text-align-center\"><strong>Intencje Mszalne<\/strong><\/p>\n\n\n\n<p class=\"has-text-align-center\"><strong>&nbsp;01 \u2013 08 &nbsp;Stycze\u0144 &nbsp;2023r.<\/strong><\/p>\n\n\n\n<p><strong>Nd. 01. I. 2023 \u015aWI\u0118TEJ&nbsp; BO\u017bEJ&nbsp; RODZICIELKI, MARYI, UROCZYSTO\u015a\u0106<\/strong><br>g.&nbsp;&nbsp;&nbsp; 9.00&nbsp;&nbsp; + Regin\u0119, Czes\u0142awa i Jana Rafalak<br>g.&nbsp; 11.00&nbsp;&nbsp; + Ryszarda Gajos&nbsp; \/3\/<br><strong>Pn. 02. I <\/strong>&nbsp;&nbsp;&nbsp;g.&nbsp; 7.00&nbsp; + Ryszarda Gajos&nbsp; \/4\/<br><strong>Wt. 03. I&nbsp;&nbsp;&nbsp; <\/strong>g.&nbsp; 7.00&nbsp; + Ryszarda Gajos&nbsp; \/5\/<br><strong>\u015ar. 04. I&nbsp;&nbsp;&nbsp; <\/strong>g. 18.00&nbsp; + Ryszarda Gajos&nbsp; \/6\/<br><strong>Czw. 05. I&nbsp; &nbsp;&nbsp;<\/strong>g. 7.00&nbsp; + Zm. z rodz. Surowc\u00f3w i Wolnik\u00f3w<br><strong>Pt.&nbsp; 06. I&nbsp; <\/strong>&nbsp;<strong>UROCZYSTO\u015a\u0106 OBJAWIENIA PA\u0143SKIEGO<\/strong><br>g. &nbsp;&nbsp;9.00 + Mariana i Aleksandr\u0119 Kostrzebskich<br>g. 11.00 +Dariusza Pielak<br><strong>Sob.&nbsp; 07. I <\/strong>&nbsp;&nbsp;g. 18.00&nbsp; O Bo\u017ce b\u0142og. i \u0142aski, opiek\u0119 Matki Bo\u017cej dla dzieci i rodzic\u00f3w R\u00f3\u017cy R\u00f3\u017ca\u0144cowej \u015bw. Jana Paw\u0142a II<br><strong>Nd. 08. I. 2023&nbsp;&nbsp; \u015aWI\u0118TO&nbsp; CHRZTU&nbsp; PA\u0143SKIEGO<\/strong><br>g.&nbsp;&nbsp;&nbsp; 9.00&nbsp;&nbsp; + Rafa\u0142a M\u0142oduchowskiego<br>g.&nbsp; 11.00&nbsp;&nbsp; + Aniel\u0119 i Wac\u0142awa Ga\u0142eckich<\/p>\n","protected":false},"excerpt":{"rendered":"<p>Dzisiaj z racji&nbsp; I niedzieli miesi\u0105ca po Mszy \u015bwi\u0119tej o godz. 11.00 wystawienie Naj\u015bwi\u0119tszego Sakramentu i adoracja eucharystyczna. W pi\u0105tek 6 stycznia Uroczysto\u015b\u0107 Objawienia Pa\u0144skiego \u2013 \u015awi\u0119to Trzech Kr\u00f3li. Msze \u015bw. jak w ka\u017cd\u0105 niedziel\u0119 o godz. 9.00 i 11.00. B\u0142ogos\u0142awimy w tym dniu kred\u0119 i kadzi\u0142o. Ofiary sk\u0142adane na [&hellip;]<\/p>\n","protected":false},"author":2,"featured_media":0,"comment_status":"closed","ping_status":"closed","sticky":false,"template":"","format":"standard","meta":[],"categories":[2],"tags":[],"_links":{"self":[{"href":"http:\/\/www.parafiakuligow.pl\/index.php\/wp-json\/wp\/v2\/posts\/2219"}],"collection":[{"href":"http:\/\/www.parafiakuligow.pl\/index.php\/wp-json\/wp\/v2\/posts"}],"about":[{"href":"http:\/\/www.parafiakuligow.pl\/index.php\/wp-json\/wp\/v2\/types\/post"}],"author":[{"embeddable":true,"href":"http:\/\/www.parafiakuligow.pl\/index.php\/wp-json\/wp\/v2\/users\/2"}],"replies":[{"embeddable":true,"href":"http:\/\/www.parafiakuligow.pl\/index.php\/wp-json\/wp\/v2\/comments?post=2219"}],"version-history":[{"count":3,"href":"http:\/\/www.parafiakuligow.pl\/index.php\/wp-json\/wp\/v2\/posts\/2219\/revisions"}],"predecessor-version":[{"id":2222,"href":"http:\/\/www.parafiakuligow.pl\/index.php\/wp-json\/wp\/v2\/posts\/2219\/revisions\/2222"}],"wp:attachment":[{"href":"http:\/\/www.parafiakuligow.pl\/index.php\/wp-json\/wp\/v2\/media?parent=2219"}],"wp:term":[{"taxonomy":"category","embeddable":true,"href":"http:\/\/www.parafiakuligow.pl\/index.php\/wp-json\/wp\/v2\/categories?post=2219"},{"taxonomy":"post_tag","embeddable":true,"href":"http:\/\/www.parafiakuligow.pl\/index.php\/wp-json\/wp\/v2\/tags?post=2219"}],"curies":[{"name":"wp","href":"https:\/\/api.w.org\/{rel}","templated":true}]}}