{"id":2211,"date":"2022-12-18T22:03:00","date_gmt":"2022-12-18T21:03:00","guid":{"rendered":"https:\/\/www.parafiakuligow.pl\/?p=2211"},"modified":"2022-12-19T22:13:03","modified_gmt":"2022-12-19T21:13:03","slug":"18-grudzien-2022-niedziela-adwentu","status":"publish","type":"post","link":"http:\/\/www.parafiakuligow.pl\/index.php\/2022\/12\/18\/18-grudzien-2022-niedziela-adwentu\/","title":{"rendered":"18 Grudzie\u0144 2022 &#8211; NIEDZIELA ADWENTU"},"content":{"rendered":"\n<p><\/p>\n\n\n\n<ol type=\"1\"><li>Serdecznie dzi\u0119kuj\u0119 za udzia\u0142 w Rekolekcjach i adwentow\u0105 spowied\u017a tym, kt\u00f3rzy mogli i chcieli przyj\u0105\u0107 dan\u0105 od Boga \u0142ask\u0119. Pozosta\u0142ych zach\u0119cam i zapraszam do przyj\u0119cia\u00a0sakramentu pokuty przed \u015bwi\u0119tami, aby B\u00f3g narodzi\u0142 si\u0119 we wszystkich naszych duszach.\u00a0Mo\u017cliwo\u015b\u0107 spowied\u017a w tym tygodniu przed ka\u017cd\u0105 Msz\u0105 \u015bwi\u0119t\u0105.<\/li><li>Roraty, adwentowa Msza \u015bw. ku czci Naj\u015bwi\u0119tszej Maryi Panny odprawiane s\u0105 w tym tygodniu od poniedzia\u0142ku do soboty. Serdecznie zapraszamy do wsp\u00f3lnej modlitwy.<\/li><li>W poniedzia\u0142ek przypada 2 rocznica \u015bwi\u0119ce\u0144 biskupich Bpa Jacka Grzybowskiego. W swoich modlitwach\u00a0 polecajmy Bogu i pro\u015bmy o opiek\u0119 Ducha \u015bwi\u0119tego dla dalszej\u00a0pos\u0142ugi ks. Biskupa w naszej Diecezji.<\/li><li>Nabo\u017ce\u0144stwo do Bo\u017cego Mi\u0142osierdzia \u00a0w pi\u0105tek 23 grudnia o godz. 18.00. Zapraszamy do wsp\u00f3lnej modlitwy.<\/li><li>W najbli\u017csz\u0105 sobot\u0119 \u00a024 grudnia wigilia. <strong>Pasterka w tym dniu o godz. 22.00<\/strong>.Taca z pasterki przeznaczona jest na Fundusz Obrony \u017bycia, a w drugi dzie\u0144 \u015awi\u0105t na budow\u0119 nowych Ko\u015bcio\u0142\u00f3w w diecezji. W pierwszy i drugi dzie\u0144 \u015bwi\u0105t Bo\u017cego Narodzenia Msze \u015bw. wed\u0142ug porz\u0105dku niedzielnego o godz. 9.00 i 11.00.<\/li><li>Mo\u017cna jeszcze zaopatrzy\u0107 si\u0119 w op\u0142atki na st\u00f3\u0142 wigilijny oraz naby\u0107 \u015bwiece Caritas z kt\u00f3rych doch\u00f3d przeznaczony jest na Wigilijne Dzie\u0142o pomocy Dzieciom.<\/li><li>Wizyta duszpasterska <strong>\/kol\u0119da\/<\/strong> w naszej parafii to \u0142aska wsp\u00f3lnej modlitwy i przyj\u0119cia Bo\u017cego b\u0142ogos\u0142awie\u0144stwa. Rozpoczniemy j\u0105 po Nowym Roku. Pami\u0119tamy o przygotowaniu Krzy\u017ca, zapalonej \u015bwiecy i wodzie \u015bwi\u0119conej. Dok\u0142adny rozk\u0142ad\u00a0 kol\u0119dy zostanie przekazany w najbli\u017csz\u0105 niedziel\u0119.<\/li><li>Wszystkim \u017cycz\u0119 dobrego duchowego prze\u017cycia\u00a0 IV niedzieli adwentu i spokojnego, b\u0142ogos\u0142awionego tygodnia.<\/li><li>Zach\u0119camy do czytania prasy katolickiej.<\/li><\/ol>\n\n\n\n<p class=\"has-text-align-center\"><strong>Intencje Mszalne<\/strong><\/p>\n\n\n\n<p class=\"has-text-align-center\"><strong>&nbsp;18 &nbsp;Grudzie\u0144 &nbsp;2022r.<\/strong><\/p>\n\n\n\n<p><strong>Nd. 18. XII. 2022\u00a0\u00a0 IV\u00a0 NIEDZIELA\u00a0 ADWENTU<\/strong><br>g.\u00a0\u00a0\u00a0 9.00\u00a0\u00a0 + Jolant\u0119 Teres\u0119 Bieleck\u0105; Stanis\u0142aw\u0119 i Romana Bieleckich; dziadk\u00f3w Wi\u0119ch\u00f3w; Mariann\u0119 Fu\u015bnik; Teres\u0119 i Eugeniusza Ma\u0142kiewicz<br>g.\u00a0 11.00\u00a0\u00a0 Int. zam.\u00a0\u00a0\u00a0\u00a0 <br><strong>Pn.\u00a0 19. XII <\/strong>\u00a0\u00a0\u00a0g. 18.00\u00a0 + Leonarda i Feliks\u0119; Stanis\u0142awa i Zdzis\u0142awa Sosi\u0144skich; rodzic\u00f3w Leonarda i Halin\u0119 D\u0105browskich; pradziadk\u00f3w Sosi\u0144skich<br><strong>Wt.\u00a0 20. XII\u00a0\u00a0\u00a0 <\/strong>g.\u00a0 \u00a07.00\u00a0 + Rafa\u0142a M\u0142oduchowskiego\u00a0 \/4\/<strong>\u00a0\u00a0\u00a0\u00a0\u00a0 <\/strong><br><strong>\u015ar.\u00a0 21. XII\u00a0\u00a0\u00a0 <\/strong>g. 18.00\u00a0 + Rafa\u0142a M\u0142oduchowskiego\u00a0 \/5\/<br><strong>Czw. 22 XII\u00a0 \u00a0\u00a0<\/strong>g.\u00a0\u00a0 7.00\u00a0 + Rafa\u0142a M\u0142oduchowskiego\u00a0 \/6\/<br><strong>Pt.\u00a0\u00a0 23. XII\u00a0 <\/strong>\u00a0g. 18.00\u00a0 + Lucyn\u0119 Buraczewsk\u0105 w 2 rocz. \u015bm.<br><strong>Sob.\u00a0 24. XII <\/strong>\u00a0\u00a0<strong>WIGILIA<\/strong><br>g. \u00a0\u00a07.00 \u00a0\u00a0+ Rafa\u0142a M\u0142oduchowskiego\u00a0 \/7\/<br><strong>g.\u00a0 22.00\u00a0 PASTERKA &#8211;<\/strong> <strong>w int. Parafian<\/strong><br><strong>Nd. 25. XII. 2022\u00a0\u00a0 NARODZENIE\u00a0 PA\u0143SKIE,\u00a0 UROCZYSTO\u015a\u0106<\/strong><br>g.\u00a0\u00a0\u00a0 9.00\u00a0\u00a0 Int. zam.<br>g.\u00a0 11.00\u00a0\u00a0 Int. zam.<\/p>\n","protected":false},"excerpt":{"rendered":"<p>Serdecznie dzi\u0119kuj\u0119 za udzia\u0142 w Rekolekcjach i adwentow\u0105 spowied\u017a tym, kt\u00f3rzy mogli i chcieli przyj\u0105\u0107 dan\u0105 od Boga \u0142ask\u0119. Pozosta\u0142ych zach\u0119cam i zapraszam do przyj\u0119cia\u00a0sakramentu pokuty przed \u015bwi\u0119tami, aby B\u00f3g narodzi\u0142 si\u0119 we wszystkich naszych duszach.\u00a0Mo\u017cliwo\u015b\u0107 spowied\u017a w tym tygodniu przed ka\u017cd\u0105 Msz\u0105 \u015bwi\u0119t\u0105. Roraty, adwentowa Msza \u015bw. ku czci [&hellip;]<\/p>\n","protected":false},"author":2,"featured_media":0,"comment_status":"closed","ping_status":"closed","sticky":false,"template":"","format":"standard","meta":[],"categories":[2],"tags":[],"_links":{"self":[{"href":"http:\/\/www.parafiakuligow.pl\/index.php\/wp-json\/wp\/v2\/posts\/2211"}],"collection":[{"href":"http:\/\/www.parafiakuligow.pl\/index.php\/wp-json\/wp\/v2\/posts"}],"about":[{"href":"http:\/\/www.parafiakuligow.pl\/index.php\/wp-json\/wp\/v2\/types\/post"}],"author":[{"embeddable":true,"href":"http:\/\/www.parafiakuligow.pl\/index.php\/wp-json\/wp\/v2\/users\/2"}],"replies":[{"embeddable":true,"href":"http:\/\/www.parafiakuligow.pl\/index.php\/wp-json\/wp\/v2\/comments?post=2211"}],"version-history":[{"count":1,"href":"http:\/\/www.parafiakuligow.pl\/index.php\/wp-json\/wp\/v2\/posts\/2211\/revisions"}],"predecessor-version":[{"id":2212,"href":"http:\/\/www.parafiakuligow.pl\/index.php\/wp-json\/wp\/v2\/posts\/2211\/revisions\/2212"}],"wp:attachment":[{"href":"http:\/\/www.parafiakuligow.pl\/index.php\/wp-json\/wp\/v2\/media?parent=2211"}],"wp:term":[{"taxonomy":"category","embeddable":true,"href":"http:\/\/www.parafiakuligow.pl\/index.php\/wp-json\/wp\/v2\/categories?post=2211"},{"taxonomy":"post_tag","embeddable":true,"href":"http:\/\/www.parafiakuligow.pl\/index.php\/wp-json\/wp\/v2\/tags?post=2211"}],"curies":[{"name":"wp","href":"https:\/\/api.w.org\/{rel}","templated":true}]}}