{"id":2204,"date":"2022-12-04T19:24:00","date_gmt":"2022-12-04T18:24:00","guid":{"rendered":"https:\/\/www.parafiakuligow.pl\/?p=2204"},"modified":"2022-12-10T09:30:08","modified_gmt":"2022-12-10T08:30:08","slug":"4-grudzien-2022-ii-niedziela-adwentu","status":"publish","type":"post","link":"http:\/\/www.parafiakuligow.pl\/index.php\/2022\/12\/04\/4-grudzien-2022-ii-niedziela-adwentu\/","title":{"rendered":"4 Grudzie\u0144 2022 &#8211; II\u00a0NIEDZIELA ADWENTU"},"content":{"rendered":"\n<ol type=\"1\"><li>Dzisiaj z racji\u00a0 I niedzieli miesi\u0105ca po Mszy \u015bwi\u0119tej o godz. 11.00 wystawienie Naj\u015bwi\u0119tszego Sakramentu i adoracja eucharystyczna. Podczas Mszy \u015bw. dzieci przygotowuj\u0105ce si\u0119 do I Komunii \u015bw. otrzymaj\u0105 medaliki z wizerunkiem Matki Bo\u017cej Niepokalanej. To trzeci znak w przygotowaniu do tego wa\u017cnego wydarzenia w ich \u017cyciu.<\/li><li>W naszej diecezji dzi\u015b Dzie\u0144 Modlitwy i Pomocy Ko\u015bcio\u0142owi na Wschodzie. W tym roku pod has\u0142em: \u201ePos\u0142ani w pokoju Chrystusa\u201d. Po ka\u017cdej Mszy \u015bw. zbi\u00f3rka do puszek na pomoc materialn\u0105 dla Ko\u015bcio\u0142a na Wschodzie.<\/li><li>Klerycy Wy\u017cszego Seminarium Duchownego Diecezji Warszawsko-Praskiej zapraszaj\u0105 na sztuk\u0119 seminaryjn\u0105. W\u00a0tym roku wystawiony zostanie spektakl pt.: \u201ePinokio\u201d opowiadaj\u0105cyo warto\u015bci mi\u0142o\u015bci rodzinnej, dojrzewaniu, pracy nad sob\u0105 i d\u0105\u017ceniu do celu. Wi\u0119cej informacji w gablocie przed wej\u015bciem do Ko\u015bcio\u0142a.<\/li><li>W tym tygodniu patronuj\u0105 nam:<br>&#8211; 4 grudnia \u015bw. Barbara<br>&#8211; 6 grudnia \u015bw. Miko\u0142aj bp<br>&#8211; 7 grudnia \u015bw. Ambro\u017cy bp i dr Ko\u015bcio\u0142a<br>&#8211; 8 grudnia przypada Uroczysto\u015b\u0107 Niepokalanego Pocz\u0119cia NM Panny<br>&#8211; 10 grudnia wspomnienie NMP Loreta\u0144skiej, patronki naszej Parafii.<\/li><li>Codziennie w naszym ko\u015bciele mo\u017cemy zaopatrzy\u0107 si\u0119 w op\u0142atki na st\u00f3\u0142 wigilijny pob\u0142ogos\u0142awione specjalnie dla naszej wsp\u00f3lnoty. W ramach wigilijnego dzie\u0142a pomocy dzieciom s\u0105 tak\u017ce \u015bwiece Caritas, kt\u00f3re mo\u017cemy nabywa\u0107 w zakrystii.<\/li><li>Roraty, adwentowa Msza \u015bw. ku czci Naj\u015bwi\u0119tszej Maryi Panny s\u0105 odprawiane w dni powszednie z wyj\u0105tkiem niedziel; wtorki, czwartki i soboty o godz. 7.00; \u00a0w poniedzia\u0142ki, \u015brody, pi\u0105tki o godz.18.00. W poniedzia\u0142ek 5 i 12 grudnia ze wzgl\u0119du na pomoc duszpastersk\u0105 w J\u00f3zefowie i Radzyminie, Roraty o godz. 7.00. \u00a0Zapraszam do wsp\u00f3lnej modlitwy\u00a0 z lampionami.<\/li><li>W tym tygodniu zapraszamy na rekolekcje adwentowe w naszej parafii. Odb\u0119d\u0105 si\u0119 one w najbli\u017cszy pi\u0105tek, sobot\u0119 i niedziel\u0119 tj. 9, 10 i 11 grudnia.\u00a0Poprowadzi je ks. dr Rafa\u0142 Kami\u0144ski, Prodziekan Wydzia\u0142u Prawa Kanonicznego UKSW\u00a0w Warszawie. Ka\u017cdego dnia b\u0119d\u0105 dwie Msze \u015bw. z nauk\u0105 rekolekcyjn\u0105. Spowied\u017a\u00a0rekolekcyjna w sobot\u0119 10 grudnia na ka\u017cdej Mszy \u015bw.; Skorzystajmy z tej \u0142aski osobi\u015bcie,\u00a0zach\u0119caj\u0105c do tego nasze\u00a0 rodziny. Prosz\u0119 rodziny, by zg\u0142asza\u0142y swoich bliskich, kt\u00f3re nie\u00a0mog\u0105 przyby\u0107 do Ko\u015bcio\u0142a, by nikt nie zosta\u0142 na \u015bwi\u0119ta bez spowiedzi i Komunii \u015bwi\u0119tej.<\/li><li>Zwyczajem lat minionych, gdyby kto\u015b pragn\u0105\u0142 i m\u00f3g\u0142 ofiarowa\u0107 choinki na Bo\u017conarodzeniowy wystr\u00f3j ko\u015bcio\u0142a, to prosz\u0119 o informacj\u0119.<\/li><li>Wszystkim \u017cycz\u0119 dobrego duchowego prze\u017cycia\u00a0 II niedzieli adwentu i spokojnego, b\u0142ogos\u0142awionego tygodnia.<\/li><li>Zach\u0119camy do czytania prasy katolickiej.<\/li><\/ol>\n\n\n\n<p class=\"has-text-align-center\"><strong>Intencje Mszalne<\/strong><\/p>\n\n\n\n<p class=\"has-text-align-center\"><strong>\u00a004 &#8211; 11 Grudzie\u0144 \u00a02022r.<\/strong><\/p>\n\n\n\n<p><strong>Nd. 04. XII. 2022\u00a0\u00a0 II NIEDZIELA\u00a0 ADWENTU<\/strong><br>g.\u00a0\u00a0 9.00\u00a0\u00a0\u00a0\u00a0 + Jadwig\u0119 i Romana Kostrzew\u00f3w\u00a0\u00a0\u00a0\u00a0\u00a0\u00a0\u00a0\u00a0\u00a0 <br>g. 11.00\u00a0\u00a0\u00a0\u00a0 + Mariann\u0119 i Franciszka D\u0105browskich; El\u017cbiet\u0119 Gajewsk\u0105; Sylwestra Grzeszkiewicz<br><strong>Pn.\u00a0 05. XII <\/strong>\u00a0\u00a0\u00a0g.\u00a0\u00a0 7.00\u00a0 O \u0142ask\u0119 zdrowia dla Piotra G\u00f3rskiego<br><strong>Wt.\u00a0 06. XII\u00a0\u00a0\u00a0 <\/strong>g.\u00a0\u00a0 7.00\u00a0 + Wojciecha Horody\u0144skiego<br><strong>\u015ar.\u00a0 07. XII\u00a0\u00a0\u00a0 <\/strong>g. 18.00\u00a0 Dzi\u0119k. \u2013 b\u0142ag. o \u0142ask\u0119 zdrowia i Bo\u017ce b\u0142og. dla rodziny<strong>\u00a0<\/strong>Dzier\u017canowskich<br><strong>Czw. 08. XII\u00a0 \u00a0<\/strong>g.\u00a0\u00a0 7.00\u00a0 + Andrzeja Kope\u0107\u00a0 \/2\/<br><strong>Pt.\u00a0\u00a0 09. XII\u00a0 \u00a0\u00a0\u00a0\u00a0REKOLEKCJE\u00a0 ADWENTOWE<\/strong><br>g. 11.00\u00a0 +Andrzeja Kope\u0107\u00a0 \/3\/\u00a0\u00a0\u00a0\u00a0\u00a0\u00a0\u00a0\u00a0\u00a0\u00a0\u00a0\u00a0\u00a0\u00a0\u00a0\u00a0\u00a0\u00a0\u00a0\u00a0\u00a0\u00a0\u00a0\u00a0\u00a0 <br>g. 18.00\u00a0 + Zdzis\u0142awa Suchenek<br><strong>Sob. 10. XII <\/strong>\u00a0\u00a0\u00a0<br>g. 11.00\u00a0 Int. zam.<br>g. 18.00 \u00a0+ Jolant\u0119 Teres\u0119 Bieleck\u0105<br><strong>Nd. 11. XII. 2022\u00a0\u00a0 III \u00a0NIEDZIELA\u00a0 ADWENTU<\/strong><br>g.\u00a0\u00a0\u00a0 9.00\u00a0\u00a0\u00a0 + Kazimierza Kowalczyka w 3 rocz. \u015bm. Zm. z rodz. Kowalczyk\u00f3w<br>g.\u00a0 11.00\u00a0\u00a0 + Kazimierza Bieleckiego<\/p>\n","protected":false},"excerpt":{"rendered":"<p>Dzisiaj z racji\u00a0 I niedzieli miesi\u0105ca po Mszy \u015bwi\u0119tej o godz. 11.00 wystawienie Naj\u015bwi\u0119tszego Sakramentu i adoracja eucharystyczna. Podczas Mszy \u015bw. dzieci przygotowuj\u0105ce si\u0119 do I Komunii \u015bw. otrzymaj\u0105 medaliki z wizerunkiem Matki Bo\u017cej Niepokalanej. To trzeci znak w przygotowaniu do tego wa\u017cnego wydarzenia w ich \u017cyciu. W naszej diecezji [&hellip;]<\/p>\n","protected":false},"author":2,"featured_media":0,"comment_status":"closed","ping_status":"closed","sticky":false,"template":"","format":"standard","meta":[],"categories":[2],"tags":[],"_links":{"self":[{"href":"http:\/\/www.parafiakuligow.pl\/index.php\/wp-json\/wp\/v2\/posts\/2204"}],"collection":[{"href":"http:\/\/www.parafiakuligow.pl\/index.php\/wp-json\/wp\/v2\/posts"}],"about":[{"href":"http:\/\/www.parafiakuligow.pl\/index.php\/wp-json\/wp\/v2\/types\/post"}],"author":[{"embeddable":true,"href":"http:\/\/www.parafiakuligow.pl\/index.php\/wp-json\/wp\/v2\/users\/2"}],"replies":[{"embeddable":true,"href":"http:\/\/www.parafiakuligow.pl\/index.php\/wp-json\/wp\/v2\/comments?post=2204"}],"version-history":[{"count":1,"href":"http:\/\/www.parafiakuligow.pl\/index.php\/wp-json\/wp\/v2\/posts\/2204\/revisions"}],"predecessor-version":[{"id":2205,"href":"http:\/\/www.parafiakuligow.pl\/index.php\/wp-json\/wp\/v2\/posts\/2204\/revisions\/2205"}],"wp:attachment":[{"href":"http:\/\/www.parafiakuligow.pl\/index.php\/wp-json\/wp\/v2\/media?parent=2204"}],"wp:term":[{"taxonomy":"category","embeddable":true,"href":"http:\/\/www.parafiakuligow.pl\/index.php\/wp-json\/wp\/v2\/categories?post=2204"},{"taxonomy":"post_tag","embeddable":true,"href":"http:\/\/www.parafiakuligow.pl\/index.php\/wp-json\/wp\/v2\/tags?post=2204"}],"curies":[{"name":"wp","href":"https:\/\/api.w.org\/{rel}","templated":true}]}}