{"id":220,"date":"2015-10-31T10:56:02","date_gmt":"2015-10-31T09:56:02","guid":{"rendered":"http:\/\/www.parafiakuligow.pl\/?p=220"},"modified":"2015-10-31T10:56:02","modified_gmt":"2015-10-31T09:56:02","slug":"1-listopad-2015-r-uroczystosc-wszystkich-swietych","status":"publish","type":"post","link":"http:\/\/www.parafiakuligow.pl\/index.php\/2015\/10\/31\/1-listopad-2015-r-uroczystosc-wszystkich-swietych\/","title":{"rendered":"1 listopad 2015 r. Uroczysto\u015b\u0107 Wszystkich \u015awi\u0119tych"},"content":{"rendered":"<ol>\n<li>Dzi\u015b 1 listopada Uroczysto\u015b\u0107 Wszystkich \u015awi\u0119tych. Szczeg\u00f3lny dzie\u0144 naszej modlitwy za zmar\u0142ych i refleksji nad Tajemnic\u0105 \u017bycia. Msze \u015bwi\u0119te w ko\u015bciele o godz. 9.00 i 11.00. Na cmentarzu w Za\u0142ubicach Msza \u015bw. po\u0142\u0105czona z procesj\u0105 i modlitw\u0105 za zmar\u0142ych o godz. 12.00 Z tej racji mimo I niedzieli miesi\u0105ca nie b\u0119dzie wystawienia Naj\u015bwi\u0119tszego Sakramentu i adoracji eucharystycznej.<\/li>\n<\/ol>\n<ol start=\"2\">\n<li>W dniach od 1 do 8 listopada mo\u017cna zyska\u0107 i ofiarowa\u0107 za dusze w czy\u015b\u0107cu cierpi\u0105ce odpust zupe\u0142ny. Ka\u017cdego dnia oktawy warunkiem do tego jest stan \u0142aski u\u015bwi\u0119caj\u0105cej, przyj\u0119cie komunii \u015bwi\u0119tej, pobo\u017cne nawiedzenie cmentarza i modlitwa ofiarowana za zmar\u0142ych w tym Ojcze nasz i Wierz\u0119 w Boga.<\/li>\n<\/ol>\n<ol start=\"3\">\n<li>Jutro Wspomnienie Wszystkich Wiernych Zmar\u0142ych czyli dzie\u0144 zaduszny. O godz. 18.00 Msza \u015bwi\u0119ta po\u0142\u0105czona z modlitw\u0105 za zmar\u0142ych poleconych w wypominkach jednorazowych.<\/li>\n<\/ol>\n<ol start=\"4\">\n<li>Mo\u017cna jeszcze swoich zmar\u0142ych do\u0142\u0105czy\u0107 do wsp\u00f3lnej \u2013 parafialnej modlitwy zwanej wypominkami. Najbli\u017csza Msza \u015bw. za zmar\u0142ych poleconych w wypominkach rocznych w \u015brod\u0119 4 listopada o godz. 18.00.<\/li>\n<\/ol>\n<ol start=\"5\">\n<li>W pi\u0105tek 6 listopada przypada pierwszy pi\u0105tek miesi\u0105ca. Spowied\u017a od godz. 17.00. Msza \u015bw. o Naj\u015bwi\u0119tszym Sercu Pana Jezusa o godz. 18.00.<\/li>\n<\/ol>\n<ol start=\"6\">\n<li>Zarz\u0105d Wsp\u00f3lnoty Gruntowej wsi Kulig\u00f3w zwo\u0142uje nadzwyczajne og\u00f3lne zebranie cz\u0142onk\u00f3w Wsp\u00f3lnoty. Odb\u0119dzie si\u0119 ono w niedziel\u0119 8 listopada o godz. 12.30 w budynku Ochotniczej Stra\u017cy Po\u017carnej. Celem spotkania jest podj\u0119cie uchwa\u0142y o sfinansowaniu zakupu i monta\u017cu pieca gazowego w budynku parafialnym. W imieniu parafii jako proboszcz bardzo serdecznie dzi\u0119kuj\u0119 wszystkim za \u017cyczliwo\u015b\u0107 i zrozumienie w tej sprawie.<\/li>\n<\/ol>\n<ol start=\"7\">\n<li>Za nami miesi\u0105c intensywnej modlitwy r\u00f3\u017ca\u0144cowej. Serdeczne B\u00f3g zap\u0142a\u0107 wszystkim, kt\u00f3rzy w naszym ko\u015bciele i w naszej parafialnej wsp\u00f3lnocie w tej pi\u0119knej modlitwie uczestniczyli.<\/li>\n<li>Intencje mszalne w tym tygodniu:\n<p>ndz \u00a0 \u00a01. XI \u00a0\u00a0 g.\u00a0\u00a0 9.00 \u00a0 \u00a0+ Wandy Kowalczyk \u2013 gregoria\u0144ska\u00a0 21<br \/>\n11.00 \u00a0+ Michaliny \u2013 Reginy Kwiatkowskiej w 19 r. \u015bm. Natalii i Kazimierza K\u0142opoci\u0144skich, Stefanii i Stanis\u0142awa\u00a0 Kwiatkowskich<br \/>\npn\u00a0\u00a0\u00a0\u00a0 \u00a02.\u00a0 XI\u00a0 \u00a0\u00a0g. 18.00 \u00a0 \u00a0+ Wandy Kowalczyk \u2013 gregoria\u0144ska\u00a0 22<br \/>\nwt\u00a0\u00a0\u00a0 \u00a0\u00a03.\u00a0 XI \u00a0\u00a0\u00a0 g.\u00a0 7.00\u00a0\u00a0\u00a0 + Wandy Kowalczyk \u2013 gregoria\u0144ska\u00a0 23<br \/>\n\u015br\u00a0\u00a0\u00a0\u00a0\u00a0 \u00a04.\u00a0 XI \u00a0\u00a0 \u00a0g. 18.00\u00a0 \u00a0\u00a0+ Za zmar\u0142ych poleconych w wypominkach<br \/>\nczw\u00a0 \u00a0\u00a05. XI\u00a0 \u00a0\u00a0\u00a0g. \u00a07.00 \u00a0\u00a0\u00a0\u00a0+ Wandy Kowalczyk \u2013 gregoria\u0144ska\u00a0 25<br \/>\npt\u00a0\u00a0\u00a0\u00a0\u00a0\u00a0 6. XI \u00a0\u00a0\u00a0 g. 18.00 \u00a0\u00a0\u00a0\u00a0+ Wandy Kowalczyk \u2013 gregoria\u0144ska\u00a0 26<br \/>\nsob\u00a0\u00a0 \u00a0\u00a07. XI \u00a0\u00a0\u00a0\u00a0g. 18.00\u00a0\u00a0 \u00a0+ Jadwigi So\u0142owiej w 1 rocznic\u0119 \u015bmierci<br \/>\nndz \u00a0\u00a0\u00a0\u00a08. XI \u00a0 \u00a0g. \u00a0\u00a09.00 \u00a0 \u00a0\u00a0+ Leonarda D\u0105browskiego, Aleksandra i Walerii \u00a0\u00a0\u00a0\u00a0\u00a0\u00a0\u00a0\u00a0\u00a0\u00a0\u00a0\u00a0\u00a0\u00a0\u00a0\u00a0\u00a0\u00a0\u00a0\u00a0\u00a0\u00a0\u00a0\u00a0\u00a0\u00a0\u00a0\u00a0\u00a0\u00a0\u00a0\u00a0\u00a0\u00a0\u00a0\u00a0\u00a0\u00a0 \u00a0\u00a0\u00a0\u00a0\u00a0\u00a0\u00a0\u00a0 D\u0105browskich<br \/>\n11.00 + Paw\u0142a \u017bochowskiego w 7 rocznic\u0119 \u015bmierci<\/li>\n<\/ol>\n<p>Naszym parafianom i go\u015bciom \u017cyczymy dobrej niedzieli oraz b\u0142ogos\u0142awionego tygodnia.<\/p>\n<p>Parafia Matki Bo\u017cej Loreta\u0144skiej,<br \/>\nul.Ko\u015bcielna 2<br \/>\n05-254 Kulig\u00f3w<br \/>\nProboszcz ks. Zbigniew Kloch<br \/>\ntel. 29-758-00-30<br \/>\nmail: kancelaria@parafiakuligow.pl<\/p>\n","protected":false},"excerpt":{"rendered":"<p>Dzi\u015b 1 listopada Uroczysto\u015b\u0107 Wszystkich \u015awi\u0119tych. Szczeg\u00f3lny dzie\u0144 naszej modlitwy za zmar\u0142ych i refleksji nad Tajemnic\u0105 \u017bycia. Msze \u015bwi\u0119te w ko\u015bciele o godz. 9.00 i 11.00. Na cmentarzu w Za\u0142ubicach Msza \u015bw. po\u0142\u0105czona z procesj\u0105 i modlitw\u0105 za zmar\u0142ych o godz. 12.00 Z tej racji mimo I niedzieli miesi\u0105ca nie [&hellip;]<\/p>\n","protected":false},"author":1,"featured_media":0,"comment_status":"closed","ping_status":"open","sticky":false,"template":"","format":"standard","meta":[],"categories":[2],"tags":[],"_links":{"self":[{"href":"http:\/\/www.parafiakuligow.pl\/index.php\/wp-json\/wp\/v2\/posts\/220"}],"collection":[{"href":"http:\/\/www.parafiakuligow.pl\/index.php\/wp-json\/wp\/v2\/posts"}],"about":[{"href":"http:\/\/www.parafiakuligow.pl\/index.php\/wp-json\/wp\/v2\/types\/post"}],"author":[{"embeddable":true,"href":"http:\/\/www.parafiakuligow.pl\/index.php\/wp-json\/wp\/v2\/users\/1"}],"replies":[{"embeddable":true,"href":"http:\/\/www.parafiakuligow.pl\/index.php\/wp-json\/wp\/v2\/comments?post=220"}],"version-history":[{"count":1,"href":"http:\/\/www.parafiakuligow.pl\/index.php\/wp-json\/wp\/v2\/posts\/220\/revisions"}],"predecessor-version":[{"id":221,"href":"http:\/\/www.parafiakuligow.pl\/index.php\/wp-json\/wp\/v2\/posts\/220\/revisions\/221"}],"wp:attachment":[{"href":"http:\/\/www.parafiakuligow.pl\/index.php\/wp-json\/wp\/v2\/media?parent=220"}],"wp:term":[{"taxonomy":"category","embeddable":true,"href":"http:\/\/www.parafiakuligow.pl\/index.php\/wp-json\/wp\/v2\/categories?post=220"},{"taxonomy":"post_tag","embeddable":true,"href":"http:\/\/www.parafiakuligow.pl\/index.php\/wp-json\/wp\/v2\/tags?post=220"}],"curies":[{"name":"wp","href":"https:\/\/api.w.org\/{rel}","templated":true}]}}