{"id":2191,"date":"2022-11-13T10:17:00","date_gmt":"2022-11-13T09:17:00","guid":{"rendered":"https:\/\/www.parafiakuligow.pl\/?p=2191"},"modified":"2022-11-18T10:22:31","modified_gmt":"2022-11-18T09:22:31","slug":"13-pazdziernik-2022-33-niedziela-zwykla","status":"publish","type":"post","link":"http:\/\/www.parafiakuligow.pl\/index.php\/2022\/11\/13\/13-pazdziernik-2022-33-niedziela-zwykla\/","title":{"rendered":"13 Pa\u017adziernik 2022 &#8211; 33 NIEDZIELA\u00a0 ZWYK\u0141A"},"content":{"rendered":"\n<ol type=\"1\"><li>Dzisiaj obchodzimy XIII Dzie\u0144\u00a0 Solidarno\u015bci z Ko\u015bcio\u0142em Prze\u015bladowanym. W tym roku pod has\u0142em: Solidarni z Ukrain\u0105. Po Mszy \u015bw. zbi\u00f3rka ofiar do puszek przeznaczone na ten cel. Dzie\u0144 dzisiejszy jest r\u00f3wnie\u017c obchodzony jako \u015awiatowy Dzie\u0144 Ubogich. W tym roku po raz sz\u00f3sty. Mottem tegorocznego Dnia s\u0105 s\u0142owa z Ewangelii w\/g \u015bw. Marka: \u201eChrystus dla nas sta\u0142 si\u0119 ubogim\u201d.<\/li><li>Trwamy w nowennie przed uroczysto\u015bci\u0105 Jezusa Chrystusa Kr\u00f3la Wszech\u015bwiata, kt\u00f3r\u0105 rozpocz\u0119li\u015bmy w pi\u0105tek 11 listopada. W dzie\u0144 uroczysto\u015bci odczytamy Jubileuszowy Akt przyj\u0119cia Chrystusa za Kr\u00f3la i Pana.<\/li><li>We\u00a0 wtorek 16 listopada wspomnienie NM Panny Ostrobramskiej; w czwartek \u015bw. El\u017cbiety W\u0119gierskiej, zakonnicy, a w pi\u0105tek 18 listopada b\u0142. Karoliny K\u00f3zk\u00f3wny, dziewicy i m\u0119czennicy.<\/li><li>Od\u00a0 I\u00a0 niedzieli Adwentu tj. 27 listopada b\u0119dzie mo\u017cna w naszym Ko\u015bciele zaopatrzy\u0107 si\u0119 w op\u0142atki na st\u00f3\u0142 wigilijny, kt\u00f3re w tym dniu zostan\u0105 pob\u0142ogos\u0142awione dla naszej wsp\u00f3lnoty parafialnej.<\/li><li>Wszystkim parafianom i go\u015bciom\u00a0 \u017cycz\u0119 zdrowia, dobrego duchowego prze\u017cycia niedzieli\u00a0 i\u00a0 spokojnego, b\u0142ogos\u0142awionego tygodnia.<\/li><li>Zach\u0119camy do czytania prasy katolickiej.<\/li><\/ol>\n\n\n\n<p class=\"has-text-align-center\"><strong>Intencje Mszalne<\/strong><\/p>\n\n\n\n<p class=\"has-text-align-center\"><strong>&nbsp;13 &#8211; 20&nbsp; Listopad &nbsp;2022r.<\/strong><\/p>\n\n\n\n<p><strong>Nd. 13.XI. 2022\u00a0\u00a0\u00a0 33\u00a0 NIEDZIELA ZWYK\u0141A \u00a0\u00a0\u00a0\u00a0\u00a0\u00a0\u00a0\u00a0\u00a0\u00a0\u00a0\u00a0\u00a0\u00a0\u00a0\u00a0\u00a0\u00a0\u00a0\u00a0\u00a0<\/strong><br>g.\u00a0\u00a0\u00a0 9.00\u00a0\u00a0\u00a0\u00a0 + Henryka \u0141aszcz\u00a0 \/8\/<br>g.\u00a0 11.00\u00a0\u00a0\u00a0\u00a0 Int. zam.<br><strong>Pn.\u00a0 14. XI <\/strong>\u00a0\u00a0\u00a0g. 18.00\u00a0 + Marka Lamirowskiego<br><strong>Wt.\u00a0 15. XI\u00a0\u00a0\u00a0 <\/strong>g.\u00a0\u00a0 7.00\u00a0 + Henryka \u0141aszcz\u00a0 \/9\/\u00a0<br><strong>\u015ar.\u00a0 16. XI\u00a0\u00a0\u00a0 <\/strong>g. 18.00\u00a0 W int. uczestnik\u00f3w Nabo\u017ce\u0144stw R\u00f3\u017ca\u0144cowych<br><strong>Czw. 17. XI\u00a0\u00a0 <\/strong>g.\u00a0\u00a0 7.00\u00a0 W int. Parafii<br><strong>Pt.\u00a0 18. XI\u00a0\u00a0\u00a0 <\/strong>g. 18.00\u00a0 + Zm. z rodz. Mroczk\u00f3w<br><strong>Sob. 19. XI <\/strong>\u00a0\u00a0\u00a0g. 18.00\u00a0 + Teres\u0119 i W\u0142odzimierza Gajewskich; Joann\u0119 i Ryszarda Kucharskich; J\u00f3zefa Czmut<br><strong>Nd. 20.XI. 2022\u00a0\u00a0 JEZUSA CHRYSTUSA KR\u00d3LA WSZECH\u015aWIATA<\/strong> <strong>UROCZYSTO\u015a\u0106<\/strong>\u00a0\u00a0\u00a0\u00a0\u00a0\u00a0\u00a0\u00a0 <br>g.\u00a0\u00a0\u00a0 9.00\u00a0\u00a0\u00a0\u00a0 + Kazimier\u0119 Fr\u0105czak<br>g.\u00a0 11.00\u00a0\u00a0\u00a0\u00a0 + Mariann\u0119 \u017bochowsk\u0105<\/p>\n","protected":false},"excerpt":{"rendered":"<p>Dzisiaj obchodzimy XIII Dzie\u0144\u00a0 Solidarno\u015bci z Ko\u015bcio\u0142em Prze\u015bladowanym. W tym roku pod has\u0142em: Solidarni z Ukrain\u0105. Po Mszy \u015bw. zbi\u00f3rka ofiar do puszek przeznaczone na ten cel. Dzie\u0144 dzisiejszy jest r\u00f3wnie\u017c obchodzony jako \u015awiatowy Dzie\u0144 Ubogich. W tym roku po raz sz\u00f3sty. Mottem tegorocznego Dnia s\u0105 s\u0142owa z Ewangelii w\/g [&hellip;]<\/p>\n","protected":false},"author":2,"featured_media":0,"comment_status":"closed","ping_status":"closed","sticky":false,"template":"","format":"standard","meta":[],"categories":[2],"tags":[],"_links":{"self":[{"href":"http:\/\/www.parafiakuligow.pl\/index.php\/wp-json\/wp\/v2\/posts\/2191"}],"collection":[{"href":"http:\/\/www.parafiakuligow.pl\/index.php\/wp-json\/wp\/v2\/posts"}],"about":[{"href":"http:\/\/www.parafiakuligow.pl\/index.php\/wp-json\/wp\/v2\/types\/post"}],"author":[{"embeddable":true,"href":"http:\/\/www.parafiakuligow.pl\/index.php\/wp-json\/wp\/v2\/users\/2"}],"replies":[{"embeddable":true,"href":"http:\/\/www.parafiakuligow.pl\/index.php\/wp-json\/wp\/v2\/comments?post=2191"}],"version-history":[{"count":1,"href":"http:\/\/www.parafiakuligow.pl\/index.php\/wp-json\/wp\/v2\/posts\/2191\/revisions"}],"predecessor-version":[{"id":2192,"href":"http:\/\/www.parafiakuligow.pl\/index.php\/wp-json\/wp\/v2\/posts\/2191\/revisions\/2192"}],"wp:attachment":[{"href":"http:\/\/www.parafiakuligow.pl\/index.php\/wp-json\/wp\/v2\/media?parent=2191"}],"wp:term":[{"taxonomy":"category","embeddable":true,"href":"http:\/\/www.parafiakuligow.pl\/index.php\/wp-json\/wp\/v2\/categories?post=2191"},{"taxonomy":"post_tag","embeddable":true,"href":"http:\/\/www.parafiakuligow.pl\/index.php\/wp-json\/wp\/v2\/tags?post=2191"}],"curies":[{"name":"wp","href":"https:\/\/api.w.org\/{rel}","templated":true}]}}