{"id":2154,"date":"2022-09-25T09:43:00","date_gmt":"2022-09-25T07:43:00","guid":{"rendered":"https:\/\/www.parafiakuligow.pl\/?p=2154"},"modified":"2022-10-01T17:58:40","modified_gmt":"2022-10-01T15:58:40","slug":"25-wrzesien-2022-26-niedziela-zwykla","status":"publish","type":"post","link":"http:\/\/www.parafiakuligow.pl\/index.php\/2022\/09\/25\/25-wrzesien-2022-26-niedziela-zwykla\/","title":{"rendered":"25 Wrzesie\u0144 2022 &#8211; 26 NIEDZIELA\u00a0 ZWYK\u0141A"},"content":{"rendered":"\n<ol type=\"1\"><li>Dzi\u015b podczas Mszy \u015bw. o godz. 11.00 dzieci przygotowuj\u0105ce si\u0119 do I Komunii \u015bw. otrzymaj\u0105 r\u00f3\u017ca\u0144ce. To pierwszy znak w przygotowaniu do tego wa\u017cnego wydarzenia w ich \u017cyciu.<\/li><li>Trwa diecezjalna Nowenna Pompeja\u0144ska&nbsp; w 30 rocznic\u0119 ustanowienia Diecezji Warszawsko \u2013 Praskiej. Pragniemy w ten spos\u00f3b zawierzy\u0107 Matce Bo\u017cej wszystkie Parafie, o\u015brodki duszpasterskie, Pasterzy, kap\u0142an\u00f3w, domy i zgromadzenia zakonne oraz wszystkie rodziny. R\u00f3wnie\u017c nasza wsp\u00f3lnota parafialna&nbsp; w ubieg\u0142y czwartek w 15 dzie\u0144 nowenny&nbsp; zgromadzi\u0142a si\u0119 w tej intencji na wsp\u00f3lnej modlitwie przed Naj\u015bwi\u0119tszym&nbsp; Sakramentem.<\/li><li>We wtorek 27 wrze\u015bnia wspominamy \u015bw. Wincentego a Paulo, a w czwartek \u015bwi\u0119to, Rocznica Po\u015bwi\u0119cenia Bazyliki Katedralnej w Warszawie-Pradze.<\/li><li>Najbli\u017csza sobota to I sobota miesi\u0105ca. W tym dniu wspominamy \u015bw. Teres\u0119 od Dzieci\u0105tka Jezus, dziewicy i doktora Ko\u015bcio\u0142a. Msza \u015bw. o Niepokalanym Sercu Maryi o godz. 18.00.<\/li><li>W przysz\u0142\u0105&nbsp; niedziel\u0119 2 pa\u017adziernika z racji I niedzieli miesi\u0105ca po Mszy \u015bw. o godz. 11.00 wystawienie Naj\u015bwi\u0119tszego Sakramentu i modlitwa r\u00f3\u017ca\u0144cowa. W tym dniu ofiary na tac\u0119 przeznaczamy na dom siostry Faustyny Kowalskiej w Ostr\u00f3wku.<\/li><li>Zapraszamy do wsp\u00f3lnej modlitwy R\u00f3\u017ca\u0144cowej dzieci, m\u0142odzie\u017c oraz doros\u0142ych. R\u00f3\u017caniec codziennie; w poniedzia\u0142ek, \u015brod\u0119, pi\u0105tek oraz sobot\u0119 przed Msz\u0105 \u015bw. o godz.17.30; we&nbsp; wtorek&nbsp; i czwartek po Mszy \u015bw. o godz.7.00 . W niedziel\u0119 po Mszy \u015bw. o godz. 11.00. Po ka\u017cdym nabo\u017ce\u0144stwie b\u0119d\u0105&nbsp; rozdawane dzieciom naklejki z tajemnicami, kt\u00f3re nale\u017cy wklei\u0107 do zeszytu.<\/li><li>Od&nbsp; pa\u017adziernika tak, jak w latach poprzednich zmieni si\u0119 organizacja S\u0142u\u017cby Bo\u017cej w naszej parafii. W niedziel\u0119 pozostan\u0105 dwie Msze \u015bw. o godz. 9.00 i 11.00. W dni powszednie Msza \u015bw. wieczorna b\u0119dzie odprawiana o godzin\u0119 wcze\u015bniej tzn. nie o 19.00, ale o godz. 18.00. We wtorki i czwartki Msza \u015bw. b\u0119dzie odprawiana o godz. 7.00.<\/li><li>Wszystkim naszym parafianom i go\u015bciom odpoczywaj\u0105cym w Kuligowie \u017cycz\u0119 mi\u0142ej niedzieli oraz dobrego i b\u0142ogos\u0142awionego tygodnia.<\/li><li>Zach\u0119camy do czytania prasy katolickiej.<\/li><\/ol>\n\n\n\n<p class=\"has-text-align-center\"><strong>Intencje Mszalne<\/strong><\/p>\n\n\n\n<p class=\"has-text-align-center\"><strong>&nbsp;25 Wrzesie\u0144 \u2013 02 Pa\u017adziernik &nbsp;2022r.<\/strong><\/p>\n\n\n\n<p><strong>Nd. 25.IX. 2022\u00a0\u00a0\u00a0 26\u00a0 NIEDZIELA ZWYK\u0141A \u00a0\u00a0\u00a0\u00a0\u00a0\u00a0\u00a0\u00a0\u00a0\u00a0\u00a0\u00a0\u00a0\u00a0\u00a0\u00a0\u00a0\u00a0\u00a0\u00a0\u00a0<\/strong><br>g.\u00a0\u00a0 \u00a09.00\u00a0\u00a0\u00a0\u00a0 + Hieronima Ga\u0142eckiego (Int. mieninowa)<br>g.\u00a0 11.00\u00a0\u00a0\u00a0\u00a0 + Wac\u0142awa i Aniel\u0119 Ga\u0142eckich<br><strong>Pn.\u00a0 26. IX <\/strong>\u00a0\u00a0\u00a0\u00a0\u00a0\u00a0g. 19.00 \u00a0+ Jolant\u0119 Teres\u0119 Bieleck\u0105\u00a0 \/3\/<br><strong>Wt.\u00a0 27. IX\u00a0\u00a0\u00a0 \u00a0\u00a0\u00a0<\/strong>g.\u00a0\u00a0 7.00 \u00a0+ Jolant\u0119 Teres\u0119 Bieleck\u0105\u00a0 \/4\/<br><strong>\u015ar.\u00a0 28. IX\u00a0\u00a0\u00a0 \u00a0\u00a0\u00a0<\/strong>g. 19.00\u00a0 + Janin\u0119 Karasiewicz w 1 rocz. \u015bm.<br><strong>Czw. 29. IX\u00a0\u00a0 <\/strong>\u00a0\u00a0\u00a0g.\u00a0\u00a0 7.00\u00a0 + Jolant\u0119 Teres\u0119 Bieleck\u0105 \/Od. Pr. U. Poczt. Wo\u0142omin\/<br><strong>Pt.\u00a0 30. IX\u00a0 \u00a0\u00a0\u00a0<\/strong>\u00a0g. 19.00\u00a0 Dzi\u0119k. \u2013 b\u0142ag. o Bo\u017ce b\u0142og. i \u0142aski, opiek\u0119 Matki Bo\u017cej dla Anity i Krzysztofa Cupryn<br><strong>Sob. \u00a001. X <\/strong>\u00a0\u00a0\u00a0\u00a0\u00a0\u00a0\u00a0<br>g. 18.00\u00a0 O Bo\u017ce b\u0142og i \u0142aski , opiek\u0119 Matki Bo\u017cej dla cz\u0142onki\u0144 K\u017bR Matki Bo\u017cej Bolesnej i ich rodzin<br>R\u00f3\u017caniec<br><strong>Nd. 02.X. 2022\u00a0\u00a0\u00a0 27 \u00a0NIEDZIELA ZWYK\u0141A \u00a0\u00a0\u00a0\u00a0\u00a0\u00a0\u00a0\u00a0\u00a0\u00a0\u00a0\u00a0\u00a0\u00a0\u00a0\u00a0\u00a0\u00a0\u00a0\u00a0\u00a0<\/strong><br>g.\u00a0\u00a0 \u00a09.00\u00a0\u00a0\u00a0\u00a0 Int. zam.<br>g.\u00a0 11.00 \u00a0\u00a0\u00a0\u00a0+ Salome\u0119 i Boles\u0142awa; Barbar\u0119 Mianowskich<br>R\u00f3\u017caniec<\/p>\n","protected":false},"excerpt":{"rendered":"<p>Dzi\u015b podczas Mszy \u015bw. o godz. 11.00 dzieci przygotowuj\u0105ce si\u0119 do I Komunii \u015bw. otrzymaj\u0105 r\u00f3\u017ca\u0144ce. To pierwszy znak w przygotowaniu do tego wa\u017cnego wydarzenia w ich \u017cyciu. Trwa diecezjalna Nowenna Pompeja\u0144ska&nbsp; w 30 rocznic\u0119 ustanowienia Diecezji Warszawsko \u2013 Praskiej. Pragniemy w ten spos\u00f3b zawierzy\u0107 Matce Bo\u017cej wszystkie Parafie, o\u015brodki [&hellip;]<\/p>\n","protected":false},"author":2,"featured_media":0,"comment_status":"closed","ping_status":"closed","sticky":false,"template":"","format":"standard","meta":[],"categories":[2],"tags":[],"_links":{"self":[{"href":"http:\/\/www.parafiakuligow.pl\/index.php\/wp-json\/wp\/v2\/posts\/2154"}],"collection":[{"href":"http:\/\/www.parafiakuligow.pl\/index.php\/wp-json\/wp\/v2\/posts"}],"about":[{"href":"http:\/\/www.parafiakuligow.pl\/index.php\/wp-json\/wp\/v2\/types\/post"}],"author":[{"embeddable":true,"href":"http:\/\/www.parafiakuligow.pl\/index.php\/wp-json\/wp\/v2\/users\/2"}],"replies":[{"embeddable":true,"href":"http:\/\/www.parafiakuligow.pl\/index.php\/wp-json\/wp\/v2\/comments?post=2154"}],"version-history":[{"count":5,"href":"http:\/\/www.parafiakuligow.pl\/index.php\/wp-json\/wp\/v2\/posts\/2154\/revisions"}],"predecessor-version":[{"id":2162,"href":"http:\/\/www.parafiakuligow.pl\/index.php\/wp-json\/wp\/v2\/posts\/2154\/revisions\/2162"}],"wp:attachment":[{"href":"http:\/\/www.parafiakuligow.pl\/index.php\/wp-json\/wp\/v2\/media?parent=2154"}],"wp:term":[{"taxonomy":"category","embeddable":true,"href":"http:\/\/www.parafiakuligow.pl\/index.php\/wp-json\/wp\/v2\/categories?post=2154"},{"taxonomy":"post_tag","embeddable":true,"href":"http:\/\/www.parafiakuligow.pl\/index.php\/wp-json\/wp\/v2\/tags?post=2154"}],"curies":[{"name":"wp","href":"https:\/\/api.w.org\/{rel}","templated":true}]}}