{"id":2137,"date":"2022-09-04T11:44:00","date_gmt":"2022-09-04T09:44:00","guid":{"rendered":"https:\/\/www.parafiakuligow.pl\/?p=2137"},"modified":"2022-09-09T11:48:44","modified_gmt":"2022-09-09T09:48:44","slug":"04-wrzesien-2022-23-niedziela-zwykla","status":"publish","type":"post","link":"http:\/\/www.parafiakuligow.pl\/index.php\/2022\/09\/04\/04-wrzesien-2022-23-niedziela-zwykla\/","title":{"rendered":"04 Wrzesie\u0144 2022 &#8211; 23\u00a0NIEDZIELA\u00a0ZWYK\u0141A"},"content":{"rendered":"\n<ol type=\"1\"><li>Dzi\u015b z racji I niedzieli miesi\u0105ca po Mszy \u015bwi\u0119tej o godz.11.00 wystawienie Naj\u015bwi\u0119tszego Sakramentu i adoracja eucharystyczna. Po adoracji spotkanie rady Parafialnej.<\/li><li>Po\u015bwi\u0119cenie przybor\u00f3w szkolnych\u00a0 w zwi\u0105zku z nowym rokiem dzisiaj podczas Mszy \u015bw. o godz.11.00.<\/li><li>W dniu dzisiejszym zbi\u00f3rka do puszek na Katolicki O\u015brodek Adopcyjny po ka\u017cdej Mszy \u015bw., a za tydzie\u0144 taca na Wy\u017csze Seminarium Duchowne.<\/li><li>Jest ju\u017c nowa ksi\u0105\u017cka intencji mszalnych. Mo\u017cemy od jutra tj. 5 wrze\u015bnia zamawia\u0107 intencje mszalne na rok 2023.<\/li><li>Pocz\u0105wszy od dnia dzisiejszego nie b\u0119dzie ju\u017c dodatkowej Mszy \u015bw. w niedziel\u0119 o godz. 13.00, tylko o godz. 9.00 i 11.00.<\/li><li>W pierwsz\u0105 \u015brod\u0119 miesi\u0105ca modlimy si\u0119 w intencji zmar\u0142ych, kt\u00f3rych wspominamy w rocznych wypominkach. Msza \u015bw. o godz. 19.00 po\u0142\u0105czona jest z nowenn\u0105 do Matki Bo\u017cej Nieustaj\u0105cej Pomocy. Zapraszamy do wsp\u00f3lnej modlitwy.<\/li><li>W \u015brod\u0119 7 wrze\u015bnia obchodzimy wspomnienie B\u0142. Ignacego K\u0142opotowskiego, prezbitera, a w czwartek \u015bwi\u0119to Narodzenia Naj\u015bwi\u0119tszej Maryi Panny.<\/li><li>W niedziel\u0119 11 wrze\u015bnia po Mszy o godz. 11.00 spotkanie organizacyjne dla Rodzic\u00f3w i dzieci przygotowuj\u0105cych si\u0119 do I Komunii \u015bwi\u0119tej. Obecno\u015b\u0107 obowi\u0105zkowa.<\/li><li>Dzieci, kt\u00f3re rozpocz\u0119\u0142y odprawia\u0107 Pierwsze Pi\u0105tki Miesi\u0105ca, poprosz\u0119 rodzic\u00f3w, aby dopilnowa\u0142y , by nie by\u0142o przerwy w tym z rz\u0119du dziewi\u0119ciu pi\u0105tk\u00f3w.<\/li><li>Zapraszam wszystkich ch\u0119tnych ch\u0142opc\u00f3w i m\u0142odzie\u0144c\u00f3w do S\u0142u\u017cby Liturgicznej O\u0142tarza.<\/li><li>Wszystkim naszym parafianom i go\u015bciom odpoczywaj\u0105cym w Kuligowie \u017cycz\u0119 mi\u0142ej niedzieli oraz dobrego i b\u0142ogos\u0142awionego tygodnia.<\/li><li>Zach\u0119camy do czytania prasy katolickiej.<\/li><\/ol>\n\n\n\n<p class=\"has-text-align-center\"><strong>Intencje Mszalne<\/strong><\/p>\n\n\n\n<p class=\"has-text-align-center\"><strong>&nbsp;04 \u2013 11 Wrzesie\u0144 &nbsp;2022r.<\/strong><\/p>\n\n\n\n<p><strong>Nd.\u00a0 04.IX. 2022\u00a0\u00a0\u00a0 23\u00a0 NIEDZIELA ZWYK\u0141A \u00a0\u00a0\u00a0\u00a0\u00a0\u00a0\u00a0\u00a0\u00a0\u00a0<\/strong><br>g.\u00a0\u00a0 \u00a09.00\u00a0\u00a0\u00a0\u00a0\u00a0 Int. zam.\u00a0\u00a0\u00a0\u00a0\u00a0\u00a0\u00a0\u00a0\u00a0 <br>g.\u00a0 11.00\u00a0 + Stefani\u0119\u00a0 i Stefana Za\u0142\u0119skich<br><strong>Pn.\u00a0 05. IX <\/strong>\u00a0\u00a0\u00a0\u00a0\u00a0\u00a0g. 19.00\u00a0 + Ew\u0119 Drza\u017cd\u017cy\u0144sk\u0105 (urodzinowa)<br><strong>Wt.\u00a0 06. IX\u00a0\u00a0\u00a0 \u00a0\u00a0\u00a0<\/strong>g.\u00a0\u00a0 7.00 \u00a0+ Wac\u0142awa Policewicza<br><strong>\u015ar.\u00a0 07. IX\u00a0\u00a0\u00a0 \u00a0\u00a0\u00a0<\/strong>g. 19.00\u00a0 + Anastazj\u0119 i J\u00f3zefa G\u0105ska; Halin\u0119 i W\u0142adys\u0142awa Pacholczyk\u00f3w<br><strong>Czw. 08. IX\u00a0\u00a0 <\/strong>\u00a0\u00a0\u00a0g.\u00a0\u00a0 7.00\u00a0 + Barbar\u0119 Fotek<br><strong>Pt.\u00a0 09. IX\u00a0 \u00a0\u00a0\u00a0\u00a0<\/strong>g. 19.00\u00a0 Int. wolna<br><strong>Sob. \u00a010. IX <\/strong>\u00a0\u00a0\u00a0\u00a0\u00a0<br>g. 17.00\u00a0 \u015alub<br>g. 19.00\u00a0 Int. zam.<br><strong>Nd. 11.IX. 2022\u00a0\u00a0\u00a0 24 \u00a0NIEDZIELA ZWYK\u0141A \u00a0\u00a0\u00a0\u00a0\u00a0\u00a0\u00a0\u00a0\u00a0\u00a0\u00a0\u00a0\u00a0\u00a0\u00a0\u00a0\u00a0\u00a0\u00a0\u00a0\u00a0<\/strong><br>g.\u00a0\u00a0 \u00a09.00\u00a0\u00a0\u00a0\u00a0\u00a0 Int. zam.<br>g.\u00a0 11.00 \u00a0\u00a0\u00a0\u00a0\u00a0Int. zam.<\/p>\n","protected":false},"excerpt":{"rendered":"<p>Dzi\u015b z racji I niedzieli miesi\u0105ca po Mszy \u015bwi\u0119tej o godz.11.00 wystawienie Naj\u015bwi\u0119tszego Sakramentu i adoracja eucharystyczna. Po adoracji spotkanie rady Parafialnej. Po\u015bwi\u0119cenie przybor\u00f3w szkolnych\u00a0 w zwi\u0105zku z nowym rokiem dzisiaj podczas Mszy \u015bw. o godz.11.00. W dniu dzisiejszym zbi\u00f3rka do puszek na Katolicki O\u015brodek Adopcyjny po ka\u017cdej Mszy \u015bw., [&hellip;]<\/p>\n","protected":false},"author":2,"featured_media":0,"comment_status":"closed","ping_status":"closed","sticky":false,"template":"","format":"standard","meta":[],"categories":[2],"tags":[],"_links":{"self":[{"href":"http:\/\/www.parafiakuligow.pl\/index.php\/wp-json\/wp\/v2\/posts\/2137"}],"collection":[{"href":"http:\/\/www.parafiakuligow.pl\/index.php\/wp-json\/wp\/v2\/posts"}],"about":[{"href":"http:\/\/www.parafiakuligow.pl\/index.php\/wp-json\/wp\/v2\/types\/post"}],"author":[{"embeddable":true,"href":"http:\/\/www.parafiakuligow.pl\/index.php\/wp-json\/wp\/v2\/users\/2"}],"replies":[{"embeddable":true,"href":"http:\/\/www.parafiakuligow.pl\/index.php\/wp-json\/wp\/v2\/comments?post=2137"}],"version-history":[{"count":3,"href":"http:\/\/www.parafiakuligow.pl\/index.php\/wp-json\/wp\/v2\/posts\/2137\/revisions"}],"predecessor-version":[{"id":2141,"href":"http:\/\/www.parafiakuligow.pl\/index.php\/wp-json\/wp\/v2\/posts\/2137\/revisions\/2141"}],"wp:attachment":[{"href":"http:\/\/www.parafiakuligow.pl\/index.php\/wp-json\/wp\/v2\/media?parent=2137"}],"wp:term":[{"taxonomy":"category","embeddable":true,"href":"http:\/\/www.parafiakuligow.pl\/index.php\/wp-json\/wp\/v2\/categories?post=2137"},{"taxonomy":"post_tag","embeddable":true,"href":"http:\/\/www.parafiakuligow.pl\/index.php\/wp-json\/wp\/v2\/tags?post=2137"}],"curies":[{"name":"wp","href":"https:\/\/api.w.org\/{rel}","templated":true}]}}