{"id":2119,"date":"2022-08-14T02:39:27","date_gmt":"2022-08-14T00:39:27","guid":{"rendered":"https:\/\/www.parafiakuligow.pl\/?p=2119"},"modified":"2022-08-14T02:41:50","modified_gmt":"2022-08-14T00:41:50","slug":"14-sierpien-2022-20-niedziela-zwykla","status":"publish","type":"post","link":"http:\/\/www.parafiakuligow.pl\/index.php\/2022\/08\/14\/14-sierpien-2022-20-niedziela-zwykla\/","title":{"rendered":"14\u00a0Sierpie\u0144 2022 &#8211; 20\u00a0NIEDZIELA\u00a0ZWYK\u0141A"},"content":{"rendered":"\n<p>Do Sakramentu Ma\u0142\u017ce\u0144stwa przygotowuj\u0105 si\u0119 nast\u0119puj\u0105ce osoby:<br>Micha\u0142 Grze\u015bkiewicz, kawaler z par. p\/w Matki Bo\u017cej Loreta\u0144skiej &#8211; Kulig\u00f3w, oraz<br>Paulina Borkowska, panna z par. p\/w Matki \u0141aski Bo\u017cej &#8211; Halin\u00f3w,<br>zapowied\u017a\u00a0 I.<br>Kto by wiedzia\u0142 o\u00a0 przeszkodach zachodz\u0105cych mi\u0119dzy tymi osobami, proszony jest o poinformowanie w kancelarii\u00a0parafialnej. Polecamy tych\u00a0narzeczonych modlitwie wiernych.<\/p>\n\n\n\n<ol type=\"1\"><li>W poniedzia\u0142ek 15 sierpnia \u00a0przypada Uroczysto\u015b\u0107 Wniebowzi\u0119cia NM Panny, Matki Bo\u017cej Zwyci\u0119skiej, g\u0142\u00f3wnej patronki diecezji i 102 rocznica Bitwy Warszawskiej w 1920 roku. Na ka\u017cdej Mszy \u015bw. b\u0142ogos\u0142awie\u0144stwo zi\u00f3\u0142 i kwiat\u00f3w. W Konkatedrze \u2013 Sanktuarium Matki Bo\u017cej Zwyci\u0119skiej na Kamionku w Warszawie, uroczysto\u015b\u0107 ku czci Patronki Diecezji. Udziela si\u0119 odpustu zupe\u0142nego wiernym , kt\u00f3rzy nawiedz\u0105 Konkatedr\u0119 i tam pobo\u017cnie odm\u00f3wi\u0105 modlitwy: Ojcze nasz i Wierz\u0119.<\/li><li>W \u015brod\u0119 17 sierpnia wspominamy \u015bw. Jacka, prezbitera, a w sobot\u0119 \u015bw. Bernarda, opata i doktora Ko\u015bcio\u0142a.<\/li><li>W przysz\u0142\u0105 niedziel\u0119 21 sierpnia w naszej parafii b\u0119dziemy prze\u017cywa\u0107 uroczysto\u015b\u0107 odpustow\u0105. Sum\u0119 odpustow\u0105 o godz.12.30 odprawi i kazanie wyg\u0142osi o. Grzegorz Zakrzewski z Zakonu o. Paulin\u00f3w. \u00a0Po Mszy \u015bw. litania Loreta\u0144ska i procesja\u00a0eucharystyczna. Na zako\u0144czenie przed b\u0142ogos\u0142awie\u0144stwem od\u015bpiewamy hymn: \u201eCiebie\u00a0Boga Wys\u0142awiamy\u2026\u201d. Do orszaku procesyjnego zapraszam ministrant\u00f3w, bielanki, dzieci, m\u0142odzie\u017c, OSP \u2013 Kulig\u00f3w, parafian i go\u015bci. Pragniemy w spos\u00f3b szczeg\u00f3lny\u00a0prze\u017cy\u0107 ten czas w \u0142\u0105czno\u015bci z Bogiem na Eucharystii, do\u015bwiadczaj\u0105c Jego mi\u0142osierdzia.\u00a0W tym dniu nie b\u0119dzie Mszy \u015bw. o godz. 11.00 i 13.00.<\/li><li>Doroczna, dzi\u0119kczynna procesja do Krzy\u017cy w Kuligowie odb\u0119dzie si\u0119 w pi\u0105tek 26 sierpnia w Uroczysto\u015b\u0107 NM Panny Cz\u0119stochowskiej\u00a0 o godz. 17.00. Po procesji Msza \u015bw. Tradycyjnie zatroszczmy si\u0119 o odnowienie i dekoracj\u0119 naszych krzy\u017cy i kaplic.\u00a0\u00a0Wyrazimy w ten spos\u00f3b nasze \u015bwiadectwo wiary. Zapraszamy do wsp\u00f3lnej modlitwy.<\/li><li>W sobot\u0119 27 sierpnia odb\u0119dzie si\u0119 organizowana przez nasz\u0105 Gmin\u0119 impreza plenerowa \u201e Husarzy w Kuligowie. Policjanci w obronie ojczyzny w sierpniu 1920 roku\u201d, pod\u00a0 honorowym patronatem Ministra Spraw Wewn\u0119trznych i Administracji. To wydarzenie rozpocznie si\u0119 w naszym Ko\u015bciele o godz. 16.00\u00a0 Msz\u0105 \u015bw. w intencji Ojczyzny i\u00a0 jej Obro\u0144c\u00f3w w 102 rocznic\u0119 Bitwy Warszawskiej.<\/li><li>Wszystkim naszym parafianom i go\u015bciom odpoczywaj\u0105cym w Kuligowie \u017cycz\u0119 mi\u0142ej niedzieli oraz dobrego i b\u0142ogos\u0142awionego tygodnia.<\/li><li>Zach\u0119camy do czytania prasy katolickiej.<\/li><\/ol>\n\n\n\n<p class=\"has-text-align-center\"><strong>Intencje Mszalne<\/strong><strong>\u00a014 \u2013 21 \u00a0Sierpie\u0144 2022r.<\/strong><\/p>\n\n\n\n<p><strong>Nd.\u00a0 14. VIII. 2022\u00a0\u00a0\u00a0 20\u00a0 NIEDZIELA ZWYK\u0141A<\/strong><br>g.\u00a0\u00a0 \u00a09.00\u00a0 Int. zam.<br>g.\u00a0 11.00 \u00a0Int. zam.<br>g. \u00a013.00 \u00a0+ Janin\u0119 i Kazimierza Ma\u0144k; J\u00f3zef\u0119, Aleksandra i Tadeusza Wi\u0105cek<br><strong>Pn.\u00a0 15.VIII\u00a0\u00a0\u00a0 WNIEBOWZIECIE NAJ\u015aWIETSZEJ MARYI PANNY<\/strong><br>g.\u00a0\u00a0 9.00\u00a0 + Adama Wieteska w 15 rocz. \u015bm.<br>g. 11.00\u00a0 Int. zam.<br>g. 13.00 + Zm. rodzic\u00f3w: Iren\u0119 i Jana Daszewskich; Janin\u0119 i Wiktora Bystrek<br><strong>Wt.\u00a0 16. VIII\u00a0\u00a0\u00a0 <\/strong>g.\u00a0\u00a0 7.00 \u00a0W int. Parafii<br><strong>\u015ar.\u00a0 17. VIII\u00a0\u00a0\u00a0 <\/strong>g. 19.00\u00a0 + Halin\u0119 D\u0105browsk\u0105<br><strong>Czw. 18. VIII\u00a0\u00a0 <\/strong>\u00a0g.\u00a0\u00a0 7.00\u00a0 Int. wolna<br><strong>Pt.\u00a0 19. VIII\u00a0\u00a0 \u00a0<\/strong>g. 19.00\u00a0 + Bogdana Korneman<br><strong>Sob. \u00a020. VIII\u00a0 <\/strong>\u00a0\u00a0g. 19.00\u00a0 Int. zam.<br><strong>Nd.\u00a0 21. VIII. 2022\u00a0\u00a0\u00a0 21 \u00a0NIEDZIELA ZWYK\u0141A \/ ODPUST PARAFIALNY\/<\/strong><br>g.\u00a0\u00a0 \u00a09.00\u00a0 Int. zam.<br>g. 12.30 \u00a0\u00a0W int. Parafii<\/p>\n","protected":false},"excerpt":{"rendered":"<p>Do Sakramentu Ma\u0142\u017ce\u0144stwa przygotowuj\u0105 si\u0119 nast\u0119puj\u0105ce osoby:Micha\u0142 Grze\u015bkiewicz, kawaler z par. p\/w Matki Bo\u017cej Loreta\u0144skiej &#8211; Kulig\u00f3w, orazPaulina Borkowska, panna z par. p\/w Matki \u0141aski Bo\u017cej &#8211; Halin\u00f3w,zapowied\u017a\u00a0 I.Kto by wiedzia\u0142 o\u00a0 przeszkodach zachodz\u0105cych mi\u0119dzy tymi osobami, proszony jest o poinformowanie w kancelarii\u00a0parafialnej. Polecamy tych\u00a0narzeczonych modlitwie wiernych. W poniedzia\u0142ek 15 [&hellip;]<\/p>\n","protected":false},"author":2,"featured_media":0,"comment_status":"closed","ping_status":"closed","sticky":false,"template":"","format":"standard","meta":[],"categories":[2],"tags":[],"_links":{"self":[{"href":"http:\/\/www.parafiakuligow.pl\/index.php\/wp-json\/wp\/v2\/posts\/2119"}],"collection":[{"href":"http:\/\/www.parafiakuligow.pl\/index.php\/wp-json\/wp\/v2\/posts"}],"about":[{"href":"http:\/\/www.parafiakuligow.pl\/index.php\/wp-json\/wp\/v2\/types\/post"}],"author":[{"embeddable":true,"href":"http:\/\/www.parafiakuligow.pl\/index.php\/wp-json\/wp\/v2\/users\/2"}],"replies":[{"embeddable":true,"href":"http:\/\/www.parafiakuligow.pl\/index.php\/wp-json\/wp\/v2\/comments?post=2119"}],"version-history":[{"count":4,"href":"http:\/\/www.parafiakuligow.pl\/index.php\/wp-json\/wp\/v2\/posts\/2119\/revisions"}],"predecessor-version":[{"id":2124,"href":"http:\/\/www.parafiakuligow.pl\/index.php\/wp-json\/wp\/v2\/posts\/2119\/revisions\/2124"}],"wp:attachment":[{"href":"http:\/\/www.parafiakuligow.pl\/index.php\/wp-json\/wp\/v2\/media?parent=2119"}],"wp:term":[{"taxonomy":"category","embeddable":true,"href":"http:\/\/www.parafiakuligow.pl\/index.php\/wp-json\/wp\/v2\/categories?post=2119"},{"taxonomy":"post_tag","embeddable":true,"href":"http:\/\/www.parafiakuligow.pl\/index.php\/wp-json\/wp\/v2\/tags?post=2119"}],"curies":[{"name":"wp","href":"https:\/\/api.w.org\/{rel}","templated":true}]}}