{"id":2107,"date":"2022-07-24T22:31:00","date_gmt":"2022-07-24T20:31:00","guid":{"rendered":"https:\/\/www.parafiakuligow.pl\/?p=2107"},"modified":"2022-07-29T00:36:37","modified_gmt":"2022-07-28T22:36:37","slug":"24-lipiec-2022-17-niedziela-zwykla","status":"publish","type":"post","link":"http:\/\/www.parafiakuligow.pl\/index.php\/2022\/07\/24\/24-lipiec-2022-17-niedziela-zwykla\/","title":{"rendered":"24 Lipiec 2022 &#8211; 17\u00a0NIEDZIELA ZWYK\u0141A"},"content":{"rendered":"\n<ol type=\"1\"><li>Dzi\u015b po ka\u017cdej Mszy \u015bw. b\u0142ogos\u0142awie\u0144stwo kierowc\u00f3w i po\u015bwi\u0119cenie pojazd\u00f3w z racji\u00a0 \u015bw. Krzysztofa patrona podr\u00f3\u017cuj\u0105cych. Dzi\u0119kuj\u0105c Panu Bogu za Jego opiek\u0119 mo\u017cemy wesprze\u0107 polskich misjonarzy ofiar\u0105 na zakup transportu. Dzie\u0144 dzisiejszy jest r\u00f3wnie\u017c \u015awiatowym Dniem Dziadk\u00f3w i Os\u00f3b Starszych w blisko\u015bci wspomnienia \u015bwi\u0119tych Joachima i Anny, dziadk\u00f3w Pana Jezusa. W tym roku pod has\u0142em: \u201eWydadz\u0105 owoc nawet i w staro\u015bci\u201d.\u00a0Do naszych modlitw do\u0142\u0105czmy intencje za osoby starsze i tych najbli\u017cszych, kt\u00f3rym tak wiele zawdzi\u0119czali\u015bmy i zawdzi\u0119czamy. Z okazji \u015awiatowego Dnia Dziadk\u00f3w i Os\u00f3b Starszych udziela si\u0119 odpustu. Osoby starsze mog\u0105 uzyska\u0107 odpust uczestnicz\u0105c w jednej z Mszy \u015bw. odprawianych z okazji tego \u015awiatowego Dnia. Odpust obejmie r\u00f3wnie\u017c tych, kt\u00f3rzy b\u0119d\u0105 uczestniczyli we Mszy za po\u015brednictwem telewizji, radia lub Internetu. Udziela si\u0119 tak\u017ce odpustu tym wszystkim, kt\u00f3rzy w tym \u015awiatowym Dniu wykonaj\u0105 &#8222;uczynek mi\u0142osierdzia&#8221;, odwiedzaj\u0105c samotn\u0105 osob\u0119 starsz\u0105.<\/li><li>W poniedzia\u0142ek 25 lipca \u015bwi\u0119to \u015bw. Jakuba, Aposto\u0142a; we wtorek wspomnienie \u015bwi\u0119tych Ioachima i Anny, rodzic\u00f3w Naj\u015bw. Maryi Panny, a w pi\u0105tek 29 lipca wspomnienie \u015bw. Marty, Marii i \u0141azarza.<\/li><li>Przypominamy, \u017ce Msza \u015bw. w \u015brody o godz. 19.00 po\u0142\u0105czona jest z nowenn\u0105 do Matki Bo\u017cej Nieustaj\u0105cej Pomocy. Serdecznie zapraszamy do wsp\u00f3lnej modlitwy.<\/li><li>XIV Piesza Pielgrzymka z Warszawy do Ostr\u00f3wka w intencji powo\u0142a\u0144 do kap\u0142a\u0144stwa i \u017cycia konsekrowanego w dn. 30 \u2013 31lipca. W tym roku pod has\u0142em: \u201e Pos\u0142ani w Pokoju Chrystusa \u201d Szczeg\u00f3\u0142y programu na stronie internetowej naszej diecezji i w gablocie przed ko\u015bcio\u0142em.<\/li><li>Solenizantkom i solenizantom tego tygodnia \u017cyczymy du\u017co zdrowia, Bo\u017cego B\u0142ogos\u0142awie\u0144stwa i opieki \u015bw. patron\u00f3w, a naszym parafianom i go\u015bciom odpoczywaj\u0105cym w Kuligowie, \u017cycz\u0119 mi\u0142ej niedzieli i b\u0142ogos\u0142awionego tygodnia.<\/li><li>Zach\u0119camy do czytania prasy katolickiej.<\/li><\/ol>\n\n\n\n<p class=\"has-text-align-center\"><strong>Intencje Mszalne<\/strong> <strong>\u00a024 \u2013 31 \u00a0Lipiec 2022r.<\/strong><\/p>\n\n\n\n<p><strong>Nd.\u00a0 24. VII. 2022\u00a0\u00a0\u00a0 17\u00a0 NIEDZIELA ZWYK\u0141A<\/strong><br>g.\u00a0 11.00\u00a0 Int. zam.<br>g.\u00a0 11.00 \u00a0Int. zam.<br>g. \u00a013.00 \u00a0Int. zam.<br><strong>Pn.\u00a0 25.VII\u00a0\u00a0\u00a0\u00a0\u00a0 <\/strong>g. 19.00\u00a0 + Leokadi\u0119, Jana, Tomasza Troszczy\u0144skich<br><strong>Wt.\u00a0 26. VII\u00a0\u00a0\u00a0\u00a0 <\/strong>g.\u00a0\u00a0 7.00\u00a0 W int. Parafii<br><strong>\u015ar.\u00a0 27. VII\u00a0\u00a0\u00a0 <\/strong>\u00a0g. 19.00\u00a0 + Zofi\u0119 Trawick\u0105\u00a0 \/4\/<br><strong>Czw. 28. VII\u00a0<\/strong>\u00a0 \u00a0\u00a0g.\u00a0\u00a0 7.00\u00a0 Int. wolna<br><strong>Pt.\u00a0 29. VII\u00a0\u00a0 \u00a0\u00a0<\/strong>g. 19.00\u00a0 + Zofi\u0119 Trawick\u0105\u00a0 \/5\/<br><strong>Sob. \u00a030. VII\u00a0 <\/strong>\u00a0\u00a0\u00a0g. 19.00\u00a0 + Zm. rodzic\u00f3w: Stanis\u0142aw\u0119 i Mariana Chaci\u0144skich<br><strong>Nd.\u00a0 31. VII. 2022\u00a0\u00a0\u00a0 18 \u00a0NIEDZIELA ZWYK\u0141A<\/strong><br>g.\u00a0\u00a0 \u00a09.00\u00a0 Int. zam.<br>g. \u00a011.00 \u00a0+ Mariann\u0119 i Apolinarego \u0141aszcz; Czes\u0142awa Szpadkiewicza<br>g. \u00a013.00 \u00a0+ Sylwestra Grzeszkiewicz; dziadk\u00f3w D\u0105browskich i Grzeszkiewicz\u00f3w; Antoniego i Alin\u0119 Ner\u0107<\/p>\n","protected":false},"excerpt":{"rendered":"<p>Dzi\u015b po ka\u017cdej Mszy \u015bw. b\u0142ogos\u0142awie\u0144stwo kierowc\u00f3w i po\u015bwi\u0119cenie pojazd\u00f3w z racji\u00a0 \u015bw. Krzysztofa patrona podr\u00f3\u017cuj\u0105cych. Dzi\u0119kuj\u0105c Panu Bogu za Jego opiek\u0119 mo\u017cemy wesprze\u0107 polskich misjonarzy ofiar\u0105 na zakup transportu. Dzie\u0144 dzisiejszy jest r\u00f3wnie\u017c \u015awiatowym Dniem Dziadk\u00f3w i Os\u00f3b Starszych w blisko\u015bci wspomnienia \u015bwi\u0119tych Joachima i Anny, dziadk\u00f3w Pana Jezusa. [&hellip;]<\/p>\n","protected":false},"author":2,"featured_media":0,"comment_status":"closed","ping_status":"closed","sticky":false,"template":"","format":"standard","meta":[],"categories":[2],"tags":[],"_links":{"self":[{"href":"http:\/\/www.parafiakuligow.pl\/index.php\/wp-json\/wp\/v2\/posts\/2107"}],"collection":[{"href":"http:\/\/www.parafiakuligow.pl\/index.php\/wp-json\/wp\/v2\/posts"}],"about":[{"href":"http:\/\/www.parafiakuligow.pl\/index.php\/wp-json\/wp\/v2\/types\/post"}],"author":[{"embeddable":true,"href":"http:\/\/www.parafiakuligow.pl\/index.php\/wp-json\/wp\/v2\/users\/2"}],"replies":[{"embeddable":true,"href":"http:\/\/www.parafiakuligow.pl\/index.php\/wp-json\/wp\/v2\/comments?post=2107"}],"version-history":[{"count":2,"href":"http:\/\/www.parafiakuligow.pl\/index.php\/wp-json\/wp\/v2\/posts\/2107\/revisions"}],"predecessor-version":[{"id":2109,"href":"http:\/\/www.parafiakuligow.pl\/index.php\/wp-json\/wp\/v2\/posts\/2107\/revisions\/2109"}],"wp:attachment":[{"href":"http:\/\/www.parafiakuligow.pl\/index.php\/wp-json\/wp\/v2\/media?parent=2107"}],"wp:term":[{"taxonomy":"category","embeddable":true,"href":"http:\/\/www.parafiakuligow.pl\/index.php\/wp-json\/wp\/v2\/categories?post=2107"},{"taxonomy":"post_tag","embeddable":true,"href":"http:\/\/www.parafiakuligow.pl\/index.php\/wp-json\/wp\/v2\/tags?post=2107"}],"curies":[{"name":"wp","href":"https:\/\/api.w.org\/{rel}","templated":true}]}}