{"id":2100,"date":"2022-07-10T08:48:00","date_gmt":"2022-07-10T06:48:00","guid":{"rendered":"https:\/\/www.parafiakuligow.pl\/?p=2100"},"modified":"2022-07-08T18:54:52","modified_gmt":"2022-07-08T16:54:52","slug":"10-lipiec-2022-15-niedziela-zwykla","status":"publish","type":"post","link":"http:\/\/www.parafiakuligow.pl\/index.php\/2022\/07\/10\/10-lipiec-2022-15-niedziela-zwykla\/","title":{"rendered":"10\u00a0Lipiec\u00a02022 &#8211; 15\u00a0NIEDZIELA ZWYK\u0141A"},"content":{"rendered":"\n<ol><li>W poniedzia\u0142ek 11 lipca przypada \u015bwi\u0119to \u015bw. Benedykta, Opata, patrona Europy; 15 lipca wspomnienie \u015bw. Bonawentury, biskupa i doktora Ko\u015bcio\u0142a, a w sobot\u0119 NMP z G\u00f3ry Karmel. Szczeg\u00f3lny dzie\u0144 dla wszystkich nosz\u0105cych szkaplerze Matki Bo\u017cej.<\/li><li>Po\u015bwi\u0119cenie pojazd\u00f3w i b\u0142ogos\u0142awie\u0144stwo kierowc\u00f3w z racji \u015bw. Krzysztofa patrona podr\u00f3\u017cuj\u0105cych, odb\u0119dzie si\u0119 w naszej parafii w niedziel\u0119 24 lipca po ka\u017cdej Mszy \u015bw.<\/li><li>Wszystkim naszym parafianom i osobom przebywaj\u0105cym w naszej parafii \u017cyczymy spokojnej niedzieli oraz dobrego i b\u0142ogos\u0142awionego tygodnia<\/li><li>Zach\u0119camy do czytania prasy katolickiej.<\/li><\/ol>\n\n\n\n<p class=\"has-text-align-center\"><strong>Intencje Mszalne<\/strong> <strong>\u00a010 \u2013 17 Lipiec 2022r.<\/strong><\/p>\n\n\n\n<p><strong>Nd.\u00a0 10. VII. 2022\u00a0\u00a0\u00a0 15 \u00a0NIEDZIELA ZWYK\u0141A<\/strong><br>g.\u00a0\u00a0 9.00\u00a0 Int. zam.<br>g. 11.00\u00a0 Int. zam.<br>g. 13.00\u00a0 + Zofi\u0119, Micha\u0142a i J\u00f3zefa Surdej<br><strong>Pn.\u00a0 11.VII\u00a0\u00a0\u00a0\u00a0\u00a0 <\/strong>g. 19.00\u00a0 \u00a0Int. wolna<strong>\u00a0<\/strong><br><strong>Wt.\u00a0 12. VII\u00a0\u00a0\u00a0\u00a0 <\/strong>g.\u00a0\u00a0 7.00\u00a0\u00a0 Int. wolna<br><strong>\u015ar.\u00a0 13. VII\u00a0\u00a0\u00a0 <\/strong>\u00a0g. 19.00\u00a0\u00a0 Int. wolna<br><strong>Czw. 14.VII\u00a0\u00a0 <\/strong>\u00a0\u00a0\u00a0g.\u00a0\u00a0 7.00\u00a0 Int. wolna<br><strong>Pt.\u00a0 15. VII\u00a0\u00a0 \u00a0\u00a0<\/strong>g. 19.00\u00a0 Int. wolna\u00a0 \u00a0<br><strong>Sob. \u00a016. VII\u00a0 <\/strong>\u00a0\u00a0\u00a0g. 16.00\u00a0 Za dusze w czy\u015b\u0107cu ciepi\u0105ce<br><strong>Nd.\u00a0 17. VII. 2022\u00a0\u00a0\u00a0 16 \u00a0NIEDZIELA ZWYK\u0141A<\/strong><br>g.\u00a0\u00a0 9.00\u00a0 Int. zam.<br>g. 11.00\u00a0 Int. zam.<br>g. 13.00\u00a0 Int. zam.<\/p>\n","protected":false},"excerpt":{"rendered":"<p>W poniedzia\u0142ek 11 lipca przypada \u015bwi\u0119to \u015bw. Benedykta, Opata, patrona Europy; 15 lipca wspomnienie \u015bw. Bonawentury, biskupa i doktora Ko\u015bcio\u0142a, a w sobot\u0119 NMP z G\u00f3ry Karmel. Szczeg\u00f3lny dzie\u0144 dla wszystkich nosz\u0105cych szkaplerze Matki Bo\u017cej. Po\u015bwi\u0119cenie pojazd\u00f3w i b\u0142ogos\u0142awie\u0144stwo kierowc\u00f3w z racji \u015bw. Krzysztofa patrona podr\u00f3\u017cuj\u0105cych, odb\u0119dzie si\u0119 w naszej [&hellip;]<\/p>\n","protected":false},"author":2,"featured_media":0,"comment_status":"closed","ping_status":"closed","sticky":false,"template":"","format":"standard","meta":[],"categories":[2],"tags":[],"_links":{"self":[{"href":"http:\/\/www.parafiakuligow.pl\/index.php\/wp-json\/wp\/v2\/posts\/2100"}],"collection":[{"href":"http:\/\/www.parafiakuligow.pl\/index.php\/wp-json\/wp\/v2\/posts"}],"about":[{"href":"http:\/\/www.parafiakuligow.pl\/index.php\/wp-json\/wp\/v2\/types\/post"}],"author":[{"embeddable":true,"href":"http:\/\/www.parafiakuligow.pl\/index.php\/wp-json\/wp\/v2\/users\/2"}],"replies":[{"embeddable":true,"href":"http:\/\/www.parafiakuligow.pl\/index.php\/wp-json\/wp\/v2\/comments?post=2100"}],"version-history":[{"count":2,"href":"http:\/\/www.parafiakuligow.pl\/index.php\/wp-json\/wp\/v2\/posts\/2100\/revisions"}],"predecessor-version":[{"id":2102,"href":"http:\/\/www.parafiakuligow.pl\/index.php\/wp-json\/wp\/v2\/posts\/2100\/revisions\/2102"}],"wp:attachment":[{"href":"http:\/\/www.parafiakuligow.pl\/index.php\/wp-json\/wp\/v2\/media?parent=2100"}],"wp:term":[{"taxonomy":"category","embeddable":true,"href":"http:\/\/www.parafiakuligow.pl\/index.php\/wp-json\/wp\/v2\/categories?post=2100"},{"taxonomy":"post_tag","embeddable":true,"href":"http:\/\/www.parafiakuligow.pl\/index.php\/wp-json\/wp\/v2\/tags?post=2100"}],"curies":[{"name":"wp","href":"https:\/\/api.w.org\/{rel}","templated":true}]}}