{"id":2085,"date":"2022-06-19T22:20:00","date_gmt":"2022-06-19T20:20:00","guid":{"rendered":"https:\/\/www.parafiakuligow.pl\/?p=2085"},"modified":"2022-06-22T22:25:58","modified_gmt":"2022-06-22T20:25:58","slug":"19-czerwiec-2022-12-niedziela-zwykla","status":"publish","type":"post","link":"http:\/\/www.parafiakuligow.pl\/index.php\/2022\/06\/19\/19-czerwiec-2022-12-niedziela-zwykla\/","title":{"rendered":"19 Czerwiec 2022 &#8211; 12\u00a0 NIEDZIELA ZWYK\u0141A"},"content":{"rendered":"\n<ol type=\"1\"><li>Dzi\u0119kuj\u0119 wszystkim, kt\u00f3rzy w jakikolwiek spos\u00f3b przyczynili si\u0119 do organizacji i pi\u0119knego przebiegu Uroczysto\u015bci Bo\u017cego Cia\u0142a; Policji, OSP w Kuligowie, Paniom z Ko\u0142a Gospody\u0144 Wiejskich. Cz\u0142onkiniom K\u017b R\u00f3\u017ca\u0144ca Matki Bo\u017cej Bolesnej i R\u00f3\u017cy\u00a0R\u00f3\u017ca\u0144cowej \u015bw. Jana Paw\u0142a II, panu organi\u015bcie W\u0142odzimierzowi Karasi\u0144skiemu za u\u015bwietnienie liturgii \u015bpiewem liturgicznym. Dzi\u0119kuj\u0119 asy\u015bcie ko\u015bcielnej; ministrantom,\u00a0bielankom, dzieciom i m\u0142odzie\u017cy za zaanga\u017cowanie w przebieg procesji Bo\u017cego Cia\u0142a. Dzi\u0119kuj\u0119 wszystkim, kt\u00f3rzy ofiarowali sw\u00f3j czas, prac\u0119, zdolno\u015bci, a tak\u017ce \u015brodki materialne. Na ten cel\u00a0 zebrali\u015bmy 980 z\u0142otych.<\/li><li>W ko\u015bcio\u0142ach\u00a0 naszej diecezji dzisiaj po Mszach \u015bw. zbi\u00f3rka do puszek na stypendia naukowe dla ksi\u0119\u017cy studiuj\u0105cych za granic\u0105. Po Mszy o godz. 11.00 spotkanie organizacyjne dla Rodzic\u00f3w i dzieci przygotowuj\u0105cych si\u0119 do I Komunii \u015bwi\u0119tej w roku szkolnym 2022\/23. Obecno\u015b\u0107 obowi\u0105zkowa.<\/li><li>W czwartek 23 czerwca obchodzimy 17 rocznic\u0119 \u015bwi\u0119ce\u0144 biskupich Pasterza naszej Diecezji Romualda Kami\u0144skiego. W tym dniu obchodzimy uroczysto\u015b\u0107 Narodzenia \u015bw. Jana Chrzciciela i zako\u0144czenie Oktawy Bo\u017cego Cia\u0142a. Msza \u015bw. po\u0142\u0105czona z b\u0142ogos\u0142awie\u0144stwem wiank\u00f3w o godz. 19.00. Adoracja Naj\u015bwi\u0119tszego Sakramentu po\u0142\u0105czona z Litani\u0105 do Naj\u015bw. Serca Pana Jezusa o godz. 18.30.Nie b\u0119dzie Mszy \u015bw. o godz. 7.00. W przed dzie\u0144 zako\u0144czenia roku szkolnego zach\u0119cam wszystkich do rozpocz\u0119cia wakacji w stanie \u0142aski u\u015bwi\u0119caj\u0105cej. Spowied\u017a dla dzieci i m\u0142odzie\u017cy od godz. 18.00. Z racji zako\u0144czenia roku szkolnego wszystkim dzieciom, m\u0142odzie\u017cy, nauczycielom i rodzicom sk\u0142adamy serdeczne gratulacje i \u017cyczymy dobrego, spokojnego odpoczynku, mi\u0142ych wakacji i udanych urlop\u00f3w. W tym dniu przypada r\u00f3wnie\u017c Dzie\u0144 Ojca. Wszystkim Ojcom sk\u0142adamy serdeczne \u017cyczenia: \u017cyczymy im zdrowia, opieki \u015bw. J\u00f3zefa i wsparcia od najbli\u017cszych.<\/li><li>W pi\u0105tek 24 czerwca przypada uroczysto\u015b\u0107 Naj\u015bwi\u0119tszego Serca Pana Jezusa, a w sobot\u0119 wspomnienie\u00a0 Niepokalanego Serca Naj\u015bw. Maryi Panny.<\/li><li>W poniedzia\u0142ek 20 czerwca wyj\u0105tkowo Msza \u015bw. o godz. 7.00. Nie b\u0119dzie Mszy \u015bw. o godz. 19.00<\/li><li>Wszystkim naszym parafianom i osobom przebywaj\u0105cym w naszej parafii \u017cyczymy spokojnej niedzieli oraz dobrego i b\u0142ogos\u0142awionego tygodnia.<\/li><li>Zach\u0119camy do czytania prasy katolickiej.<\/li><\/ol>\n\n\n\n<p class=\"has-text-align-center\"><strong>Intencje Mszalne<\/strong> <strong>\u00a019 \u2013 26 czerwiec \u00a02022r.<\/strong><\/p>\n\n\n\n<p><strong>Nd.\u00a0 19. VI. 2022\u00a0 \u00a0\u00a012\u00a0 NIEDZIELA ZWYK\u0141A<\/strong><br>g.\u00a0\u00a0 9.00\u00a0 Int. zam.<br>g. 11.00\u00a0 Int. zam.<br>Nieszpory<br>g. 13.00\u00a0 + Janin\u0119 i Wac\u0142awa Berezowskich<br><strong>Poniedzia\u0142ek\u00a0 20. VI\u00a0\u00a0\u00a0 <\/strong><br>g.\u00a0\u00a0 7.00\u00a0 + El\u017cbiet\u0119 Krajewsk\u0105\u00a0 \/5\/<br>Nabo\u017ce\u0144stwo Czerwcowe<br><strong>Wtorek\u00a0 \u00a0\u00a0\u00a0\u00a021. VI\u00a0\u00a0\u00a0\u00a0 <\/strong><br>g.\u00a0\u00a0 7.00 \u00a0+ El\u017cbiet\u0119\u00a0 Krajewsk\u0105\u00a0 \/6\/<br>Nabo\u017ce\u0144stwo Czerwcowe<br><strong>\u015aroda \u00a0\u00a0\u00a0\u00a0\u00a0\u00a0\u00a0\u00a022. VI\u00a0 \u00a0\u00a0\u00a0\u00a0<\/strong><br>g. 18.30\u00a0 \u00a0\u00a0\u00a0\u00a0Nieszpory<br>g. 19.00\u00a0 + El\u017cbiet\u0119 Krajewsk\u0105 w m-c po \u015bm.<br><strong>Czwartek\u00a0 \u00a0\u00a0\u00a0\u00a023. VI\u00a0\u00a0 \u00a0UROCZYSTO\u015a\u0106 NARODZENIA \u015aW. JANA CHRZCICIELA<\/strong><br>g. 18.30\u00a0\u00a0 Nabo\u017ce\u0144stwo Czerwcowe<br>g. 19.00\u00a0\u00a0 W int. Parafian\u00a0\u00a0\u00a0\u00a0\u00a0\u00a0\u00a0\u00a0\u00a0\u00a0\u00a0\u00a0\u00a0\u00a0 \u00a0\u00a0\u00a0\u00a0\u00a0\u00a0\u00a0<br><strong>Pi\u0105tek\u00a0\u00a0\u00a0\u00a0\u00a0\u00a0\u00a0 \u00a024. VI\u00a0\u00a0\u00a0 UROCZYSTO\u015a\u0106 \u00a0NAJ\u015aWI\u0118TSZEGO \u00a0SERCA PANA \u00a0JEZUSA<\/strong><br>g. 18.30\u00a0 Nabo\u017ce\u0144stwo Czerwcowe<br>g. 19.00\u00a0 + Jana D\u0105browskiego<br><strong>Sobota\u00a0\u00a0\u00a0\u00a0\u00a0\u00a0 \u00a025 . VI\u00a0 \u00a0\u00a0<\/strong><br>g. 18.30\u00a0 Nabo\u017ce\u0144stwo Czerwcowe<br>g. 19.00\u00a0 Int. zam.<br><strong>Nd.\u00a0 26. VI. 2022\u00a0 \u00a0\u00a013\u00a0 NIEDZIELA ZWYK\u0141A<\/strong><br>g.\u00a0\u00a0 9.00\u00a0 Int. zam.<br>g. 11.00\u00a0 Int. zam.<br>Nabo\u017ce\u0144stwo Czerwcowe<br>g. 13.00 \u00a0\u00a0Int. zam.<\/p>\n","protected":false},"excerpt":{"rendered":"<p>Dzi\u0119kuj\u0119 wszystkim, kt\u00f3rzy w jakikolwiek spos\u00f3b przyczynili si\u0119 do organizacji i pi\u0119knego przebiegu Uroczysto\u015bci Bo\u017cego Cia\u0142a; Policji, OSP w Kuligowie, Paniom z Ko\u0142a Gospody\u0144 Wiejskich. Cz\u0142onkiniom K\u017b R\u00f3\u017ca\u0144ca Matki Bo\u017cej Bolesnej i R\u00f3\u017cy\u00a0R\u00f3\u017ca\u0144cowej \u015bw. Jana Paw\u0142a II, panu organi\u015bcie W\u0142odzimierzowi Karasi\u0144skiemu za u\u015bwietnienie liturgii \u015bpiewem liturgicznym. Dzi\u0119kuj\u0119 asy\u015bcie ko\u015bcielnej; ministrantom,\u00a0bielankom, [&hellip;]<\/p>\n","protected":false},"author":2,"featured_media":0,"comment_status":"closed","ping_status":"closed","sticky":false,"template":"","format":"standard","meta":[],"categories":[2],"tags":[],"_links":{"self":[{"href":"http:\/\/www.parafiakuligow.pl\/index.php\/wp-json\/wp\/v2\/posts\/2085"}],"collection":[{"href":"http:\/\/www.parafiakuligow.pl\/index.php\/wp-json\/wp\/v2\/posts"}],"about":[{"href":"http:\/\/www.parafiakuligow.pl\/index.php\/wp-json\/wp\/v2\/types\/post"}],"author":[{"embeddable":true,"href":"http:\/\/www.parafiakuligow.pl\/index.php\/wp-json\/wp\/v2\/users\/2"}],"replies":[{"embeddable":true,"href":"http:\/\/www.parafiakuligow.pl\/index.php\/wp-json\/wp\/v2\/comments?post=2085"}],"version-history":[{"count":3,"href":"http:\/\/www.parafiakuligow.pl\/index.php\/wp-json\/wp\/v2\/posts\/2085\/revisions"}],"predecessor-version":[{"id":2089,"href":"http:\/\/www.parafiakuligow.pl\/index.php\/wp-json\/wp\/v2\/posts\/2085\/revisions\/2089"}],"wp:attachment":[{"href":"http:\/\/www.parafiakuligow.pl\/index.php\/wp-json\/wp\/v2\/media?parent=2085"}],"wp:term":[{"taxonomy":"category","embeddable":true,"href":"http:\/\/www.parafiakuligow.pl\/index.php\/wp-json\/wp\/v2\/categories?post=2085"},{"taxonomy":"post_tag","embeddable":true,"href":"http:\/\/www.parafiakuligow.pl\/index.php\/wp-json\/wp\/v2\/tags?post=2085"}],"curies":[{"name":"wp","href":"https:\/\/api.w.org\/{rel}","templated":true}]}}