{"id":2075,"date":"2022-06-12T00:30:00","date_gmt":"2022-06-11T22:30:00","guid":{"rendered":"https:\/\/www.parafiakuligow.pl\/?p=2075"},"modified":"2022-06-10T23:45:04","modified_gmt":"2022-06-10T21:45:04","slug":"12-czerwiec-2022-czystosc-swietej-trojcy","status":"publish","type":"post","link":"http:\/\/www.parafiakuligow.pl\/index.php\/2022\/06\/12\/12-czerwiec-2022-czystosc-swietej-trojcy\/","title":{"rendered":"12 Czerwiec 2022 &#8211; CZYSTO\u015a\u0106 \u015aWI\u0118TEJ TR\u00d3JCY"},"content":{"rendered":"\n<p><strong>&nbsp;<\/strong><\/p>\n\n\n\n<ol type=\"1\"><li>Tak jak w ubieg\u0142\u0105 niedziel\u0119, r\u00f3wnie\u017c dzi\u015b po Mszach \u015bw. b\u0119dziemy&nbsp; mogli z\u0142o\u017cy\u0107 ofiary na dekoracje i kwiaty na Uroczysto\u015b\u0107 Bo\u017cego Cia\u0142a. Za wszystkie ofiary sk\u0142adamy serdeczne b\u00f3g zap\u0142a\u0107.<\/li><li>W poniedzia\u0142ek 14 czerwca&nbsp; liturgiczne wspomnienie \u015bw. Antoniego z Padwy, Prezbitera i doktora Ko\u015bcio\u0142a, a w pi\u0105tek \u015bw. Brata Alberta Chmielowskiego, zakonnika.<\/li><li>W najbli\u017cszy czwartek 16 czerwca Uroczysto\u015b\u0107 Naj\u015bwi\u0119tszego Cia\u0142a i Krwi Chrystusa. Msze \u015bw. o godz. 9.00 i po procesji ok. godz. 11.00. Po Mszy \u015bw. o godz. 9.00 wyruszy procesja eucharystyczna do czterech O\u0142tarzy. Trasa tradycyjna.<\/li><\/ol>\n\n\n\n<ul start=\"0\"><li><strong>Przy Stra\u017cy \u2013 na wysoko\u015bci frontu budynku O.S.P.<\/strong><\/li><li><strong>Przy posesji\u00a0 p. Wi\u015bniewskich\u00a0<\/strong><\/li><li><strong>Przy posesji\u00a0 p. Karasiewicz\u00f3w i Pielak<\/strong><\/li><li><strong>Przy Ko\u015bciele &#8211; na wysoko\u015bci ogrodzenia placu ko\u015bcielnego<\/strong><br><br>Za pobo\u017cny udzia\u0142 w procesji mo\u017cna uzyska\u0107 odpust zupe\u0142ny. Bardzo prosz\u0119 o odpowiednie przygotowanie i udekorowanie nie tylko o\u0142tarzy, ale te\u017c naszych dom\u00f3w\u00a0i posesji. Do udzia\u0142u w orszaku procesyjnym zapraszam ministrant\u00f3w, bielanki, dzieci \u2013 w spos\u00f3b szczeg\u00f3lny zapraszam te, kt\u00f3re w tym roku po raz pierwszy przyj\u0119\u0142y Pana Jezusa, oraz m\u0142odzie\u017c i doros\u0142ych. Wsp\u00f3\u0142tworzenie tej procesji to \u015bwiadectwo naszej\u00a0wiary i mo\u017cliwo\u015b\u0107 wyra\u017cenia wdzi\u0119czno\u015bci Panu Bogu. \u00a0<\/li><\/ul>\n\n\n\n<ol start=\"4\"><li>W przysz\u0142\u0105 niedziel\u0119 19 czerwca, zbi\u00f3rka do puszek na stypendia naukowe dla ksi\u0119\u017cy studiuj\u0105cych za granic\u0105. Po Mszy o godz. 11.00 spotkanie organizacyjne dla rodzic\u00f3w i dzieci przygotowuj\u0105cych si\u0119 do I Komunii \u015bwi\u0119tej w roku 2022\/2023. Obecno\u015b\u0107 obowi\u0105zkowa.<\/li><li>Zapraszamy wszystkich ch\u0119tnych ch\u0142opc\u00f3w i m\u0142odzie\u0144c\u00f3w do S\u0142u\u017cby Liturgicznej O\u0142tarza.<\/li><li>Wszystkim naszym parafianom i osobom przebywaj\u0105cym w naszej parafii \u017cyczymy spokojnej niedzieli oraz dobrego i b\u0142ogos\u0142awionego tygodnia.<\/li><li>Zach\u0119camy do czytania prasy katolickiej.<\/li><\/ol>\n\n\n\n<p class=\"has-text-align-center\"><strong>Intencje Mszalne<\/strong> <strong>&nbsp;12 \u2013 19 czerwiec &nbsp;2022r.<\/strong><\/p>\n\n\n\n<p>N<strong>d.\u00a0 12. VI. 2022\u00a0 \u00a0UROCZYSTO\u015a\u0106\u00a0 NAJ\u015aWI\u0118TSZEJ\u00a0 TR\u00d3JCY<\/strong><br>g.\u00a0\u00a0 9.00\u00a0 Za dusze w czy\u015b\u0107cu cierpi\u0105ce<br>g. 11.00\u00a0 Aniel\u0119 i Aleksandra Py\u015bkiewicz\u00f3w<br>Nabo\u017ce\u0144stwo Czerwcowe<br>g. 12.00\u00a0 Int. zam.<br><strong>Poniedzia\u0142ek\u00a0 13. VI\u00a0\u00a0\u00a0 \u00a0<\/strong><br>g. 18.00 Int. zam. <strong>\u00a0<\/strong><br>g. 18.30\u00a0 Nabo\u017ce\u0144stwo Czerwcowe<br>g. 19.00\u00a0 + El\u017cbiet\u0119 Krajewsk\u0105\u00a0 \/3\/<br><strong>Wtorek\u00a0 \u00a0\u00a0\u00a0\u00a014. VI\u00a0\u00a0\u00a0\u00a0 <\/strong><br>g.\u00a0\u00a0 7.00 \u00a0W int. Parafian<br>Nabo\u017ce\u0144stwo Czerwcowe<br><strong>\u015aroda \u00a0\u00a0\u00a0\u00a0\u00a0\u00a0\u00a0\u00a015. VI\u00a0 \u00a0\u00a0\u00a0\u00a0<\/strong><br>g. 18.30\u00a0 Nabo\u017ce\u0144stwo Czerwcowe<br>g. 19.00\u00a0 + El\u017cbiet\u0119 Krajewsk\u0105\u00a0 \/4\/<br><strong>Czwartek\u00a0 \u00a0\u00a0\u00a0\u00a016. VI\u00a0\u00a0 \u00a0UROCZYSTO\u015a\u0106 \u00a0NAJ\u015aWI\u0118TSZEGO \u00a0CIA\u0141A \u00a0I \u00a0KRWI \u00a0PA\u0143SKIEJ <\/strong><br>g.\u00a0\u00a0 9.00\u00a0 Int. zam.<br>g. 11.00\u00a0 + Jerzego i Mariann\u0119 Cie\u0107wierz<br>Nabo\u017ce\u0144stwo Czerwcowe<br><strong>Pi\u0105tek\u00a0\u00a0\u00a0\u00a0\u00a0\u00a0\u00a0 \u00a017. VI\u00a0\u00a0\u00a0 \u00a0\u00a0<\/strong><br>g. 18.30\u00a0 Nieszpory<br>g. 19.00\u00a0 + Romana Jaworskiego<br><strong>Sobota\u00a0\u00a0\u00a0\u00a0\u00a0\u00a0 \u00a018. VI\u00a0 \u00a0\u00a0\u00a0\u00a0\u00a0<\/strong><br>g. 18.00\u00a0 + Jadwig\u0119 i Jana Getka; Iren\u0119 Malesa; Rodzin\u0119 Rzempo\u0142uch\u00f3w<br>g. 18.30\u00a0 Nieszpory<br>g. 19.00\u00a0 Int. wolna<br><strong>Nd.\u00a0 19. VI. 2022\u00a0 \u00a0\u00a012\u00a0 NIEDZIELA ZWYK\u0141A<\/strong><br>g.\u00a0\u00a0 9.00\u00a0 Int. zam.<br>g. 11.00\u00a0 Int. zam.<br>Nieszpory<br>g. 13.00 \u00a0+ Janin\u0119 i Wac\u0142awa Berezowskich<\/p>\n","protected":false},"excerpt":{"rendered":"<p>&nbsp; Tak jak w ubieg\u0142\u0105 niedziel\u0119, r\u00f3wnie\u017c dzi\u015b po Mszach \u015bw. b\u0119dziemy&nbsp; mogli z\u0142o\u017cy\u0107 ofiary na dekoracje i kwiaty na Uroczysto\u015b\u0107 Bo\u017cego Cia\u0142a. Za wszystkie ofiary sk\u0142adamy serdeczne b\u00f3g zap\u0142a\u0107. W poniedzia\u0142ek 14 czerwca&nbsp; liturgiczne wspomnienie \u015bw. Antoniego z Padwy, Prezbitera i doktora Ko\u015bcio\u0142a, a w pi\u0105tek \u015bw. Brata Alberta [&hellip;]<\/p>\n","protected":false},"author":2,"featured_media":0,"comment_status":"closed","ping_status":"closed","sticky":false,"template":"","format":"standard","meta":[],"categories":[2],"tags":[],"_links":{"self":[{"href":"http:\/\/www.parafiakuligow.pl\/index.php\/wp-json\/wp\/v2\/posts\/2075"}],"collection":[{"href":"http:\/\/www.parafiakuligow.pl\/index.php\/wp-json\/wp\/v2\/posts"}],"about":[{"href":"http:\/\/www.parafiakuligow.pl\/index.php\/wp-json\/wp\/v2\/types\/post"}],"author":[{"embeddable":true,"href":"http:\/\/www.parafiakuligow.pl\/index.php\/wp-json\/wp\/v2\/users\/2"}],"replies":[{"embeddable":true,"href":"http:\/\/www.parafiakuligow.pl\/index.php\/wp-json\/wp\/v2\/comments?post=2075"}],"version-history":[{"count":4,"href":"http:\/\/www.parafiakuligow.pl\/index.php\/wp-json\/wp\/v2\/posts\/2075\/revisions"}],"predecessor-version":[{"id":2083,"href":"http:\/\/www.parafiakuligow.pl\/index.php\/wp-json\/wp\/v2\/posts\/2075\/revisions\/2083"}],"wp:attachment":[{"href":"http:\/\/www.parafiakuligow.pl\/index.php\/wp-json\/wp\/v2\/media?parent=2075"}],"wp:term":[{"taxonomy":"category","embeddable":true,"href":"http:\/\/www.parafiakuligow.pl\/index.php\/wp-json\/wp\/v2\/categories?post=2075"},{"taxonomy":"post_tag","embeddable":true,"href":"http:\/\/www.parafiakuligow.pl\/index.php\/wp-json\/wp\/v2\/tags?post=2075"}],"curies":[{"name":"wp","href":"https:\/\/api.w.org\/{rel}","templated":true}]}}