{"id":2066,"date":"2022-05-29T22:57:00","date_gmt":"2022-05-29T20:57:00","guid":{"rendered":"https:\/\/www.parafiakuligow.pl\/?p=2066"},"modified":"2022-05-30T22:58:11","modified_gmt":"2022-05-30T20:58:11","slug":"29-maj-2022-uroczystosc-wniebowstapienia-panskiego","status":"publish","type":"post","link":"http:\/\/www.parafiakuligow.pl\/index.php\/2022\/05\/29\/29-maj-2022-uroczystosc-wniebowstapienia-panskiego\/","title":{"rendered":"29\u00a0Maj 2022 UROCZYSTO\u015a\u0106 WNIEBOWST\u0104PIENIA PA\u0143SKIEGO"},"content":{"rendered":"\n<ol><li>Trwa Nowenna przed Uroczysto\u015bci\u0105 Zes\u0142ania Ducha&nbsp; \u015awi\u0119tego. Odmawiana jest ona podczas nabo\u017ce\u0144stwa majowego.<\/li><li>We wtorek 31 maja przypada \u015bwi\u0119to Nawiedzenia Naj\u015bwi\u0119tszej Maryi Panny.<\/li><li>W przysz\u0142\u0105 niedziel\u0119 5 czerwca b\u0119dziemy obchodzi\u0107 Uroczysto\u015b\u0107 Zes\u0142ania Ducha \u015awi\u0119tego, czyli Zielone \u015awi\u0105tki. Ko\u0144czy si\u0119 okres komunii \u015bwi\u0119tej Wielkanocnej. Pami\u0119tajmy o przyst\u0105pieniu do sakramentu pokuty gdyby kto\u015b do tej pory tego nie uczyni\u0142. Po ka\u017cdej Mszy \u015bw. zbi\u00f3rka do puszek na budow\u0119 \u015awi\u0105tyni Opatrzno\u015bci Bo\u017cej.<\/li><li>W niedziel\u0119 5 i 12 czerwca po Mszach \u015bw. przy wyj\u015bciu z ko\u015bcio\u0142a b\u0119d\u0105 zbierane ofiary na dekoracje i kwiaty na Uroczysto\u015b\u0107 Bo\u017cego Cia\u0142a. Mo\u017cna te\u017c je z\u0142o\u017cy\u0107 osobi\u015bcie do ksi\u0119dza. Za wszystkie ofiary sk\u0142adamy serdeczne B\u00f3g zap\u0142a\u0107.<\/li><li>Zapraszamy na nabo\u017ce\u0144stwa czerwcowe z litani\u0105 do Serca Pana Jezusa. Odprawiamy je codziennie. W tym tygodniu: w czwartek&nbsp; po Mszy \u015bw. porannej o godz. 7.00; w pozosta\u0142e dni przed Msz\u0105 \u015bw. wieczorn\u0105 o godz. 18.30; &nbsp;w niedziele po Mszy \u015bw. o godz. 11.00.<\/li><li>W tym tygodniu przypada pierwszy pi\u0105tek miesi\u0105ca, okazja i mo\u017cliwo\u015b\u0107 spowiedzi od godz. 18.00. Msza \u015bwi\u0119ta do Naj\u015bwi\u0119tszego Serca Pana Jezusa o godz. 19.00. W pierwsz\u0105 sobot\u0119 miesi\u0105ca Msza \u015bw. z Wigilii Zes\u0142ania Ducha \u015awi\u0119tego o godz. 19.00.<\/li><li>Rozpoczynamy w naszej parafii przygotowanie m\u0142odzie\u017cy do sakramentu bierzmowania. Najm\u0142odsi kandydaci to VIII klasa szko\u0142y podstawowej. Zapraszam te\u017c starszych licealist\u00f3w i uczni\u00f3w innych szk\u00f3\u0142, a tak\u017ce wszystkich, kt\u00f3rzy bierzmowania jeszcze nie przyj\u0119li. Dzi\u015b po Mszy \u015bw. o godz. 11.00 pierwsze spotkanie na kt\u00f3re zapraszam m\u0142odzie\u017c i rodzic\u00f3w.<\/li><li>Od najbli\u017cszej niedzieli &nbsp;5 czerwca, przez okres urlop\u00f3w i wakacji tj. od czerwca do ko\u0144ca sierpnia b\u0119dzie sprawowana dodatkowa Msza \u015bw. o godz. 13.00.<\/li><li>Wszystkim naszym parafianom i osobom przebywaj\u0105cym w naszej parafii \u017cyczymy spokojnej niedzieli oraz dobrego i b\u0142ogos\u0142awionego tygodnia.<\/li><li>Zach\u0119camy do czytania prasy katolickiej.<\/li><\/ol>\n\n\n\n<p class=\"has-text-align-center\"><strong>Intencje Mszalne<\/strong> <strong>&nbsp;29 maj \u2013 05 czerwiec &nbsp;2022r.<\/strong><\/p>\n\n\n\n<p><strong>Nd.&nbsp; 29. V. 2022&nbsp; &nbsp;UROCZYSTO\u015a\u0106&nbsp; WNIEBOWST\u0104PIENIA&nbsp; PA\u0143SKIEGO<\/strong><br>g.&nbsp;&nbsp; 9.00&nbsp; + Teres\u0119 Jusi\u0144sk\u0105&nbsp; 29 gr.<br>g. 11.00&nbsp; <strong>+ <\/strong>Int. zam.<br>Nabo\u017ce\u0144stwo Majowe<br><strong>Poniedzia\u0142ek&nbsp; 30. V&nbsp;&nbsp;&nbsp; &nbsp;&nbsp;<\/strong><br>g. 18.00&nbsp; + Leokadi\u0105 Bogumi\u0142\u0119 Szczepaniak&nbsp; \/1\/<br>g. 18.30&nbsp; Nabo\u017ce\u0144stwo Majowe<br>g. 19.00&nbsp; + Teres\u0119 Jusi\u0144sk\u0105&nbsp; 30 gr.<br><strong>Wtorek&nbsp; &nbsp;&nbsp;&nbsp;&nbsp;31. V&nbsp;&nbsp;&nbsp;&nbsp;&nbsp;&nbsp; <\/strong><br>g.&nbsp;&nbsp; 7.00 &nbsp;+ Leokadi\u0119 Bogumi\u0142\u0119 Szczepaniak&nbsp; \/2\/<br>Nabo\u017ce\u0144stwo Majowe<br><strong>\u015aroda &nbsp;&nbsp;&nbsp;&nbsp;&nbsp;&nbsp;&nbsp;&nbsp;01. VI&nbsp; &nbsp;&nbsp;&nbsp;&nbsp;<\/strong><br>g. 18.30&nbsp; Nabo\u017ce\u0144stwo Czerwcowe<br>g. 19.00&nbsp; + Franciszka Karasiewicz<br><strong>Czwartek&nbsp; &nbsp;&nbsp;&nbsp;&nbsp;02. VI&nbsp;&nbsp; &nbsp;&nbsp;&nbsp;<\/strong><br>g.&nbsp;&nbsp; 7.00&nbsp; W int. Parafian<br>Nabo\u017ce\u0144stwo Czerwcowe<br><strong>Pi\u0105tek&nbsp;&nbsp;&nbsp;&nbsp;&nbsp;&nbsp;&nbsp; &nbsp;03. VI&nbsp;&nbsp;&nbsp; &nbsp;&nbsp;<\/strong><br>g. 18.30&nbsp; Nabo\u017ce\u0144stwo Czerwcowe<br>g. 19.00&nbsp; + Leokadi\u0119 Bogumi\u0142\u0119 Szczepaniak&nbsp; \/3\/<br><strong>Sobota&nbsp;&nbsp;&nbsp;&nbsp;&nbsp;&nbsp; &nbsp;04. VI&nbsp; &nbsp;&nbsp;&nbsp;&nbsp;&nbsp;<\/strong><br>g. 18.30&nbsp; Nabo\u017ce\u0144stwo Czerwcowe<br>g. 19.00&nbsp; + Genowef\u0119 Jusi\u0144sk\u0105&nbsp; \/ Int. od cz\u0142onki\u0144 K\u017b R\u00f3\u017ca\u0144ca MB Bolesnej<br><strong>Nd.&nbsp; 05. VI. 2022&nbsp; &nbsp;UROCZYSTO\u015a\u0106&nbsp; ZES\u0141ANIA &nbsp;DUCHA&nbsp; \u015aWI\u0118TEGO<\/strong><br>g.&nbsp;&nbsp; 9.00&nbsp; Int. zam.<br>g. 11.00&nbsp; Int. zam.<br>Nabo\u017ce\u0144stwo Czerwcowe<br>g. 13.00 Int. zam.<\/p>\n\n\n\n<p><\/p>\n","protected":false},"excerpt":{"rendered":"<p>Trwa Nowenna przed Uroczysto\u015bci\u0105 Zes\u0142ania Ducha&nbsp; \u015awi\u0119tego. Odmawiana jest ona podczas nabo\u017ce\u0144stwa majowego. We wtorek 31 maja przypada \u015bwi\u0119to Nawiedzenia Naj\u015bwi\u0119tszej Maryi Panny. W przysz\u0142\u0105 niedziel\u0119 5 czerwca b\u0119dziemy obchodzi\u0107 Uroczysto\u015b\u0107 Zes\u0142ania Ducha \u015awi\u0119tego, czyli Zielone \u015awi\u0105tki. Ko\u0144czy si\u0119 okres komunii \u015bwi\u0119tej Wielkanocnej. Pami\u0119tajmy o przyst\u0105pieniu do sakramentu pokuty gdyby [&hellip;]<\/p>\n","protected":false},"author":2,"featured_media":0,"comment_status":"closed","ping_status":"closed","sticky":false,"template":"","format":"standard","meta":[],"categories":[2],"tags":[],"_links":{"self":[{"href":"http:\/\/www.parafiakuligow.pl\/index.php\/wp-json\/wp\/v2\/posts\/2066"}],"collection":[{"href":"http:\/\/www.parafiakuligow.pl\/index.php\/wp-json\/wp\/v2\/posts"}],"about":[{"href":"http:\/\/www.parafiakuligow.pl\/index.php\/wp-json\/wp\/v2\/types\/post"}],"author":[{"embeddable":true,"href":"http:\/\/www.parafiakuligow.pl\/index.php\/wp-json\/wp\/v2\/users\/2"}],"replies":[{"embeddable":true,"href":"http:\/\/www.parafiakuligow.pl\/index.php\/wp-json\/wp\/v2\/comments?post=2066"}],"version-history":[{"count":2,"href":"http:\/\/www.parafiakuligow.pl\/index.php\/wp-json\/wp\/v2\/posts\/2066\/revisions"}],"predecessor-version":[{"id":2069,"href":"http:\/\/www.parafiakuligow.pl\/index.php\/wp-json\/wp\/v2\/posts\/2066\/revisions\/2069"}],"wp:attachment":[{"href":"http:\/\/www.parafiakuligow.pl\/index.php\/wp-json\/wp\/v2\/media?parent=2066"}],"wp:term":[{"taxonomy":"category","embeddable":true,"href":"http:\/\/www.parafiakuligow.pl\/index.php\/wp-json\/wp\/v2\/categories?post=2066"},{"taxonomy":"post_tag","embeddable":true,"href":"http:\/\/www.parafiakuligow.pl\/index.php\/wp-json\/wp\/v2\/tags?post=2066"}],"curies":[{"name":"wp","href":"https:\/\/api.w.org\/{rel}","templated":true}]}}