{"id":2063,"date":"2022-05-23T16:44:59","date_gmt":"2022-05-23T14:44:59","guid":{"rendered":"https:\/\/www.parafiakuligow.pl\/?p=2063"},"modified":"2022-05-23T16:45:22","modified_gmt":"2022-05-23T14:45:22","slug":"22-maj-2022-vi-niedziela-wielkanocy","status":"publish","type":"post","link":"http:\/\/www.parafiakuligow.pl\/index.php\/2022\/05\/23\/22-maj-2022-vi-niedziela-wielkanocy\/","title":{"rendered":"22\u00a0Maj 2022 &#8211; VI NIEDZIELA WIELKANOCY"},"content":{"rendered":"\n<ol type=\"1\"><li>Dzi\u015b na Mszy \u015bw. o godz. 11.00 Uroczysto\u015b\u0107 Rocznicy I Komunii \u015bw. dla pi\u0119ciorga dzieci oraz ich rodzin.<\/li><li>W tym tygodniu od poniedzia\u0142ku do \u015brody przypadaj\u0105 dni modlitw o urodzaje zwanych dawniej dniami krzy\u017cowymi. Do naszych modlitw do\u0142\u0105czmy r\u00f3wnie\u017c intencje o u\u015bwi\u0119cenie pracy ludzkiej.<\/li><li>We wtorek 24 maja liturgiczne wspomnienie\u00a0 NM Panny Wspomo\u017cycielki Wiernych.<\/li><li>W czwartek 26 maja przypada Dzie\u0144\u00a0 Matki. Wszystkim mamom sk\u0142adamy serdeczne \u017cyczenia; by by\u0142y dumne ze swoich dzieci, aby cieszy\u0142y si\u0119 ich mi\u0142o\u015bci\u0105 i wdzi\u0119czno\u015bci\u0105. \u017byczymy im zdrowia, opieki Matki Bo\u017cej i wsparcia od najbli\u017cszych.<\/li><li>W pi\u0105tek 27 maja rozpoczyna si\u0119 nowenna do Ducha \u015awi\u0119tego przed Uroczysto\u015bci\u0105\u00a0 Zes\u0142ania Ducha\u00a0 \u015awi\u0119tego.<\/li><li>W sobot\u0119 28 maja przypada liturgiczne wspomnienie b\u0142. Kard. Stefana Wyszy\u0144skiego.<\/li><li>Rozpoczynamy w naszej parafii przygotowanie m\u0142odzie\u017cy do sakramentu bierzmowania. Najm\u0142odsi kandydaci to VIII klasa szko\u0142y podstawowej. Zapraszam te\u017c starszych licealist\u00f3w i uczni\u00f3w innych szk\u00f3\u0142, a tak\u017ce wszystkich, kt\u00f3rzy bierzmowania jeszcze nie przyj\u0119li. Pierwsze spotkanie odb\u0119dzie si\u0119 w niedziel\u0119 29 maja po Mszy \u015bw. o godz. 11.00. Do tego czasu prosz\u0119 o zg\u0142aszanie si\u0119 do ksi\u0119dza proboszcza i zapisanie do grona kandydat\u00f3w.<\/li><li>Wszystkim naszym parafianom i osobom przebywaj\u0105cym w naszej parafii \u017cyczymy spokojnej niedzieli oraz dobrego i b\u0142ogos\u0142awionego tygodnia.<\/li><li>Zach\u0119camy do czytania prasy katolickiej.<\/li><\/ol>\n\n\n\n<p><strong>Intencje Mszalne<\/strong> <strong>\u00a022 \u2013 29 \u00a0Maj \u00a02022r.<\/strong><\/p>\n\n\n\n<p><strong>Nd.\u00a0 22. V. 2022\u00a0\u00a0\u00a0 \u00a0VI\u00a0 NIEDZIELA\u00a0 WIELKANOCY<\/strong><br>g.\u00a0\u00a0 9.00\u00a0 + Franciszka Sadzy\u0144skiego w 1 rocz. \u015bm.; rodzic\u00f3w Weronik\u0119 i J\u00f3zefa Jurek;\u00a0 Konstancj\u0119 i Henryka Sadzy\u0144skich<br>g. 11.00\u00a0 <strong>Rocznica I Komunii \u015bw. O Bo\u017ce b\u0142og. i \u0142aski dla dzieci i ich rodzin<\/strong><br>g. 12.30\u00a0 + Teres\u0119 Jusi\u0144sk\u0105\u00a0 22 gr.<br><strong>Poniedzia\u0142ek\u00a0 23. V\u00a0\u00a0\u00a0 \u00a0\u00a0<\/strong><br>g. 18.00\u00a0 + Ew\u0119 Drza\u017cd\u017cy\u0144sk\u0105 i Franciszka Drza\u017cd\u017cy\u0144skiego w m-c po \u015bm.<br>g. 18.30\u00a0 Nabo\u017ce\u0144stwo Majowe<br>g. 19.00\u00a0 + Teres\u0119 Jusi\u0144sk\u0105\u00a0 23 gr.<br><strong>Wtorek\u00a0 \u00a0\u00a0\u00a0\u00a024. V\u00a0\u00a0\u00a0\u00a0\u00a0\u00a0 <\/strong><br>g.\u00a0\u00a0 7.00 \u00a0+ Teres\u0119 Jusi\u0144sk\u0105\u00a0 24 gr.<br>Nabo\u017ce\u0144stwo Majowe<br><strong>\u015aroda \u00a0\u00a0\u00a0\u00a0\u00a0\u00a0\u00a0\u00a025. V\u00a0 \u00a0\u00a0\u00a0\u00a0\u00a0\u00a0<\/strong><br>g. 18.30\u00a0 Nabo\u017ce\u0144stwo Majowe<br>g. 19.00\u00a0 + Teres\u0119 Jusi\u0144sk\u0105\u00a0 25 gr.<br><strong>Czwartek\u00a0 \u00a0\u00a0\u00a0\u00a026. V\u00a0\u00a0 \u00a0\u00a0\u00a0\u00a0\u00a0<\/strong><br>g.\u00a0\u00a0 7.00\u00a0 + Teres\u0119 Jusi\u0144sk\u0105\u00a0 26 gr.<br>Nabo\u017ce\u0144stwo Majowe<br><strong>Pi\u0105tek\u00a0\u00a0\u00a0\u00a0\u00a0\u00a0\u00a0 \u00a027. V\u00a0\u00a0\u00a0 \u00a0\u00a0\u00a0\u00a0<\/strong><br>g. 18.30\u00a0 Nabo\u017ce\u0144stwo majowe<br>g. 19.00\u00a0 + Teres\u0119 Jusi\u0144sk\u0105\u00a0 27 gr.<br><strong>Sobota\u00a0\u00a0\u00a0\u00a0\u00a0\u00a0 \u00a028. V\u00a0 \u00a0\u00a0\u00a0\u00a0\u00a0\u00a0<\/strong><br>g. 18.00\u00a0 + Zofi\u0119 Czerwi\u0144sk\u0105 w 11 rocz. \u015bm.<br>g. 18.30\u00a0 Nabo\u017ce\u0144stwo Majowe<br>g. 19.00\u00a0 + Teres\u0119 Jusi\u0144sk\u0105\u00a0 28 gr.<br><strong>Nd.\u00a0 29. V. 2022\u00a0 \u00a0UROCZYSTO\u015a\u0106\u00a0 WNIEBOWST\u0104PIENIA\u00a0 PA\u0143SKIEGO<\/strong><br>g.\u00a0\u00a0 9.00\u00a0 + Teres\u0119 Jusi\u0144sk\u0105\u00a0 29 gr.<br>g. 11.00\u00a0 + Int. zam.<br>Nabo\u017ce\u0144stwo Majowe<\/p>\n","protected":false},"excerpt":{"rendered":"<p>Dzi\u015b na Mszy \u015bw. o godz. 11.00 Uroczysto\u015b\u0107 Rocznicy I Komunii \u015bw. dla pi\u0119ciorga dzieci oraz ich rodzin. W tym tygodniu od poniedzia\u0142ku do \u015brody przypadaj\u0105 dni modlitw o urodzaje zwanych dawniej dniami krzy\u017cowymi. Do naszych modlitw do\u0142\u0105czmy r\u00f3wnie\u017c intencje o u\u015bwi\u0119cenie pracy ludzkiej. We wtorek 24 maja liturgiczne wspomnienie\u00a0 [&hellip;]<\/p>\n","protected":false},"author":2,"featured_media":0,"comment_status":"closed","ping_status":"closed","sticky":false,"template":"","format":"standard","meta":[],"categories":[2],"tags":[],"_links":{"self":[{"href":"http:\/\/www.parafiakuligow.pl\/index.php\/wp-json\/wp\/v2\/posts\/2063"}],"collection":[{"href":"http:\/\/www.parafiakuligow.pl\/index.php\/wp-json\/wp\/v2\/posts"}],"about":[{"href":"http:\/\/www.parafiakuligow.pl\/index.php\/wp-json\/wp\/v2\/types\/post"}],"author":[{"embeddable":true,"href":"http:\/\/www.parafiakuligow.pl\/index.php\/wp-json\/wp\/v2\/users\/2"}],"replies":[{"embeddable":true,"href":"http:\/\/www.parafiakuligow.pl\/index.php\/wp-json\/wp\/v2\/comments?post=2063"}],"version-history":[{"count":2,"href":"http:\/\/www.parafiakuligow.pl\/index.php\/wp-json\/wp\/v2\/posts\/2063\/revisions"}],"predecessor-version":[{"id":2065,"href":"http:\/\/www.parafiakuligow.pl\/index.php\/wp-json\/wp\/v2\/posts\/2063\/revisions\/2065"}],"wp:attachment":[{"href":"http:\/\/www.parafiakuligow.pl\/index.php\/wp-json\/wp\/v2\/media?parent=2063"}],"wp:term":[{"taxonomy":"category","embeddable":true,"href":"http:\/\/www.parafiakuligow.pl\/index.php\/wp-json\/wp\/v2\/categories?post=2063"},{"taxonomy":"post_tag","embeddable":true,"href":"http:\/\/www.parafiakuligow.pl\/index.php\/wp-json\/wp\/v2\/tags?post=2063"}],"curies":[{"name":"wp","href":"https:\/\/api.w.org\/{rel}","templated":true}]}}