{"id":2039,"date":"2022-04-24T20:53:00","date_gmt":"2022-04-24T18:53:00","guid":{"rendered":"https:\/\/www.parafiakuligow.pl\/?p=2039"},"modified":"2022-04-25T20:58:30","modified_gmt":"2022-04-25T18:58:30","slug":"24-kwiecien-2022-ii-niedziela-wielkanocy-milosierdzia-bozego","status":"publish","type":"post","link":"http:\/\/www.parafiakuligow.pl\/index.php\/2022\/04\/24\/24-kwiecien-2022-ii-niedziela-wielkanocy-milosierdzia-bozego\/","title":{"rendered":"24 Kwiecie\u0144 \u00a02022 &#8211; II NIEDZIELA\u00a0 WIELKANOCY MI\u0141OSIERDZIA\u00a0 BO\u017bEGO"},"content":{"rendered":"\n<ol type=\"1\"><li>Dzi\u015b z racji \u015awi\u0119ta Bo\u017cego Mi\u0142osierdzia\u00a0 po Mszy \u015bw. o godz.11.00 wsp\u00f3lnie odm\u00f3wimy koronk\u0119 do Mi\u0142osierdzia\u00a0 Bo\u017cego. Z t\u0105 modlitw\u0105 zwi\u0105zana jest mo\u017cliwo\u015b\u0107 uzyskania odpustu zupe\u0142nego dla tych, kt\u00f3rzy wolni s\u0105 od przywi\u0105zania do grzechu i s\u0105 w stanie \u0142aski u\u015bwi\u0119caj\u0105cej. Po nabo\u017ce\u0144stwie spotkanie dla rodzic\u00f3w i dzieci przygotowuj\u0105cych si\u0119 do rocznicy I Komunii \u015bwi\u0119tej. Obecno\u015b\u0107 obowi\u0105zkowa. Taca dnia dzisiejszego przeznaczona jest na dzie\u0142a charytatywne \u201eCaritas\u201d naszej Diecezji.<\/li><li>W tym tygodniu w poniedzia\u0142ek obchodzimy \u015bwi\u0119to \u015bw. Marka Ewangelisty; we wtorek 26 kwietnia uroczysto\u015b\u0107 \u015bw. Wojciecha biskupa i m\u0119czennika, g\u0142\u00f3wnego patrona Polski, a w pi\u0105tek \u015bw. Katarzyny Siene\u0144skiej, dziewicy i doktora Ko\u015bcio\u0142a, patronki Europy.<\/li><li>Przysz\u0142a niedziela to I niedziela miesi\u0105ca. Po Mszy \u015bw. o godz. 11.00\u00a0 wystawienie Naj\u015bwi\u0119tszego Sakramentu i adoracja Eucharystyczna.<\/li><li>Od przysz\u0142ej niedzieli rozpoczynamy miesi\u0105c maj, po\u015bwi\u0119cony w spos\u00f3b szczeg\u00f3lny ku czci Matki Bo\u017cej. Litani\u0119 Loreta\u0144sk\u0105 b\u0119dziemy odmawia\u0107 w dni powszednie: poniedzia\u0142ki, \u015brody, pi\u0105tki i soboty przed Msz\u0105 \u015bw. o godz. 18.30; we wtorki i czwartki\u00a0 po Mszy \u015bw. o godz. 7.00. W niedziel\u0119 i \u015bwi\u0119ta na zako\u0144czenie Mszy \u015bw. o godz.11.00. Serdecznie zapraszamy do wsp\u00f3lnej modlitwy.<\/li><li>Od\u00a0 m-ca maja do ko\u0144ca wrze\u015bnia tak jak w latach minionych, w dni powszednie wieczorna Msza \u015bw. b\u0119dzie sprawowana o godzin\u0119 p\u00f3\u017aniej ni\u017c do tej pory, czyli nie o 18.00, ale o godz. 19.00. W niedziel\u0119 i \u015bwi\u0119ta porz\u0105dek bez zmian.<\/li><li>Wszystkim naszym parafianom i osobom przebywaj\u0105cym w naszej parafii \u017cyczymy spokojnej niedzieli oraz dobrego i b\u0142ogos\u0142awionego tygodnia.<\/li><li>Zach\u0119camy do czytania prasy katolickiej.<\/li><\/ol>\n\n\n\n<p class=\"has-text-align-center\"><strong>Intencje Mszalne<\/strong> <strong>\u00a024 Kwiecie\u0144 \u00a0\u2013 01 Maj \u00a02022r.<\/strong><\/p>\n\n\n\n<p><strong>Nd.\u00a0 24. IV. 2022\u00a0\u00a0\u00a0 II\u00a0 NIEDZIELA WIELKANOCY<\/strong> <strong>MI\u0141OSIERDZIA\u00a0 BO\u017bEGO\u00a0<\/strong><br>g.\u00a0\u00a0 9.00\u00a0\u00a0 <strong>+ <\/strong>Leokadi\u0119 i Jana Baranowskich; dziadk\u00f3w: Baranowskich i Jusi\u0144skich<br>g. 11.00\u00a0\u00a0 + Adama Getka w 12 rocz. \u015bm.<br>P<strong>oniedzia\u0142ek\u00a0 25. IV\u00a0\u00a0\u00a0 <\/strong><br>g. 17.30\u00a0 + Genowef\u0119 Jusi\u0144sk\u0105\u00a0 \/6\/<br>g. 18.00\u00a0 Zm. z rodziny D\u0105browskich i Dygnus<br><strong>Wtorek\u00a0\u00a0\u00a0\u00a0\u00a0\u00a0\u00a0 26. IV\u00a0\u00a0\u00a0 <\/strong>g.\u00a0 7.00\u00a0 W int. Parafian<br><strong>\u015aroda \u00a0\u00a0\u00a0\u00a0\u00a0\u00a0\u00a0\u00a0\u00a0\u00a027. IV\u00a0 \u00a0\u00a0\u00a0<\/strong>g. 18.00\u00a0 + Genowef\u0119 Jusi\u0144sk\u0105\u00a0 \/7\/<br><strong>Czwartek\u00a0 \u00a0\u00a0\u00a0\u00a0\u00a0\u00a028. IV\u00a0\u00a0 \u00a0\u00a0<\/strong>g.\u00a0\u00a0 7.00<strong> \u00a0+ <\/strong>Genowef\u0119 Jusi\u0144sk\u0105<strong>\u00a0 <\/strong>\/8\/<strong>\u00a0\u00a0\u00a0\u00a0\u00a0\u00a0\u00a0 \u00a0\u00a0\u00a0\u00a0\u00a0\u00a0\u00a0\u00a0<\/strong><br><strong>Pi\u0105tek\u00a0\u00a0\u00a0\u00a0\u00a0\u00a0\u00a0 \u00a0\u00a0\u00a029. IV\u00a0\u00a0\u00a0 \u00a0<\/strong><br>g. 17.30<strong> \u00a0+ <\/strong>Genowef\u0119 Jusi\u0144sk\u0105<strong>\u00a0 <\/strong>\/9\/<br>g. 18.00\u00a0 <strong>+ <\/strong>Stanis\u0142awa Jusi\u0144skiego<br><strong>Sobota\u00a0\u00a0\u00a0\u00a0\u00a0\u00a0 \u00a0\u00a0\u00a030. IV\u00a0 \u00a0\u00a0\u00a0<\/strong><br>g. 17.30 \u00a0O \u0142ask\u0119 zdrowia dla Alfredy Aniszewskiej<br>g. 18.00\u00a0 + Stanis\u0142awa i El\u017cbiet\u0119 Gajdek<br><strong>Nd.\u00a0 01. V. 2022\u00a0 \u00a0\u00a0III \u00a0NIEDZIELA WIELKANOCY<\/strong><br>g.\u00a0\u00a0 9.00\u00a0 \u00a0<strong>+ <\/strong>Teres\u0119 Jusi\u0144sk\u0105\u00a0 1 gr.<br>g. 11.00\u00a0\u00a0 Int. zam.<\/p>\n","protected":false},"excerpt":{"rendered":"<p>Dzi\u015b z racji \u015awi\u0119ta Bo\u017cego Mi\u0142osierdzia\u00a0 po Mszy \u015bw. o godz.11.00 wsp\u00f3lnie odm\u00f3wimy koronk\u0119 do Mi\u0142osierdzia\u00a0 Bo\u017cego. Z t\u0105 modlitw\u0105 zwi\u0105zana jest mo\u017cliwo\u015b\u0107 uzyskania odpustu zupe\u0142nego dla tych, kt\u00f3rzy wolni s\u0105 od przywi\u0105zania do grzechu i s\u0105 w stanie \u0142aski u\u015bwi\u0119caj\u0105cej. Po nabo\u017ce\u0144stwie spotkanie dla rodzic\u00f3w i dzieci przygotowuj\u0105cych si\u0119 [&hellip;]<\/p>\n","protected":false},"author":2,"featured_media":0,"comment_status":"closed","ping_status":"closed","sticky":false,"template":"","format":"standard","meta":[],"categories":[2],"tags":[],"_links":{"self":[{"href":"http:\/\/www.parafiakuligow.pl\/index.php\/wp-json\/wp\/v2\/posts\/2039"}],"collection":[{"href":"http:\/\/www.parafiakuligow.pl\/index.php\/wp-json\/wp\/v2\/posts"}],"about":[{"href":"http:\/\/www.parafiakuligow.pl\/index.php\/wp-json\/wp\/v2\/types\/post"}],"author":[{"embeddable":true,"href":"http:\/\/www.parafiakuligow.pl\/index.php\/wp-json\/wp\/v2\/users\/2"}],"replies":[{"embeddable":true,"href":"http:\/\/www.parafiakuligow.pl\/index.php\/wp-json\/wp\/v2\/comments?post=2039"}],"version-history":[{"count":1,"href":"http:\/\/www.parafiakuligow.pl\/index.php\/wp-json\/wp\/v2\/posts\/2039\/revisions"}],"predecessor-version":[{"id":2040,"href":"http:\/\/www.parafiakuligow.pl\/index.php\/wp-json\/wp\/v2\/posts\/2039\/revisions\/2040"}],"wp:attachment":[{"href":"http:\/\/www.parafiakuligow.pl\/index.php\/wp-json\/wp\/v2\/media?parent=2039"}],"wp:term":[{"taxonomy":"category","embeddable":true,"href":"http:\/\/www.parafiakuligow.pl\/index.php\/wp-json\/wp\/v2\/categories?post=2039"},{"taxonomy":"post_tag","embeddable":true,"href":"http:\/\/www.parafiakuligow.pl\/index.php\/wp-json\/wp\/v2\/tags?post=2039"}],"curies":[{"name":"wp","href":"https:\/\/api.w.org\/{rel}","templated":true}]}}