{"id":202,"date":"2015-10-01T23:11:10","date_gmt":"2015-10-01T21:11:10","guid":{"rendered":"http:\/\/www.parafiakuligow.pl\/?p=202"},"modified":"2015-10-01T23:11:10","modified_gmt":"2015-10-01T21:11:10","slug":"jan-pawel-ii-patron-rodziny-list-episkopatu-polski-zapowiadajacy-obchody-xv-dnia-papieskiego","status":"publish","type":"post","link":"http:\/\/www.parafiakuligow.pl\/index.php\/2015\/10\/01\/jan-pawel-ii-patron-rodziny-list-episkopatu-polski-zapowiadajacy-obchody-xv-dnia-papieskiego\/","title":{"rendered":"\u201eJan Pawe\u0142 II \u2013 patron rodziny\u201d List Episkopatu Polski zapowiadaj\u0105cy obchody XV Dnia Papieskiego"},"content":{"rendered":"<p>Drodzy Bracia i\u00a0Siostry!<\/p>\n<p>\u201eJan Pawe\u0142 II \u2013 patron rodziny\u201d to has\u0142o XV Dnia Papieskiego, kt\u00f3ry b\u0119dzie obchodzony ju\u017c za tydzie\u0144, w\u00a0niedziel\u0119 11 pa\u017adziernika. Tegoroczne obchody zbiegaj\u0105 si\u0119 z\u00a0obradami Synodu Biskup\u00f3w, kt\u00f3ry rozpoczyna si\u0119 dzisiaj w\u00a0Rzymie, pod has\u0142em \u201ePowo\u0142anie i\u00a0misja rodziny w\u00a0Ko\u015bciele i\u00a0w\u00a0\u015bwiecie wsp\u00f3\u0142czesnym\u201d. Dzie\u0144 Papieski jawi si\u0119 zatem jako wezwanie do refleksji nad rodzin\u0105 oraz do wytrwa\u0142ej modlitwy w\u00a0jej intencji.<\/p>\n<ol>\n<li>Ma\u0142\u017ce\u0144stwo i\u00a0rodzina w\u00a0Biblii<\/li>\n<\/ol>\n<p>Liturgia s\u0142owa dzisiejszej niedzieli zawiera biblijne obrazy stanowi\u0105ce podwaliny pod chrze\u015bcija\u0144skie nauczanie o\u00a0powo\u0142aniu m\u0119\u017cczyzny i\u00a0kobiety do bycia m\u0119\u017cem i\u00a0\u017con\u0105, ojcem i\u00a0matk\u0105.[\u2026] Podczas g\u0142\u0119bokiego snu Adama, B\u00f3g stwarza kobiet\u0119. Adam zachwyca si\u0119 istot\u0105, kt\u00f3r\u0105 dostrzega obok siebie. Dzi\u0119kuje Bogu, \u017ce spe\u0142ni\u0142 jego marzenie. Odt\u0105d Adam i\u00a0Ewa tworz\u0105 ma\u0142\u017ce\u0144stwo, staj\u0105 si\u0119 jednym cia\u0142em. Z\u00a0jedno\u015bci pojmowanej przez pryzmat aktu p\u0142ciowego p\u0142ynie dobro i\u00a0b\u0142ogos\u0142awie\u0144stwo. Biblia, podchodz\u0105c pozytywnie do ludzkiej seksualno\u015bci, widzi j\u0105 jako rzeczywisto\u015b\u0107 stworzon\u0105 przez Boga dla dobra cz\u0142owieka, kt\u00f3ra ma by\u0107 realizowana wy\u0142\u0105cznie w\u00a0ma\u0142\u017ce\u0144stwie. Owa jedno\u015b\u0107 cia\u0142 jest tak\u017ce wyrazem duchowej komunii os\u00f3b \u2013 m\u0119\u017ca i\u00a0\u017cony \u2013 kt\u00f3r\u0105 tworz\u0105 poprzez wsp\u00f3lnot\u0119 ca\u0142ego \u017cycia. Pan Jezus w\u00a0dzisiejszej Ewangelii, wobec pyta\u0144 i\u00a0zg\u0142oszonych w\u0105tpliwo\u015bci, potwierdza wyra\u017anie nierozerwalno\u015b\u0107 ma\u0142\u017ce\u0144stwa s\u0142owami: \u201eCo wi\u0119c B\u00f3g z\u0142\u0105czy\u0142, tego cz\u0142owiek niech nie rozdziela\u201d (Mk 10,9).<\/p>\n<ol start=\"2\">\n<li>Kontekst czas\u00f3w obecnych<\/li>\n<\/ol>\n<p>Pasterze Ko\u015bcio\u0142a w\u00a0Polsce z\u00a0wielk\u0105 uwag\u0105 obserwuj\u0105 zmiany spo\u0142eczne dotykaj\u0105ce ma\u0142\u017ce\u0144stwo i\u00a0rodzin\u0119 oraz warunki zewn\u0119trzne, w\u00a0kt\u00f3rych przychodzi egzystowa\u0107 rodzicom i\u00a0ich dzieciom. Wiele os\u00f3b wci\u0105\u017c doskonale rozumie istot\u0119 sakramentalnego ma\u0142\u017ce\u0144stwa i\u00a0rol\u0119 rodziny w\u00a0spo\u0142ecze\u0144stwie. Niemniej jednak kryzys kulturowy i\u00a0ideowy dotycz\u0105cy cz\u0142owieka odcisn\u0105\u0142 swe pi\u0119tno na tradycyjnym wzorze ma\u0142\u017ce\u0144stwa i\u00a0rodziny. Sceptycyzm dotycz\u0105cy nierozerwalnego i\u00a0wiernego ma\u0142\u017ce\u0144stwa jest w\u00a0wielu \u015brodowiskach tak wielki, \u017ce cz\u0119sto unika si\u0119 ju\u017c u\u017cywania poj\u0119cia \u201ema\u0142\u017ce\u0144stwo\u201d. Zast\u0105pi\u0142y je okre\u015blenia typu \u201ebycie w\u00a0zwi\u0105zku\u201d, \u201ebycie partnerem\u201d czy po prostu \u201ebycie razem\u201d. Trudno doszukiwa\u0107 si\u0119 w\u00a0nich kategorii \u201etrwa\u0142o\u015bci\u201d czy \u201ewierno\u015bci\u201d.<\/p>\n<p>Zaniepokojenie budzi wsp\u00f3lne zamieszkiwanie m\u0142odych ludzi bez \u015blubu ko\u015bcielnego. Niejednokrotnie dzieje si\u0119 to za przyzwoleniem rodzic\u00f3w i\u00a0spo\u0142ecze\u0144stwa. W\u00a0ten spos\u00f3b m\u0142odzi ludzie odcinaj\u0105 si\u0119 od \u017ar\u00f3d\u0142a Bo\u017cego b\u0142ogos\u0142awie\u0144stwa, kt\u00f3re jest zwi\u0105zane z\u00a0sakramentem ma\u0142\u017ce\u0144stwa.<\/p>\n<p>Niebezpieczne z\u00a0punktu widzenia dobra samych ma\u0142\u017conk\u00f3w, jak i\u00a0przysz\u0142o\u015bci Ojczyzny jawi si\u0119 tak\u017ce odk\u0142adanie decyzji o\u00a0zrodzeniu potomstwa na czas p\u00f3\u017aniejszy, dawanie pierwsze\u0144stwa karierze zawodowej przed budowaniem szcz\u0119\u015bliwej rodziny. Niezrozumia\u0142e jest tak\u017ce ograniczanie si\u0119 wy\u0142\u0105cznie do jednego dziecka, w\u00a0sytuacji gdy nie ma przeszk\u00f3d do przyj\u0119cia na \u015bwiat kolejnych dzieci. Niepokoi tak\u017ce awersja do rodzin wielodzietnych. Z\u00a0praktyki wynika, \u017ce w\u00a0tych rodzinach proces dojrzewania spo\u0142ecznego jest o\u00a0wiele bardziej owocny, a\u00a0dzieci s\u0105 szcz\u0119\u015bliwsze. W\u00a0doros\u0142ym \u017cyciu licznemu rodze\u0144stwu \u0142atwiej wspiera\u0107 starzej\u0105cych si\u0119 rodzic\u00f3w i\u00a0by\u0107 dla siebie wzajemnie pomoc\u0105.<\/p>\n<p>Bolejemy nad tym, i\u017c wiele rodzin nie realizuje swych marze\u0144 o\u00a0potomstwie ze wzgl\u0119du na obaw\u0119 o\u00a0mo\u017cliwo\u015b\u0107 jego utrzymania. Bezwzgl\u0119dnie konieczna jest bardziej skuteczna prorodzinna polityka pa\u0144stwa i\u00a0pomoc najubo\u017cszym rodzinom, zw\u0142aszcza wielodzietnym.<\/p>\n<p>Powa\u017cnym problemem jest tak\u017ce nieustanna propaganda ideologii\u00a0<em>gender<\/em>. Wprowadza ona nie tylko zam\u0119t w\u00a0kwestiach etyczno-moralnych, ale r\u00f3wnie\u017c \u2013 co jest zdecydowanie powa\u017cniejsze \u2013 podwa\u017ca sam akt stw\u00f3rczy Boga.\u00a0<em>Gender<\/em>\u00a0uderza w\u00a0decyzj\u0119 Najwy\u017cszego o\u00a0powo\u0142aniu do istnienia m\u0119\u017cczyzny i\u00a0kobiety jako os\u00f3b r\u00f3wnych sobie w\u00a0godno\u015bci i\u00a0jednocze\u015bnie wzajemnie siebie potrzebuj\u0105cych oraz dope\u0142niaj\u0105cych si\u0119. Podejmowane przez nich odmienne role spo\u0142eczne wynikaj\u0105 z\u00a0innej struktury biologicznej oraz psychiczno-duchowej obydwojga. Nie ma nic z\u0142ego w\u00a0naukowym badaniu wspomnianych r\u00f3l i\u00a0zmian kulturowo-cywilizacyjnych dokonuj\u0105cych si\u0119 na przestrzeni wiek\u00f3w. Warto jednak z\u00a0ca\u0142\u0105 stanowczo\u015bci\u0105 zaznaczy\u0107, \u017ce przeciwstawianie sobie m\u0119\u017cczyzny i\u00a0kobiety oraz ukazywanie ich wzajemnej relacji jako d\u0105\u017cenie do dominacji trzeba oceni\u0107 jako niebezpieczn\u0105 drog\u0119 donik\u0105d. Czyni\u0105 tak m.in. niekt\u00f3re nurty feministyczne. Szcz\u0119\u015bcie p\u0142yn\u0105ce z\u00a0ma\u0142\u017ce\u0144stwa kobiety i\u00a0m\u0119\u017cczyzny, rado\u015b\u0107 z\u00a0posiadania i\u00a0wychowywania dzieci w\u00a0rodzinie jest nie do pogodzenia z\u00a0zasadami ideologii g\u0142osz\u0105cej konieczno\u015b\u0107 nieustannej walki pomi\u0119dzy p\u0142ciami.<\/p>\n<p>Nale\u017cy tak\u017ce poruszy\u0107 zagadnienie pozaustrojowego zap\u0142odnienia\u00a0<em>in vitro<\/em>, kt\u00f3re jest niegodne cz\u0142owieka, co podkre\u015bli\u0142 papie\u017c Franciszek na spotkaniu z\u00a0lekarzami (Watykan, 15.11.2014). Trzeba podkre\u015bli\u0107 dobitnie, \u017ce ka\u017cde ludzkie \u017cycie jest \u015bwi\u0119te i\u00a0jako takie powinno by\u0107 przez wszystkich z\u00a0rado\u015bci\u0105 przyj\u0119te. Jednak nie ka\u017cdy spos\u00f3b jego pocz\u0119cia mo\u017ce by\u0107 uznany za moralnie dopuszczalny.<\/p>\n<p>Po pierwsze, nie mo\u017cna okre\u015bli\u0107 procedury\u00a0<em>in vitro\u00a0<\/em>mianem leczenia niep\u0142odno\u015bci, gdy\u017c nawet po urodzeniu dziecka t\u0105 metod\u0105 kobieta pozostaje bezp\u0142odna. Cz\u0142owiek nie powinien przychodzi\u0107 na \u015bwiat w\u00a0wyniku zabieg\u00f3w biotechnologicznych, lecz jako owoc mi\u0142o\u015bci ma\u0142\u017conk\u00f3w \u2013 ojca i\u00a0matki. Zamiast promocji technologii\u00a0<em>in vitro,<\/em>\u00a0Ko\u015bci\u00f3\u0142 zach\u0119ca do korzystania z\u00a0naturalnych metod leczenia niep\u0142odno\u015bci, kt\u00f3re s\u0105 godziwe z\u00a0punktu widzenia moralnego, m.in. z\u00a0naprotechnologii.<\/p>\n<p>Nie ulega w\u0105tpliwo\u015bci, \u017ce w\u00a0dzisiejszych czasach potrzebne s\u0105 zakrojone na du\u017c\u0105 skal\u0119 powa\u017cne badania naukowe nad przyczynami niep\u0142odno\u015bci, kt\u00f3ra wydaje si\u0119 by\u0107 zjawiskiem narastaj\u0105cym. Nie mo\u017cna wy\u0142\u0105cznie leczy\u0107 skutk\u00f3w, nie znaj\u0105c prawdziwych przyczyn problemu przybieraj\u0105cego powoli rozmiar epidemii. Warto r\u00f3wnie\u017c zastanowi\u0107 si\u0119 nad ekonomicznym t\u0142em wspomnianych zjawisk.<\/p>\n<p>Z wielkim niepokojem obserwujemy rosn\u0105ce przyzwolenie spo\u0142eczne na promocj\u0119 i\u00a0u\u017cywanie \u015brodk\u00f3w antykoncepcyjnych oraz wczesnoporonnych, kt\u00f3re wyrz\u0105dzaj\u0105 ogromne szkody duchowe i\u00a0zdrowotne. Ko\u015bci\u00f3\u0142 zdecydowanie przestrzega przed stosowaniem pigu\u0142ki \u201edzie\u0144 po\u201d i\u00a0wzywa do zaprzestania jej dystrybucji. Wielk\u0105 odpowiedzialno\u015b\u0107 moraln\u0105 bior\u0105 na siebie ci, kt\u00f3rzy dopu\u015bcili ten \u015brodek do obrotu. W\u00a0poszczeg\u00f3lnych przypadkach mo\u017ce mie\u0107 ona dzia\u0142anie antykoncepcyjne lub wczesnoporonne. Jest ona niezwykle niebezpieczna szczeg\u00f3lnie dla m\u0142odych kobiet ze wzgl\u0119du na negatywne skutki zdrowotne mog\u0105ce wyst\u0105pi\u0107 po jej u\u017cyciu.<\/p>\n<p>Maj\u0105c na uwadze te niepokoj\u0105ce zjawiska i\u00a0przer\u00f3\u017cne zagro\u017cenia, tym bardziej dzi\u0119kujemy wszystkim ma\u0142\u017ce\u0144stwom i\u00a0rodzinom, kt\u00f3re buduj\u0105 sw\u0105 tera\u017aniejszo\u015b\u0107 i\u00a0przysz\u0142o\u015b\u0107 na fundamencie Ewangelii oraz nauczaniu Ko\u015bcio\u0142a za \u015bwiadectwo chrze\u015bcija\u0144skiego \u017cycia, tak bardzo dzisiaj potrzebne!<\/p>\n<ol start=\"3\">\n<li>Nauczanie \u015bw. Jana Paw\u0142a II<\/li>\n<\/ol>\n<p>Ojciec \u015awi\u0119ty Franciszek podczas Mszy \u015bw. kanonizacyjnej okre\u015bli\u0142 \u015bw. Jana Paw\u0142a II mianem \u201epapie\u017ca rodziny\u201d. Pontyfikat Papie\u017ca Polaka by\u0142 wielk\u0105 promocj\u0105 rodziny i\u00a0obron\u0105 fundamentalnych warto\u015bci dotycz\u0105cych ludzkiej cielesno\u015bci, p\u0142ciowo\u015bci, seksualno\u015bci, godno\u015bci narzecze\u0144stwa, sakramentalnego ma\u0142\u017ce\u0144stwa i\u00a0rodziny otwartej na \u017cycie. W\u00a0\u201e<em>Li\u015bcie do rodzin\u201d<\/em>\u00a0napisa\u0142:\u00a0<em>\u00a0\u201ePo\u015br\u00f3d tych wielu dr\u00f3g\u00a0rodzina jest drog\u0105 pierwsz\u0105 i\u00a0z\u00a0wielu wzgl\u0119d\u00f3w najwa\u017cniejsz\u0105.<\/em>\u00a0(\u2026)<em>\u00a0A\u00a0je\u015bli (\u2026) cz\u0142owiekowi brakuje rodziny, to jest to zawsze wy\u0142om i\u00a0brak nad wyraz niepokoj\u0105cy i\u00a0bolesny, kt\u00f3ry potem ci\u0105\u017cy na ca\u0142ym \u017cyciu. Tak wi\u0119c Ko\u015bci\u00f3\u0142 ogarnia sw\u0105 macierzy\u0144sk\u0105 trosk\u0105 wszystkich, kt\u00f3rzy znajduj\u0105 si\u0119 w\u00a0takich sytuacjach, poniewa\u017c dobrze wie, \u017ce rodzina spe\u0142nia funkcj\u0119 podstawow\u0105\u201d\u00a0<\/em>(<em>List do rodzin<\/em>, nr 2).<\/p>\n<p>Na polskiej ziemi, w\u00a0Kaliszu w\u00a01997 roku, \u015bw. Jan Pawe\u0142 II powiedzia\u0142: \u201eani na chwil\u0119 nie zapominajcie o\u00a0tym, jak wielk\u0105 warto\u015bci\u0105 jest rodzina. Dzi\u0119ki sakramentalnej obecno\u015bci Chrystusa, dzi\u0119ki dobrowolnie z\u0142o\u017conej przysi\u0119dze, w\u00a0kt\u00f3rej ma\u0142\u017conkowie oddaj\u0105 si\u0119 sobie wzajemnie, rodzina jest wsp\u00f3lnot\u0105 \u015bwi\u0119t\u0105\u201d<em>.\u00a0<\/em>W Nowym Targu w\u00a01979 roku modli\u0142 si\u0119, aby ma\u0142\u017conkowie byli otwarci na dar potomstwa, aby rodzina polska by\u0142a wierna \u015bwi\u0119temu prawu \u017cycia<em>.\u00a0<\/em>Niczego ze swej aktualno\u015bci nie straci\u0142y, a\u00a0by\u0107 mo\u017ce dzisiaj znacz\u0105 jeszcze wi\u0119cej s\u0142owa, kt\u00f3re pad\u0142y w\u00a01987 roku w\u00a0Szczecinie: \u201eModlimy si\u0119 gor\u0105co (\u2026) by rodzina by\u0142a silna Bogiem, a\u00a0kraj by\u0142 silny rodzin\u0105, zdrow\u0105 fizycznie i\u00a0moralnie. Podstaw\u0105 trwa\u0142o\u015bci rodziny jest pog\u0142\u0119biana i\u00a0odnawiana w\u00a0Ko\u015bciele (\u2026) w\u00a0jego sakramentach, \u015bwiadomo\u015b\u0107 znaczenia chrze\u015bcija\u0144skiego ma\u0142\u017ce\u0144stwa, \u015bwiadomo\u015b\u0107, kt\u00f3rej owocem jest trwanie, a\u017c do \u015bmierci\u201d.<\/p>\n<p>Przez wstawiennictwo \u015bw. Jana Paw\u0142a II \u2013 papie\u017ca rodziny \u2013 modlimy si\u0119 wsp\u00f3lnie za wszystkie rodziny, aby silne Bogiem stawa\u0142y si\u0119 prawdziwymi domowymi Ko\u015bcio\u0142ami, gdzie przekazuje si\u0119 i\u00a0piel\u0119gnuje wiar\u0119.<\/p>\n<ol start=\"4\">\n<li>Tegoroczny Dzie\u0144 Papieski<\/li>\n<\/ol>\n<p>Drodzy Bracia i\u00a0Siostry!<\/p>\n<p>Za tydzie\u0144, podczas XV Dnia Papieskiego,\u00a0b\u0119dziemy s\u0142uchali s\u0142\u00f3w \u015bw. Jana Paw\u0142a II i\u00a0modlili si\u0119 o\u00a0\u015bwi\u0119to\u015b\u0107 polskich ma\u0142\u017ce\u0144stw i\u00a0rodzin, o\u00a0otwarto\u015b\u0107 na dar \u017cycia, o\u00a0m\u0105dro\u015b\u0107 dla ustawodawc\u00f3w, odwag\u0119 dla samorz\u0105dowc\u00f3w, aby wzmocni\u0107 rodzin\u0119, od kt\u00f3rej zale\u017cy przysz\u0142o\u015b\u0107 Ko\u015bcio\u0142a i\u00a0Ojczyzny.<\/p>\n<p>B\u0119dziemy mieli okazj\u0119 wspom\u00f3c tak\u017ce dzie\u0142o, kt\u00f3re od lat nazywane jest\u00a0<em>\u017cywym pomnikiem<\/em>\u00a0Jana Paw\u0142a II. Fundacja \u201eDzie\u0142o Nowego Tysi\u0105clecia\u201d wspiera oko\u0142o 2500 m\u0142odych ludzi z\u00a0ca\u0142ej Polski, g\u0142\u00f3wnie z\u00a0rodzin wielodzietnych, zar\u00f3wno duchowo, jak i\u00a0materialnie, poprzez stypendia. [\u2026] W\u00a0przysz\u0142\u0105 niedziel\u0119 podczas kwesty przy ko\u015bcio\u0142ach i\u00a0w\u00a0miejscach publicznych b\u0119dziemy mogli wesprze\u0107 materialnie ten wyj\u0105tkowy pomnik wdzi\u0119czno\u015bci budowany \u015awi\u0119temu Papie\u017cowi. Wierzymy, \u017ce stypendy\u015bci b\u0119d\u0105 w\u00a0przysz\u0142o\u015bci \u015bwiadkami warto\u015bci rodziny i\u00a0obro\u0144cami jej godno\u015bci w\u00a0my\u015bl nauczania \u015bw. Jana Paw\u0142a II.<\/p>\n<p>Na czas prze\u017cywania XV Dnia Papieskiego i\u00a0podejmowania trudu odnowy polskiej rodziny udzielamy wszystkim pasterskiego b\u0142ogos\u0142awie\u0144stwa.<\/p>\n<p>Podpisali: Pasterze Ko\u015bcio\u0142a katolickiego w\u00a0Polsce<\/p>\n","protected":false},"excerpt":{"rendered":"<p>Drodzy Bracia i\u00a0Siostry! \u201eJan Pawe\u0142 II \u2013 patron rodziny\u201d to has\u0142o XV Dnia Papieskiego, kt\u00f3ry b\u0119dzie obchodzony ju\u017c za tydzie\u0144, w\u00a0niedziel\u0119 11 pa\u017adziernika. Tegoroczne obchody zbiegaj\u0105 si\u0119 z\u00a0obradami Synodu Biskup\u00f3w, kt\u00f3ry rozpoczyna si\u0119 dzisiaj w\u00a0Rzymie, pod has\u0142em \u201ePowo\u0142anie i\u00a0misja rodziny w\u00a0Ko\u015bciele i\u00a0w\u00a0\u015bwiecie wsp\u00f3\u0142czesnym\u201d. Dzie\u0144 Papieski jawi si\u0119 zatem jako wezwanie [&hellip;]<\/p>\n","protected":false},"author":1,"featured_media":0,"comment_status":"closed","ping_status":"open","sticky":false,"template":"","format":"standard","meta":[],"categories":[1],"tags":[],"_links":{"self":[{"href":"http:\/\/www.parafiakuligow.pl\/index.php\/wp-json\/wp\/v2\/posts\/202"}],"collection":[{"href":"http:\/\/www.parafiakuligow.pl\/index.php\/wp-json\/wp\/v2\/posts"}],"about":[{"href":"http:\/\/www.parafiakuligow.pl\/index.php\/wp-json\/wp\/v2\/types\/post"}],"author":[{"embeddable":true,"href":"http:\/\/www.parafiakuligow.pl\/index.php\/wp-json\/wp\/v2\/users\/1"}],"replies":[{"embeddable":true,"href":"http:\/\/www.parafiakuligow.pl\/index.php\/wp-json\/wp\/v2\/comments?post=202"}],"version-history":[{"count":1,"href":"http:\/\/www.parafiakuligow.pl\/index.php\/wp-json\/wp\/v2\/posts\/202\/revisions"}],"predecessor-version":[{"id":203,"href":"http:\/\/www.parafiakuligow.pl\/index.php\/wp-json\/wp\/v2\/posts\/202\/revisions\/203"}],"wp:attachment":[{"href":"http:\/\/www.parafiakuligow.pl\/index.php\/wp-json\/wp\/v2\/media?parent=202"}],"wp:term":[{"taxonomy":"category","embeddable":true,"href":"http:\/\/www.parafiakuligow.pl\/index.php\/wp-json\/wp\/v2\/categories?post=202"},{"taxonomy":"post_tag","embeddable":true,"href":"http:\/\/www.parafiakuligow.pl\/index.php\/wp-json\/wp\/v2\/tags?post=202"}],"curies":[{"name":"wp","href":"https:\/\/api.w.org\/{rel}","templated":true}]}}