{"id":200,"date":"2015-10-01T23:09:10","date_gmt":"2015-10-01T21:09:10","guid":{"rendered":"http:\/\/www.parafiakuligow.pl\/?p=200"},"modified":"2015-10-01T23:09:10","modified_gmt":"2015-10-01T21:09:10","slug":"4-pazdziernik-2015-r-27-niedziela-zwykla","status":"publish","type":"post","link":"http:\/\/www.parafiakuligow.pl\/index.php\/2015\/10\/01\/4-pazdziernik-2015-r-27-niedziela-zwykla\/","title":{"rendered":"4 pa\u017adziernik  2015 r. 27 niedziela zwyk\u0142a"},"content":{"rendered":"<ol>\n<li>Dzisiaj rozpoczyna si\u0119 w Rzymie synod biskup\u00f3w na temat powo\u0142ania i misji rodziny w Ko\u015bciele i \u015bwiecie wsp\u00f3\u0142czesnym. Wspierajmy uczestnik\u00f3w swoj\u0105 modlitw\u0105 to spotkanie przynios\u0142o umocnienie i \u015bwiat\u0142o tak\u017ce naszym rodzinom.<\/li>\n<\/ol>\n<ol start=\"2\">\n<li>Zapraszamy do wsp\u00f3lnej modlitwy r\u00f3\u017ca\u0144cowej w naszej parafii. R\u00f3\u017caniec codziennie w tygodniu po Mszy \u015bw. w niedziel\u0119 po Mszy o 11.00. Wsp\u00f3lne, pobo\u017cne odm\u00f3wienie r\u00f3\u017ca\u0144ca po\u0142\u0105czone z rozwa\u017caniem tajemnic przy spe\u0142nieniu zwyk\u0142ych warunk\u00f3w umo\u017cliwia zyskanie \u0142aski odpustu zupe\u0142nego.<\/li>\n<\/ol>\n<ol start=\"3\">\n<li>Obowi\u0105zuje ju\u017c powakacyjna organizacja S\u0142u\u017cby Bo\u017cej w naszej parafii. W niedziele Msze \u015bw. o godz. 9.00 i 11.00. W tygodniu Msza \u015bw. wieczorna o godzinie 18.00, \u00a0we wtorki i czwartki rano o godz. 7.00. Przyj\u0119te ju\u017c intencje zostan\u0105 odprawione zgodnie z wcze\u015bniejszymi ustaleniami.<\/li>\n<\/ol>\n<ol start=\"4\">\n<li>Jutro 5 X liturgiczne wspomnienie \u015bw. siostry Faustyny, a w \u015brod\u0119 7 X wspomnienie NMP R\u00f3\u017ca\u0144cowej.<\/li>\n<\/ol>\n<ol start=\"5\">\n<li>W przysz\u0142\u0105 niedziel\u0119 11 X b\u0119dziemy obchodzi\u0107 XV Dzie\u0144 Papieski pod has\u0142em Jan Pawe\u0142 II \u2013 patron rodziny. B\u0119dziemy tez mieli okazj\u0119 wspom\u00f3c Fundacj\u0119 Dzie\u0142o Nowego Tysi\u0105clecia.<\/li>\n<\/ol>\n<ol start=\"6\">\n<li>Intencje mszalne w tym tygodniu<\/li>\n<\/ol>\n<p>pn\u00a0\u00a0\u00a0\u00a0 5. 10\u00a0 \u00a0\u00a0g. 18.00 \u00a0 \u00a0+ Bronis\u0142awy Parzyszek \u2013 gregoria\u0144ska 29<\/p>\n<p>wt\u00a0\u00a0\u00a0\u00a0 6. 10 \u00a0\u00a0\u00a0 g. 18.00\u00a0\u00a0\u00a0 rez. p. M. Za\u0142\u0119ska<\/p>\n<p>\u015br\u00a0\u00a0\u00a0\u00a0\u00a0 7.10 \u00a0\u00a0 \u00a0g. 19.00\u00a0 \u00a0+ W intencji zmar\u0142ych poleconych w wypominkach<\/p>\n<p>czw\u00a0 \u00a0\u00a0\u00a08.10\u00a0 \u00a0\u00a0\u00a0g. \u00a07.00 \u00a0\u00a0Za parafian<\/p>\n<p>pt\u00a0\u00a0\u00a0\u00a0\u00a0\u00a0\u00a0 9.10 \u00a0\u00a0\u00a0 g. 18.00 \u00a0\u00a0Za parafian<\/p>\n<p>sob\u00a0\u00a0 \u00a0\u00a0\u00a03.10 \u00a0\u00a0\u00a0\u00a0g. 18.00\u00a0\u00a0 + Eugeniusza Czerwi\u0144skiego w 14 r. \u015bm.<\/p>\n<p>ndz \u00a0\u00a0\u00a0\u00a0\u00a04.10 \u00a0 \u00a0g. \u00a0\u00a09.00 \u00a0 + Adama, Ireny, Jana, Zygmunta Getka<\/p>\n<p>g. \u00a011.00 \u00a0rez. p. M. M\u0142oduchowska<\/p>\n","protected":false},"excerpt":{"rendered":"<p>Dzisiaj rozpoczyna si\u0119 w Rzymie synod biskup\u00f3w na temat powo\u0142ania i misji rodziny w Ko\u015bciele i \u015bwiecie wsp\u00f3\u0142czesnym. Wspierajmy uczestnik\u00f3w swoj\u0105 modlitw\u0105 to spotkanie przynios\u0142o umocnienie i \u015bwiat\u0142o tak\u017ce naszym rodzinom. Zapraszamy do wsp\u00f3lnej modlitwy r\u00f3\u017ca\u0144cowej w naszej parafii. R\u00f3\u017caniec codziennie w tygodniu po Mszy \u015bw. w niedziel\u0119 po Mszy [&hellip;]<\/p>\n","protected":false},"author":1,"featured_media":0,"comment_status":"closed","ping_status":"open","sticky":false,"template":"","format":"standard","meta":[],"categories":[2],"tags":[],"_links":{"self":[{"href":"http:\/\/www.parafiakuligow.pl\/index.php\/wp-json\/wp\/v2\/posts\/200"}],"collection":[{"href":"http:\/\/www.parafiakuligow.pl\/index.php\/wp-json\/wp\/v2\/posts"}],"about":[{"href":"http:\/\/www.parafiakuligow.pl\/index.php\/wp-json\/wp\/v2\/types\/post"}],"author":[{"embeddable":true,"href":"http:\/\/www.parafiakuligow.pl\/index.php\/wp-json\/wp\/v2\/users\/1"}],"replies":[{"embeddable":true,"href":"http:\/\/www.parafiakuligow.pl\/index.php\/wp-json\/wp\/v2\/comments?post=200"}],"version-history":[{"count":1,"href":"http:\/\/www.parafiakuligow.pl\/index.php\/wp-json\/wp\/v2\/posts\/200\/revisions"}],"predecessor-version":[{"id":201,"href":"http:\/\/www.parafiakuligow.pl\/index.php\/wp-json\/wp\/v2\/posts\/200\/revisions\/201"}],"wp:attachment":[{"href":"http:\/\/www.parafiakuligow.pl\/index.php\/wp-json\/wp\/v2\/media?parent=200"}],"wp:term":[{"taxonomy":"category","embeddable":true,"href":"http:\/\/www.parafiakuligow.pl\/index.php\/wp-json\/wp\/v2\/categories?post=200"},{"taxonomy":"post_tag","embeddable":true,"href":"http:\/\/www.parafiakuligow.pl\/index.php\/wp-json\/wp\/v2\/tags?post=200"}],"curies":[{"name":"wp","href":"https:\/\/api.w.org\/{rel}","templated":true}]}}