{"id":1989,"date":"2022-04-03T16:31:00","date_gmt":"2022-04-03T14:31:00","guid":{"rendered":"https:\/\/www.parafiakuligow.pl\/?p=1989"},"modified":"2022-04-04T16:51:49","modified_gmt":"2022-04-04T14:51:49","slug":"03-kwiecien-2022-v-niedziela-wielkiego-postu","status":"publish","type":"post","link":"http:\/\/www.parafiakuligow.pl\/index.php\/2022\/04\/03\/03-kwiecien-2022-v-niedziela-wielkiego-postu\/","title":{"rendered":"03\u00a0 Kwiecie\u0144 \u00a02022 &#8211; \u00a0V\u00a0 NIEDZIELA WIELKIEGO POSTU"},"content":{"rendered":"\n<ol><li>Spotkanie rodzic\u00f3w i dzieci przygotowuj\u0105cych si\u0119 do&nbsp; I Komunii \u015bw. sobot\u0119 23 kwietnia o godz. 9.30.<\/li><li>Dzi\u015b &nbsp;po Mszach \u015bw. przy wyj\u015bciu z&nbsp; ko\u015bcio\u0142a, b\u0119d\u0105 zbierane ofiary na kwiaty do grobu Pana Jezusa. Za wszystkie ofiary sk\u0142adamy serdeczne B\u00f3g zap\u0142a\u0107.<\/li><li>Droga krzy\u017cowa w pi\u0105tek o godz. 17.30; Gorzkie \u017bale w niedziel\u0119 po Mszy \u015bw. o godz. 11.00. Zapraszamy wszystkich do wsp\u00f3lnej modlitwy.<\/li><li>Ze wzgl\u0119du na spowied\u017a w Radzyminie w poniedzia\u0142ek i \u015brod\u0119 zmiana godziny Mszy \u015bw. Zamiast Mszy wieczornej w poniedzia\u0142ek i \u015brod\u0119 b\u0119dzie Msza o godz. 7.00 rano.<\/li><li>Przysz\u0142a&nbsp; niedziela to ju\u017c Niedziela Palmowa. Msze \u015bw. w\/g porz\u0105dku niedzielnego o godz.. 9.00 i 11.00.<\/li><li>W niedziel\u0119&nbsp; 24 kwietnia po Mszy \u015bw. o godz. 11.00 spotkanie dla rodzic\u00f3w i dzieci, kt\u00f3re w tym roku obchodzi\u0107 b\u0119d\u0105 rocznic\u0119 I Komunii \u015bw.<\/li><li>Wszystkim parafianom i go\u015bciom \u017cyczymy b\u0142ogos\u0142awionej niedzieli i spokojnego tygodnia.<\/li><li>Zach\u0119camy do czytania prasy katolickiej.<\/li><\/ol>\n\n\n\n<p class=\"has-text-align-center has-black-color has-text-color\"><strong>Intencje Mszalne<\/strong> <strong>03 &nbsp;\u2013 10 Kwiecie\u0144 &nbsp;2022r.<\/strong><\/p>\n\n\n\n<p class=\"has-black-color has-text-color\"><strong>Nd.&nbsp; 03. IV. 2022&nbsp;&nbsp;&nbsp; V&nbsp; NIEDZIELA WIELKIEGO POST<\/strong><br>g.&nbsp;&nbsp; 9.00&nbsp;&nbsp; + Krystyn\u0119 i J\u00f3zefa Rokickich<br>g. 11.00&nbsp;&nbsp; + Leonarda Sumi\u0142a<br>g. 12.00&nbsp; + Krystyn\u0119 Bieleck\u0105&nbsp; gr. 20<br><strong>Poniedzia\u0142ek &nbsp;&nbsp;04. IV &nbsp;&nbsp;&nbsp;&nbsp;<\/strong>g.&nbsp; 7.00 &nbsp;+ Krystyn\u0119 Bieleck\u0105&nbsp; gr. 21<br><strong>Wtorek&nbsp;&nbsp;&nbsp;&nbsp;&nbsp;&nbsp;&nbsp; 05. IV &nbsp;&nbsp;&nbsp;&nbsp;<\/strong><br>g.&nbsp; 6.30&nbsp; W int. Parafii<br>g.&nbsp; &nbsp;7.00&nbsp; + Krystyn\u0119 Bieleck\u0105&nbsp; gr. 22<br><strong>\u015aroda &nbsp;&nbsp;&nbsp;&nbsp;&nbsp;&nbsp;&nbsp;&nbsp;&nbsp;&nbsp;06. IV&nbsp; &nbsp;&nbsp;&nbsp;<\/strong>g.&nbsp; 7.00&nbsp; + Krystyn\u0119 Bieleck\u0105&nbsp; gr. 23<br><strong>Czwartek&nbsp; &nbsp;&nbsp;&nbsp;&nbsp;&nbsp;&nbsp;07. IV&nbsp;&nbsp; &nbsp;&nbsp;<\/strong>g.&nbsp; 7.00&nbsp; + Krystyn\u0119 Bieleck\u0105&nbsp; gr. 24&nbsp;&nbsp;&nbsp;&nbsp;&nbsp;&nbsp;&nbsp;&nbsp;&nbsp;&nbsp;&nbsp;&nbsp;&nbsp;&nbsp;&nbsp;&nbsp;&nbsp;&nbsp;&nbsp; &nbsp;&nbsp;&nbsp;&nbsp;&nbsp;&nbsp;&nbsp;&nbsp;<br><strong>Pi\u0105tek&nbsp;&nbsp;&nbsp;&nbsp;&nbsp;&nbsp;&nbsp; &nbsp;&nbsp;08. IV&nbsp;&nbsp;&nbsp; &nbsp;<\/strong><br>g. 17.00 + Krystyn\u0119 Bieleck\u0105&nbsp; gr. 25<br>g. 17.30 &nbsp;<strong>DROGA KRZY\u017bOWA<\/strong> <br>g. 18.00 &nbsp;Int. zam.<br>S<strong>obota&nbsp;&nbsp;&nbsp;&nbsp;&nbsp;&nbsp; &nbsp;&nbsp;&nbsp;09. IV&nbsp; &nbsp;&nbsp;&nbsp;<\/strong><br>g. 17.30&nbsp; + Krystyn\u0119 Bieleck\u0105&nbsp; gr. 26<br>g. 18.00 &nbsp;Int. zam.<br><strong>Nd.&nbsp; 10. IV. 2022&nbsp; &nbsp;&nbsp;NIEDZIELA&nbsp; PALMOWA<\/strong><br>g.&nbsp;&nbsp; 9.00&nbsp; &nbsp;+ Bogdana Ga\u0142eckiego<br>g. 11.00&nbsp;&nbsp; Int. zam.<br>g. 12.00&nbsp; + Krystyn\u0119 Bieleck\u0105&nbsp; gr. 27<\/p>\n","protected":false},"excerpt":{"rendered":"<p>Spotkanie rodzic\u00f3w i dzieci przygotowuj\u0105cych si\u0119 do&nbsp; I Komunii \u015bw. sobot\u0119 23 kwietnia o godz. 9.30. Dzi\u015b &nbsp;po Mszach \u015bw. przy wyj\u015bciu z&nbsp; ko\u015bcio\u0142a, b\u0119d\u0105 zbierane ofiary na kwiaty do grobu Pana Jezusa. Za wszystkie ofiary sk\u0142adamy serdeczne B\u00f3g zap\u0142a\u0107. Droga krzy\u017cowa w pi\u0105tek o godz. 17.30; Gorzkie \u017bale w [&hellip;]<\/p>\n","protected":false},"author":1,"featured_media":0,"comment_status":"closed","ping_status":"closed","sticky":false,"template":"","format":"standard","meta":[],"categories":[2],"tags":[],"_links":{"self":[{"href":"http:\/\/www.parafiakuligow.pl\/index.php\/wp-json\/wp\/v2\/posts\/1989"}],"collection":[{"href":"http:\/\/www.parafiakuligow.pl\/index.php\/wp-json\/wp\/v2\/posts"}],"about":[{"href":"http:\/\/www.parafiakuligow.pl\/index.php\/wp-json\/wp\/v2\/types\/post"}],"author":[{"embeddable":true,"href":"http:\/\/www.parafiakuligow.pl\/index.php\/wp-json\/wp\/v2\/users\/1"}],"replies":[{"embeddable":true,"href":"http:\/\/www.parafiakuligow.pl\/index.php\/wp-json\/wp\/v2\/comments?post=1989"}],"version-history":[{"count":2,"href":"http:\/\/www.parafiakuligow.pl\/index.php\/wp-json\/wp\/v2\/posts\/1989\/revisions"}],"predecessor-version":[{"id":1993,"href":"http:\/\/www.parafiakuligow.pl\/index.php\/wp-json\/wp\/v2\/posts\/1989\/revisions\/1993"}],"wp:attachment":[{"href":"http:\/\/www.parafiakuligow.pl\/index.php\/wp-json\/wp\/v2\/media?parent=1989"}],"wp:term":[{"taxonomy":"category","embeddable":true,"href":"http:\/\/www.parafiakuligow.pl\/index.php\/wp-json\/wp\/v2\/categories?post=1989"},{"taxonomy":"post_tag","embeddable":true,"href":"http:\/\/www.parafiakuligow.pl\/index.php\/wp-json\/wp\/v2\/tags?post=1989"}],"curies":[{"name":"wp","href":"https:\/\/api.w.org\/{rel}","templated":true}]}}