{"id":1881,"date":"2022-03-27T18:43:19","date_gmt":"2022-03-27T16:43:19","guid":{"rendered":"http:\/\/www.parafiakuligow.pl\/?p=1881"},"modified":"2022-04-01T18:43:50","modified_gmt":"2022-04-01T16:43:50","slug":"27-marzec-2022-iv-niedziela-wielkiego-postu","status":"publish","type":"post","link":"http:\/\/www.parafiakuligow.pl\/index.php\/2022\/03\/27\/27-marzec-2022-iv-niedziela-wielkiego-postu\/","title":{"rendered":"27 Marzec 2022 &#8211; IV NIEDZIELA WIELKIEGO POSTU"},"content":{"rendered":"<ol start=\"1\">\n<li>Dzi\u0119kujemy za \u015bwiadectwo wiary tym, kt\u00f3rzy uczestniczyli w parafialnych rekolekcjach wielkopostnych i przyst\u0105pili do spowiedzi \u015bwi\u0119tej. Wszystkich, kt\u00f3rzy uczestniczy\u0107 w rekolekcjach nie mogli, zach\u0119camy do przyj\u0119cia sakramentu pokuty przed \u015bwi\u0119tami Zmartwychwstania Pa\u0144skiego.<\/li>\n<li>Spotkanie rodzic\u00f3w i dzieci przygotowuj\u0105cych si\u0119 do I Komunii \u015bw. dzi\u015b po Mszy \u015bw. o godz. 11.00.<\/li>\n<li>W dzisiejsz\u0105 i w nast\u0119pn\u0105 niedziel\u0119 3 kwietnia po Mszach \u015bw. przy wyj\u015bciu z ko\u015bcio\u0142a, b\u0119d\u0105 zbierane ofiary na kwiaty do grobu Pana Jezusa. Mo\u017cna te\u017c je z\u0142o\u017cy\u0107 osobi\u015bcie do ksi\u0119dza. Za wszystkie ofiary sk\u0142adamy serdeczne B\u00f3g zap\u0142a\u0107.<\/li>\n<li>Droga krzy\u017cowa w pi\u0105tek o godz. 17.30; Gorzkie \u017bale w niedziele po Mszy \u015bw. o godz. 11.00. Zapraszamy wszystkich do wsp\u00f3lnej modlitwy.<\/li>\n<li>W tym tygodniu przypada pierwszy pi\u0105tek i sobota miesi\u0105ca. Okazja i mo\u017cliwo\u015b\u0107 spowiedzi w pi\u0105tek od godz. 17.00. Msza \u015bwi\u0119ta do Naj\u015bwi\u0119tszego Serca Pana Jezusa o godz.18.00.<\/li>\n<li>W pierwsz\u0105 sobot\u0119 miesi\u0105ca Msza \u015bw. o Niepokalanym Sercu Maryi o godz.18.00.<\/li>\n<li>O godz. 17.30 modlitwa r\u00f3\u017ca\u0144cowa przed Naj\u015bwi\u0119tszym Sakramentem.<\/li>\n<li>Przysz\u0142a niedziela to I niedziela miesi\u0105ca. Po Mszy \u015bw. nabo\u017ce\u0144stwo &#8211; Gorzkie \u017bale.<\/li>\n<li>Wszystkim parafianom i go\u015bciom \u017cyczymy b\u0142ogos\u0142awionej niedzieli i spokojnego tygodnia.<\/li>\n<li>Zach\u0119camy do czytania prasy katolickiej.<\/li>\n<\/ol>\n<p style=\"text-align: center;\"><strong>Intencje Mszalne <\/strong><strong>\u00a027 Marzec \u00a0\u2013 03 Kwiecie\u0144 \u00a02022r.<\/strong><\/p>\n<p><strong><span style=\"color: #0000ff;\">Nd.\u00a0 27. III. 2022\u00a0\u00a0\u00a0 IV\u00a0 NIEDZIELA WIELKIEGO POSTU<\/span><br \/>\n<\/strong>g. 9.00\u00a0\u00a0 + Miros\u0142awa Walczak w 12 rocz. \u015bm.<br \/>\ng. 11.00\u00a0\u00a0 Int. zam.<br \/>\ng. 13.00\u00a0 + Krystyn\u0119 Bieleck\u0105\u00a0 gr. 13<br \/>\n<strong>Poniedzia\u0142ek \u00a0\u00a028. III<br \/>\n<\/strong>g. 17.30 W int. Parafii<br \/>\ng. 18.00 + Krystyn\u0119 Bieleck\u0105\u00a0\u00a0 gr. 14<br \/>\n<strong>Wtorek\u00a0\u00a0\u00a0\u00a0\u00a0\u00a0\u00a0\u00a0 29. III \u00a0\u00a0\u00a0\u00a0<\/strong>g.\u00a0 \u00a07.00\u00a0 + Krystyn\u0119 Bieleck\u0105\u00a0\u00a0 gr. 15<br \/>\n<strong>\u015aroda \u00a0\u00a0\u00a0\u00a0\u00a0\u00a0\u00a0\u00a0\u00a0\u00a0\u00a030. III<br \/>\n<\/strong>g. 17.30\u00a0 + Alin\u0119 Ner\u0107 w 2 rocz. \u015bm., Antoniego Ner\u0107; Sylwestra Grzeszkiewicz<br \/>\ng. 18.00\u00a0 + Krystyn\u0119 Bieleck\u0105\u00a0 gr. 16<br \/>\n<strong>Czwartek\u00a0 \u00a0\u00a0\u00a0\u00a0\u00a0\u00a031. III\u00a0\u00a0 \u00a0\u00a0<\/strong>g.\u00a0\u00a0 7.00\u00a0 + Krystyn\u0119 Bieleck\u0105\u00a0 gr. 17<br \/>\n<strong>Pi\u0105tek\u00a0\u00a0\u00a0\u00a0\u00a0\u00a0\u00a0 \u00a0\u00a0\u00a001. IV<br \/>\n<\/strong>g. 17.30 \u00a0<strong>DROGA KRZY\u017bOWA<\/strong><br \/>\ng. 18.00 \u00a0+ Krystyn\u0119 Bieleck\u0105\u00a0 gr. 18<br \/>\n<strong>Sobota<\/strong><strong>\u00a0\u00a0\u00a0\u00a0\u00a0\u00a0 \u00a0\u00a0\u00a0<\/strong><strong>02. IV<br \/>\n<\/strong>g. 17.00\u00a0 + Krystyn\u0119 Bieleck\u0105\u00a0 gr. 19<br \/>\ng. 18.00 \u00a0O Bo\u017ce b\u0142og. i \u0142aski , opiek\u0119 Matki Bo\u017cej dla dzieci i rodzic\u00f3w R\u00f3\u017cy R\u00f3\u017ca\u0144cowej \u015bw. Jana Paw\u0142a II<br \/>\n<strong><span style=\"color: #0000ff;\">Nd.\u00a0 03. IV. 2022\u00a0 \u00a0\u00a0V\u00a0 NIEDZIELA WIELKIEGO POSTU<\/span><br \/>\n<\/strong>g. 9.00\u00a0 + Krystyn\u0119 i J\u00f3zefa Rokickich<br \/>\ng. 11.00 Int. zam.<br \/>\ng. 12.00\u00a0 + Krystyn\u0119 Bieleck\u0105\u00a0 gr. 20<\/p>\n","protected":false},"excerpt":{"rendered":"<p>Dzi\u0119kujemy za \u015bwiadectwo wiary tym, kt\u00f3rzy uczestniczyli w parafialnych rekolekcjach wielkopostnych i przyst\u0105pili do spowiedzi \u015bwi\u0119tej. Wszystkich, kt\u00f3rzy uczestniczy\u0107 w rekolekcjach nie mogli, zach\u0119camy do przyj\u0119cia sakramentu pokuty przed \u015bwi\u0119tami Zmartwychwstania Pa\u0144skiego. Spotkanie rodzic\u00f3w i dzieci przygotowuj\u0105cych si\u0119 do I Komunii \u015bw. dzi\u015b po Mszy \u015bw. o godz. 11.00. W [&hellip;]<\/p>\n","protected":false},"author":2,"featured_media":0,"comment_status":"closed","ping_status":"closed","sticky":false,"template":"","format":"standard","meta":[],"categories":[2],"tags":[],"_links":{"self":[{"href":"http:\/\/www.parafiakuligow.pl\/index.php\/wp-json\/wp\/v2\/posts\/1881"}],"collection":[{"href":"http:\/\/www.parafiakuligow.pl\/index.php\/wp-json\/wp\/v2\/posts"}],"about":[{"href":"http:\/\/www.parafiakuligow.pl\/index.php\/wp-json\/wp\/v2\/types\/post"}],"author":[{"embeddable":true,"href":"http:\/\/www.parafiakuligow.pl\/index.php\/wp-json\/wp\/v2\/users\/2"}],"replies":[{"embeddable":true,"href":"http:\/\/www.parafiakuligow.pl\/index.php\/wp-json\/wp\/v2\/comments?post=1881"}],"version-history":[{"count":3,"href":"http:\/\/www.parafiakuligow.pl\/index.php\/wp-json\/wp\/v2\/posts\/1881\/revisions"}],"predecessor-version":[{"id":2034,"href":"http:\/\/www.parafiakuligow.pl\/index.php\/wp-json\/wp\/v2\/posts\/1881\/revisions\/2034"}],"wp:attachment":[{"href":"http:\/\/www.parafiakuligow.pl\/index.php\/wp-json\/wp\/v2\/media?parent=1881"}],"wp:term":[{"taxonomy":"category","embeddable":true,"href":"http:\/\/www.parafiakuligow.pl\/index.php\/wp-json\/wp\/v2\/categories?post=1881"},{"taxonomy":"post_tag","embeddable":true,"href":"http:\/\/www.parafiakuligow.pl\/index.php\/wp-json\/wp\/v2\/tags?post=1881"}],"curies":[{"name":"wp","href":"https:\/\/api.w.org\/{rel}","templated":true}]}}