{"id":1861,"date":"2022-03-24T19:08:16","date_gmt":"2022-03-24T18:08:16","guid":{"rendered":"http:\/\/www.parafiakuligow.pl\/?p=1861"},"modified":"2022-04-04T16:21:35","modified_gmt":"2022-04-04T14:21:35","slug":"20-marzec-2022-iii-niedziela-wielkiego-postu","status":"publish","type":"post","link":"http:\/\/www.parafiakuligow.pl\/index.php\/2022\/03\/24\/20-marzec-2022-iii-niedziela-wielkiego-postu\/","title":{"rendered":"20 Marzec 2022 &#8211; III  NIEDZIELA WIELKIEGO POSTU"},"content":{"rendered":"<ol start=\"1\">\n<li>Tydzie\u0144 temu w zbi\u00f3rce do puszek na dzie\u0142o misyjne \u201e Ad Gentes\u201d zebrali\u015bmy 250 z\u0142. B\u00f3g zap\u0142a\u0107 za ka\u017cd\u0105 z\u0142o\u017con\u0105&nbsp; na misj\u0119 ofiar\u0119.<\/li>\n<li>W poniedzia\u0142ek 21 marca o godz. 18.00 zapraszamy na nabo\u017ce\u0144stwo do Bo\u017cego Mi\u0142osierdzia. Po nabo\u017ce\u0144stwie Msza \u015bw.<\/li>\n<li>W pi\u0105tek 25 marca przypada Uroczysto\u015b\u0107 Zwiastowania Pa\u0144skiego i &nbsp;30 rocznica powstania naszej diecezji. Msza \u015bw. o godz.18.00. W \u0142\u0105czno\u015bci z Ojcem \u015awi\u0119tym, kt\u00f3ry w tym dniu dokona Aktu Po\u015bwi\u0119cenia Rosji i Ukrainy Niepokalanemu Sercu Maryi zostanie odprawiona dodatkowa Msza \u015bw. w intencji pokoju w Ukrainie oraz nawr\u00f3cenia Rosji o godz. 17.00. Z racji uroczysto\u015bci mo\u017cna spo\u017cywa\u0107 pokarmy mi\u0119sne.<\/li>\n<li>Zapraszamy do udzia\u0142u w wielkopostnych nabo\u017ce\u0144stwach ku czci M\u0119ki Pa\u0144skiej. Droga krzy\u017cowa w pi\u0105tki o godz. 17.30. Gorzkie \u017bale w niedziele po Mszy \u015bw. o godz. 11.00. Zapraszamy doros\u0142ych, m\u0142odzie\u017c oraz dzieci.<\/li>\n<li>Zbi\u00f3rka na kwiaty do grobu Pana Jezusa w najbli\u017csz\u0105 niedziel\u0119 27 marca i za dwa tygodnie 3 kwietnia po Mszach \u015bwi\u0119tych przy wyj\u015bciu z ko\u015bcio\u0142a. Je\u015bli komu\u015b b\u0119dzie wygodniej mo\u017cna te\u017c z\u0142o\u017cy\u0107 ofiar\u0119 osobi\u015bcie do ksi\u0119dza. B\u00f3g zap\u0142a\u0107 za wszystkie z\u0142o\u017cone ofiary.<\/li>\n<li>W przysz\u0142\u0105 niedziel\u0119 27 marca po Mszy \u015bw. o godz.11.00 spotkanie dla Rodzic\u00f3w i dzieci przygotowuj\u0105cych si\u0119 do&nbsp; I Komunii \u015bwi\u0119tej.<\/li>\n<li>Wszystkim parafianom i go\u015bciom \u017cyczymy b\u0142ogos\u0142awionej niedzieli i spokojnego tygodnia.<\/li>\n<li>Zach\u0119camy do czytania prasy katolickiej.<\/li>\n<\/ol>\n<p><strong>&nbsp;<\/strong><\/p>\n<p><strong>Intencje Mszalne <\/strong><strong>&nbsp;20 &nbsp;\u2013 27 Marzec &nbsp;2022r.<\/strong><\/p>\n<p><strong><span style=\"color: #0000ff;\">&nbsp;Nd.&nbsp; 20. III. 2022&nbsp;&nbsp;&nbsp; III&nbsp; NIEDZIELA WIELKIEGO POSTU<\/span><br \/>\n<\/strong>g. 9.00&nbsp;&nbsp; Int. zam.<br \/>\ng. 9.00&nbsp;&nbsp; + Krystyn\u0119 Bieleck\u0105&nbsp; gr. 6<br \/>\ng.&nbsp; 11.00 + Wincentego Gawlik w 1. rocz. \u015bm.<br \/>\n<strong>Poniedzia\u0142ek &nbsp;&nbsp;21. III &nbsp;&nbsp;&nbsp;&nbsp;<\/strong>g. 18.00 &nbsp;+ Krystyn\u0119 Bieleck\u0105&nbsp;&nbsp; gr. 7<br \/>\n<strong>Wtorek&nbsp;&nbsp;&nbsp;&nbsp;&nbsp;&nbsp;&nbsp;&nbsp; 22. III &nbsp;&nbsp;&nbsp;&nbsp;<\/strong>g.&nbsp; &nbsp;7.00&nbsp; + Krystyn\u0119 Bieleck\u0105&nbsp;&nbsp; gr. 8<br \/>\n<strong>\u015aroda &nbsp;&nbsp;&nbsp;&nbsp;&nbsp;&nbsp;&nbsp;&nbsp;&nbsp;&nbsp;&nbsp;23. III<br \/>\n<\/strong>g. 17.00&nbsp; W int. Parafii<br \/>\ng. 18.00 + Krystyn\u0119 Bieleck\u0105&nbsp; gr. 9<br \/>\n<strong>Czwartek&nbsp; &nbsp;&nbsp;&nbsp;&nbsp;&nbsp;&nbsp;24. III&nbsp;&nbsp; &nbsp;&nbsp;<\/strong>g.&nbsp;&nbsp; 7.00&nbsp; + Krystyn\u0119 Bieleck\u0105&nbsp; gr. 10<br \/>\n<strong>Pi\u0105tek&nbsp;&nbsp;&nbsp;&nbsp;&nbsp;&nbsp;&nbsp; &nbsp;&nbsp;&nbsp;25. III<\/strong><br \/>\ng. 17.00&nbsp; O pok\u00f3j w Ukrainie i nawr\u00f3cenia Rosji<br \/>\ng. 17.30 <strong>DROGA KRZY\u017bOWA<\/strong><br \/>\ng. 18.00 &nbsp;+ Krystyn\u0119 Bieleck\u0105&nbsp; gr. 11<br \/>\n<strong>Sobota<\/strong><strong>&nbsp;&nbsp;&nbsp;&nbsp;&nbsp;&nbsp; &nbsp;&nbsp;&nbsp;<\/strong><strong>26. III<br \/>\n<\/strong>g. 17.30&nbsp; + Krystyn\u0119 Bieleck\u0105&nbsp; gr. 12<br \/>\ng.18.00 &nbsp;+ Krystyn\u0119 i Henryka Karasiewicz<br \/>\n<strong><span style=\"color: #0000ff;\">Nd.&nbsp; 27. III. 2022&nbsp; &nbsp;&nbsp;IV&nbsp; NIEDZIELA WIELKIEGO POSTU<\/span><br \/>\n<\/strong>g. 9.00&nbsp; &nbsp;Int. zam.<br \/>\ng. 11.00 Int. zam.<br \/>\ng. 13.00&nbsp; + Krystyn\u0119 Bieleck\u0105&nbsp; gr. 13<\/p>\n","protected":false},"excerpt":{"rendered":"<p>Tydzie\u0144 temu w zbi\u00f3rce do puszek na dzie\u0142o misyjne \u201e Ad Gentes\u201d zebrali\u015bmy 250 z\u0142. B\u00f3g zap\u0142a\u0107 za ka\u017cd\u0105 z\u0142o\u017con\u0105&nbsp; na misj\u0119 ofiar\u0119. W poniedzia\u0142ek 21 marca o godz. 18.00 zapraszamy na nabo\u017ce\u0144stwo do Bo\u017cego Mi\u0142osierdzia. Po nabo\u017ce\u0144stwie Msza \u015bw. W pi\u0105tek 25 marca przypada Uroczysto\u015b\u0107 Zwiastowania Pa\u0144skiego i &nbsp;30 [&hellip;]<\/p>\n","protected":false},"author":2,"featured_media":0,"comment_status":"closed","ping_status":"closed","sticky":false,"template":"","format":"standard","meta":[],"categories":[2],"tags":[],"_links":{"self":[{"href":"http:\/\/www.parafiakuligow.pl\/index.php\/wp-json\/wp\/v2\/posts\/1861"}],"collection":[{"href":"http:\/\/www.parafiakuligow.pl\/index.php\/wp-json\/wp\/v2\/posts"}],"about":[{"href":"http:\/\/www.parafiakuligow.pl\/index.php\/wp-json\/wp\/v2\/types\/post"}],"author":[{"embeddable":true,"href":"http:\/\/www.parafiakuligow.pl\/index.php\/wp-json\/wp\/v2\/users\/2"}],"replies":[{"embeddable":true,"href":"http:\/\/www.parafiakuligow.pl\/index.php\/wp-json\/wp\/v2\/comments?post=1861"}],"version-history":[{"count":6,"href":"http:\/\/www.parafiakuligow.pl\/index.php\/wp-json\/wp\/v2\/posts\/1861\/revisions"}],"predecessor-version":[{"id":1991,"href":"http:\/\/www.parafiakuligow.pl\/index.php\/wp-json\/wp\/v2\/posts\/1861\/revisions\/1991"}],"wp:attachment":[{"href":"http:\/\/www.parafiakuligow.pl\/index.php\/wp-json\/wp\/v2\/media?parent=1861"}],"wp:term":[{"taxonomy":"category","embeddable":true,"href":"http:\/\/www.parafiakuligow.pl\/index.php\/wp-json\/wp\/v2\/categories?post=1861"},{"taxonomy":"post_tag","embeddable":true,"href":"http:\/\/www.parafiakuligow.pl\/index.php\/wp-json\/wp\/v2\/tags?post=1861"}],"curies":[{"name":"wp","href":"https:\/\/api.w.org\/{rel}","templated":true}]}}