{"id":1854,"date":"2022-03-15T17:25:38","date_gmt":"2022-03-15T16:25:38","guid":{"rendered":"http:\/\/www.parafiakuligow.pl\/?p=1854"},"modified":"2022-03-15T17:30:33","modified_gmt":"2022-03-15T16:30:33","slug":"13-marzec-2022-ii-niedziela-wielkiego-postu","status":"publish","type":"post","link":"http:\/\/www.parafiakuligow.pl\/index.php\/2022\/03\/15\/13-marzec-2022-ii-niedziela-wielkiego-postu\/","title":{"rendered":"13 Marzec 2022 &#8211; II NIEDZIELA WIELKIEGO POSTU"},"content":{"rendered":"<ol>\n<li>Dzi\u015b po ka\u017cdej Mszy \u015bw. zbi\u00f3rka do puszek na dzie\u0142o misyjne Ad gentes.<\/li>\n<li>Spotkanie dla rodzic\u00f3w i dzieci przygotowuj\u0105cych si\u0119 do I Komunii \u015bw. po Mszy \u015bw. o godz. 11.00.<\/li>\n<li>Ze wzgl\u0119du na spowied\u017a w J\u00f3zefowie w poniedzia\u0142ek 14 marca, zmiana godziny Mszy \u015bw. Zamiast Mszy wieczornej w poniedzia\u0142ek b\u0119dzie Msza o godz. 7.00 rano.<\/li>\n<li><strong>W <\/strong>najbli\u017cszy<strong> pi\u0105tek 18 marca <\/strong>rozpoczynaj\u0105 si\u0119 trzydniowe<strong> Rekolekcje Wielkopostne <\/strong>w naszej parafii<strong>.<\/strong> Serdecznie wszystkich na nie zapraszamy. Rekolekcje b\u0119dzie prowadzi\u0142 ks. Andrzej Jakubaszek, Proboszcz buduj\u0105cego si\u0119 ko\u015bcio\u0142a p\/w \u015bw. Rity w Warszawie na Grochowie. Msze \u015bw. z naukami rekolekcyjnymi w pi\u0105tek i sobot\u0119 o godz. 11.00 i 18.00,a w niedziel\u0119 o godz. 9.00 i 11.00; <strong>Droga Krzy\u017cowa w pi\u0105tek<\/strong> <strong>o godz. 17.30. <\/strong><strong>Spowied\u017a rekolekcyjna w sobot\u0119 przed i w czasie Mszy \u015bw.<\/strong><\/li>\n<li>W pi\u0105tek 19 marca przypada Uroczysto\u015b\u0107 \u015bw. J\u00f3zefa Oblubie\u0144ca NM Panny. Tego dnia rozpoczynamy Tydzie\u0144 Modlitw o Ochron\u0119 \u017bycia, kt\u00f3ry zako\u0144czymy w Dzie\u0144 \u015awi\u0119to\u015bci \u017bycia 25marca. Przez zanoszon\u0105 do Boga modlitw\u0119 w intencji \u017cycia i rodziny pragniemy podkre\u015bli\u0107 jej fundamentaln\u0105 warto\u015b\u0107 dla ka\u017cdego z nas. Wszystkim solenizantom i solenizantkom sk\u0142adamy \u017cyczenia Bo\u017cego\u00a0 B\u0142ogos\u0142awie\u0144stwa i opieki patrona.<\/li>\n<li>Zapraszamy do udzia\u0142u w wielkopostnych nabo\u017ce\u0144stwach ku czci M\u0119ki Pa\u0144skiej. Droga krzy\u017cowa w pi\u0105tki o godz. 17.30. Gorzkie \u017cale w niedziele po Mszy \u015bw. o godz. 11.00. Zapraszamy doros\u0142ych, m\u0142odzie\u017c oraz dzieci.<\/li>\n<li>Wszystkim parafianom i go\u015bciom \u017cyczymy b\u0142ogos\u0142awionej niedzieli i spokojnego tygodnia.<\/li>\n<li>Zach\u0119camy do czytania prasy katolickiej.<\/li>\n<\/ol>\n<p style=\"text-align: center;\"><strong>Intencje Mszalne <\/strong><strong>13 \u00a0\u2013 20 Marzec \u00a02022r.<\/strong><\/p>\n<p><strong><span style=\"color: #0000ff;\"> Nd.\u00a0 13. III. 2022\u00a0\u00a0\u00a0 II\u00a0 NIEDZIELA WIELKIEGO POST<\/span>U<br \/>\n<\/strong>g. 9.00\u00a0\u00a0 Int. zam.<br \/>\ng.\u00a0 11.00 + Kazimierza \u0141azickiego, Wies\u0142aw\u0119 Ga\u0142eck\u0105, Klotyld\u0119 Mianowsk\u0105; dziadk\u00f3w \u0141azickich i Jeznackich<br \/>\n<strong>Poniedzia\u0142ek \u00a0\u00a014. III \u00a0\u00a0\u00a0\u00a0<\/strong>g.\u00a0\u00a0 7.00 \u00a0W int. Parafii<br \/>\n<strong>Wtorek\u00a0\u00a0\u00a0\u00a0\u00a0\u00a0\u00a0\u00a0 15. III \u00a0\u00a0\u00a0\u00a0<\/strong>g.\u00a0 7.00\u00a0 + Krystyn\u0119 Bieleck\u0105\u00a0\u00a0 gr. 1<br \/>\n<strong>\u015aroda \u00a0\u00a0\u00a0\u00a0\u00a0\u00a0\u00a0\u00a0\u00a0\u00a0\u00a016. III<br \/>\n<\/strong>g. 17.30\u00a0 + Krystyn\u0119 Bieleck\u0105\u00a0 gr. 2<br \/>\ng. 18.00 \u00a0+ Krystyn\u0119 Wr\u00f3blewsk\u0105 w 30 rocz. \u015bm.<br \/>\n<strong>Czwartek\u00a0 \u00a0\u00a0\u00a0\u00a0\u00a0\u00a017. III\u00a0\u00a0 \u00a0\u00a0<\/strong>g.\u00a0\u00a0 7.00\u00a0 + Krystyn\u0119 Bieleck\u0105\u00a0 gr. 3\u00a0\u00a0\u00a0\u00a0\u00a0\u00a0\u00a0\u00a0\u00a0\u00a0\u00a0\u00a0\u00a0\u00a0\u00a0\u00a0\u00a0\u00a0\u00a0 \u00a0\u00a0\u00a0\u00a0\u00a0\u00a0\u00a0 <strong>Pi\u0105tek\u00a0\u00a0\u00a0\u00a0\u00a0\u00a0\u00a0 \u00a0\u00a0\u00a018. III\u00a0 \u00a0REKOLEKCJE\u00a0 WIELKOPOSTNE<br \/>\n<\/strong>g. 11.00 + Krystyn\u0119 Bieleck\u0105\u00a0 gr.4<br \/>\ng. 17.30 \u00a0<strong>DROGA KRZY\u017bOWA<\/strong><br \/>\ng. 18.00 \u00a0+ Helen\u0119 Kibil<br \/>\n<strong>Sobota<\/strong><strong>\u00a0\u00a0\u00a0\u00a0\u00a0\u00a0 \u00a0\u00a0\u00a0<\/strong><strong>19. III REKOLEKCJE\u00a0 WIELKOPOSTNE<br \/>\n<\/strong>g. 11.00\u00a0 \u00a0Int. zam.\u00a0\u00a0<strong><br \/>\n<\/strong>g. 11.00 + Krystyn\u0119 Bieleck\u0105\u00a0 gr. 5<br \/>\ng. 18.00 Int. zam.<br \/>\n<strong><span style=\"color: #0000ff;\">Nd.\u00a0 20. III. 2022\u00a0 \u00a0\u00a0III\u00a0 NIEDZIELA WIELKIEGO POSTU<\/span><br \/>\n<\/strong>g. 9.00\u00a0 \u00a0Int. zam.<br \/>\ng. 9.00\u00a0\u00a0 + Krystyn\u0119 Bieleck\u0105\u00a0 gr. 6<br \/>\ng. 11.00\u00a0 \u00a0+ Wincentego Gawlik w 1. Rocz. \u015bm.<\/p>\n","protected":false},"excerpt":{"rendered":"<p>Dzi\u015b po ka\u017cdej Mszy \u015bw. zbi\u00f3rka do puszek na dzie\u0142o misyjne Ad gentes. Spotkanie dla rodzic\u00f3w i dzieci przygotowuj\u0105cych si\u0119 do I Komunii \u015bw. po Mszy \u015bw. o godz. 11.00. Ze wzgl\u0119du na spowied\u017a w J\u00f3zefowie w poniedzia\u0142ek 14 marca, zmiana godziny Mszy \u015bw. Zamiast Mszy wieczornej w poniedzia\u0142ek b\u0119dzie [&hellip;]<\/p>\n","protected":false},"author":2,"featured_media":0,"comment_status":"closed","ping_status":"closed","sticky":false,"template":"","format":"standard","meta":[],"categories":[2],"tags":[],"_links":{"self":[{"href":"http:\/\/www.parafiakuligow.pl\/index.php\/wp-json\/wp\/v2\/posts\/1854"}],"collection":[{"href":"http:\/\/www.parafiakuligow.pl\/index.php\/wp-json\/wp\/v2\/posts"}],"about":[{"href":"http:\/\/www.parafiakuligow.pl\/index.php\/wp-json\/wp\/v2\/types\/post"}],"author":[{"embeddable":true,"href":"http:\/\/www.parafiakuligow.pl\/index.php\/wp-json\/wp\/v2\/users\/2"}],"replies":[{"embeddable":true,"href":"http:\/\/www.parafiakuligow.pl\/index.php\/wp-json\/wp\/v2\/comments?post=1854"}],"version-history":[{"count":5,"href":"http:\/\/www.parafiakuligow.pl\/index.php\/wp-json\/wp\/v2\/posts\/1854\/revisions"}],"predecessor-version":[{"id":1859,"href":"http:\/\/www.parafiakuligow.pl\/index.php\/wp-json\/wp\/v2\/posts\/1854\/revisions\/1859"}],"wp:attachment":[{"href":"http:\/\/www.parafiakuligow.pl\/index.php\/wp-json\/wp\/v2\/media?parent=1854"}],"wp:term":[{"taxonomy":"category","embeddable":true,"href":"http:\/\/www.parafiakuligow.pl\/index.php\/wp-json\/wp\/v2\/categories?post=1854"},{"taxonomy":"post_tag","embeddable":true,"href":"http:\/\/www.parafiakuligow.pl\/index.php\/wp-json\/wp\/v2\/tags?post=1854"}],"curies":[{"name":"wp","href":"https:\/\/api.w.org\/{rel}","templated":true}]}}