{"id":1848,"date":"2022-02-27T19:13:49","date_gmt":"2022-02-27T18:13:49","guid":{"rendered":"http:\/\/www.parafiakuligow.pl\/?p=1848"},"modified":"2022-02-27T19:13:49","modified_gmt":"2022-02-27T18:13:49","slug":"27-luty-2022-8-niedziela-zwykla","status":"publish","type":"post","link":"http:\/\/www.parafiakuligow.pl\/index.php\/2022\/02\/27\/27-luty-2022-8-niedziela-zwykla\/","title":{"rendered":"27 Luty 2022 &#8211; 8 NIEDZIELA ZWYK\u0141A"},"content":{"rendered":"<ol>\n<li>Rodzinom naszej parafii, kt\u00f3re w ubieg\u0142\u0105 niedziel\u0119 z\u0142o\u017cy\u0142y ofiar\u0119 na pokrycie koszt\u00f3w zwi\u0105zanych z utrzymaniem naszej \u015bwi\u0105tyni sk\u0142adam serdeczne B\u00f3g zap\u0142a\u0107.<\/li>\n<li>W \u015arod\u0119 Popielcow\u0105 2 marca rozpoczynamy liturgiczny okres Wielkiego Postu, czas duchowej odnowy oraz przygotowania do obchodu Paschy i \u015awi\u0105t Wielkanocnych. Msza \u015bw. w naszym ko\u015bciele o godz.18.00. Zapraszamy do udzia\u0142u w nabo\u017ce\u0144stwach ku czci M\u0119ki Pa\u0144skiej.<\/li>\n<\/ol>\n<ul>\n<li><strong>Droga Krzy\u017cowa<\/strong> w <strong>pi\u0105tki o godz. 17.30<\/strong><\/li>\n<li><strong>Gorzkie \u017bale<\/strong> w <strong>niedziel\u0119 po Mszy \u015bw. o godz. 11.00<\/strong>.<\/li>\n<\/ul>\n<p>Nabo\u017ce\u0144stwo to b\u0119dziemy odprawia\u0107 we wszystkie niedziele Wielkiego Postu.<\/p>\n<p><strong>\u00a0 Przypominamy przepisy postne.<\/strong><\/p>\n<p>&#8211; Wstrzemi\u0119\u017aliwo\u015b\u0107 od pokarm\u00f3w mi\u0119snych obowi\u0105zuje wszystkich, kt\u00f3rzy uko\u0144czyli 14 rok \u017cycia we wszystkie pi\u0105tki roku i \u015arod\u0119 popielcow\u0105.<\/p>\n<p>&#8211; Post \u015bcis\u0142y czyli ilo\u015bciowy obowi\u0105zuje w \u015arod\u0119 popielcow\u0105 i w Wielki Pi\u0105tek wszystkich, pomi\u0119dzy 18 a 60 rokiem \u017cycia.<br \/>\nPrzepisy postne nie obowi\u0105zuj\u0105 ludzi chorych. Uzasadniona niemo\u017cliwo\u015b\u0107 ich zachowania np. korzystanie z formy zbiorowego \u017cywienia wymaga od chrze\u015bcijanina podj\u0119cia innych form pokuty.<\/p>\n<ol start=\"3\">\n<li>Za przyczyn\u0105 \u015bw. Andrzeja Boboli \u2013 Patrona Polski od 3 marca wraz z ca\u0142\u0105 diecezj\u0105 w\u0142\u0105czymy si\u0119 we wsp\u00f3ln\u0105 modlitw\u0119 podczas nowenny w intencji kap\u0142an\u00f3w i o nowe powo\u0142ania kap\u0142a\u0144skie, zakonne, misyjne.<\/li>\n<li>W pi\u0105tek 4 marca przypada \u015bwi\u0119to \u015bw. Kazimierza, Kr\u00f3lewicza. W tym dniu przypada 40 rocznica \u015bwi\u0119ce\u0144 biskupich i dzie\u0144 imienin biskupa seniora Kazimierza Romaniuka. W tym dniu Ko\u015bci\u00f3\u0142 w\u00a0Polsce po raz sz\u00f3sty b\u0119dzie prze\u017cywa\u0142 dzie\u0144 modlitwy i\u00a0pokuty za grzech wykorzystania seksualnego ma\u0142oletnich. Ta duszpasterska inicjatywa Konferencji Episkopatu Polski, ustanowiona w\u00a0odpowiedzi na apel papie\u017ca Franciszka, s\u0142u\u017cy kszta\u0142towaniu naszych sumie\u0144 i\u00a0wra\u017cliwo\u015bci oraz stanowi pomoc do naszego cz\u0119stego duchowego towarzyszenia osobom, kt\u00f3re zosta\u0142y zranione i\u00a0zmagaj\u0105 si\u0119 z\u00a0bolesnymi konsekwencjami wyrz\u0105dzonej krzywdy.<\/li>\n<li>Rekolekcje wielkopostne w naszej parafii przewidujemy 18,19 i 20 marca tj. w pi\u0105tek, sobot\u0119 i niedziel\u0119 \/ III niedziela Wielkiego Postu \/. Msze \u015bw.18 i 19 marca o godz. 11.00 i 18.00. W niedziel\u0119 w\/g porz\u0105dku niedzielnego: o godz. 9.00 i 11.00. W sobot\u0119 19 marca mo\u017cliwo\u015b\u0107 spowiedzi. Rekolekcje poprowadzi ks. Rafa\u0142 Pa\u017adzioch z parafii \u015bw. Rity w Warszawie. W\u0142\u0105czmy to wydarzenie do naszych plan\u00f3w i do naszej modlitwy.<\/li>\n<li>Odpowiadaj\u0105c na apel arcybiskupa Stanis\u0142awa G\u0105deckiego, przewodnicz\u0105cego KE Polski, \u0142\u0105cz\u0105c si\u0119 w b\u00f3lu z narodem Ukrainy w dniu dzisiejszym tj.27 lutego po ka\u017cdej Mszy \u015bw. oraz w \u015arod\u0119 Popielcow\u0105 2 marca zbi\u00f3rka do puszek, kt\u00f3re za po\u015brednictwem Caritas Polska zostan\u0105 przeznaczone na pomoc uchod\u017acom wojennym z Ukrainy.<\/li>\n<li>Wszystkim parafianom i go\u015bciom \u017cyczymy b\u0142ogos\u0142awionej niedzieli i spokojnego tygodnia.<\/li>\n<\/ol>\n<p><strong>Intencje Mszalne <\/strong><strong>\u00a027 Luty \u00a0\u2013 06 Marzec \u00a02022r.<\/strong><\/p>\n<p><strong><span style=\"color: #0000ff;\">Nd.\u00a0 27. II. 2022\u00a0\u00a0\u00a0 VIII\u00a0 NIEDZIELA ZWYK\u0141A<\/span><br \/>\n<\/strong>g. 9.00\u00a0\u00a0 Int. zam.<br \/>\ng. 11.00 Int. zam.<br \/>\n<strong>Poniedzia\u0142ek \u00a0\u00a028. II \u00a0\u00a0\u00a0\u00a0\u00a0\u00a0<\/strong>g. 18.00 \u00a0\u00a0+ W\u0142adys\u0142awa Mianowskiego\u00a0 \/5\/<br \/>\n<strong>Wtorek\u00a0\u00a0\u00a0\u00a0\u00a0\u00a0\u00a0\u00a0 \u00a0\u00a001. III \u00a0\u00a0\u00a0\u00a0\u00a0<\/strong>g.\u00a0\u00a0 7.00\u00a0\u00a0 + W\u0142adys\u0142awa Mianowskiego\u00a0 \/6\/<br \/>\n<strong>\u015aroda \u00a0\u00a0\u00a0\u00a0\u00a0\u00a0\u00a0\u00a0\u00a0\u00a002. III\u00a0 \u00a0\u00a0\u00a0\u00a0\u015aRODA\u00a0 POPIELCOWA<br \/>\ng. <\/strong>18.00\u00a0 + Dorot\u0119\u00a0 Soko\u0142owsk\u0105<br \/>\n<strong>Czwartek\u00a0 \u00a0\u00a0\u00a0\u00a0\u00a003. III\u00a0\u00a0 \u00a0\u00a0\u00a0\u00a0\u00a0\u00a0<\/strong>g.\u00a0\u00a0 7.00\u00a0 W int. parafii<br \/>\n<strong>Pi\u0105tek\u00a0\u00a0\u00a0\u00a0\u00a0\u00a0\u00a0 \u00a0\u00a004. III<br \/>\ng. 17.30 \u00a0DROGA KRZY\u017bOWA<\/strong> <strong><br \/>\n<\/strong>g. 18.00 Za dusze w czy\u015b\u0107cu cierpi\u0105ce<br \/>\n<strong>Sobota<\/strong><strong>\u00a0\u00a0\u00a0\u00a0\u00a0\u00a0 \u00a0\u00a0\u00a0<\/strong><strong>05. III\u00a0 \u00a0\u00a0\u00a0\u00a0\u00a0<\/strong>g. 18.00 \u00a0O Bo\u017ce b\u0142og. i \u0142aski dla dzieci i rodzic\u00f3w R\u00f3\u017cy R\u00f3\u017ca\u0144cowej \u015bw. Jana Paw\u0142a II<br \/>\n<strong><span style=\"color: #0000ff;\">Nd.\u00a0 06. III. 2022\u00a0 \u00a0\u00a0I\u00a0 NIEDZIELA WIELKIEGO POSTU<\/span><br \/>\n<\/strong>g. 9.00\u00a0 \u00a0Int. zam.<br \/>\ng. 11.00 \u00a0Int. zam.<\/p>\n","protected":false},"excerpt":{"rendered":"<p>Rodzinom naszej parafii, kt\u00f3re w ubieg\u0142\u0105 niedziel\u0119 z\u0142o\u017cy\u0142y ofiar\u0119 na pokrycie koszt\u00f3w zwi\u0105zanych z utrzymaniem naszej \u015bwi\u0105tyni sk\u0142adam serdeczne B\u00f3g zap\u0142a\u0107. W \u015arod\u0119 Popielcow\u0105 2 marca rozpoczynamy liturgiczny okres Wielkiego Postu, czas duchowej odnowy oraz przygotowania do obchodu Paschy i \u015awi\u0105t Wielkanocnych. Msza \u015bw. w naszym ko\u015bciele o godz.18.00. Zapraszamy [&hellip;]<\/p>\n","protected":false},"author":2,"featured_media":0,"comment_status":"closed","ping_status":"closed","sticky":false,"template":"","format":"standard","meta":[],"categories":[2],"tags":[],"_links":{"self":[{"href":"http:\/\/www.parafiakuligow.pl\/index.php\/wp-json\/wp\/v2\/posts\/1848"}],"collection":[{"href":"http:\/\/www.parafiakuligow.pl\/index.php\/wp-json\/wp\/v2\/posts"}],"about":[{"href":"http:\/\/www.parafiakuligow.pl\/index.php\/wp-json\/wp\/v2\/types\/post"}],"author":[{"embeddable":true,"href":"http:\/\/www.parafiakuligow.pl\/index.php\/wp-json\/wp\/v2\/users\/2"}],"replies":[{"embeddable":true,"href":"http:\/\/www.parafiakuligow.pl\/index.php\/wp-json\/wp\/v2\/comments?post=1848"}],"version-history":[{"count":1,"href":"http:\/\/www.parafiakuligow.pl\/index.php\/wp-json\/wp\/v2\/posts\/1848\/revisions"}],"predecessor-version":[{"id":1849,"href":"http:\/\/www.parafiakuligow.pl\/index.php\/wp-json\/wp\/v2\/posts\/1848\/revisions\/1849"}],"wp:attachment":[{"href":"http:\/\/www.parafiakuligow.pl\/index.php\/wp-json\/wp\/v2\/media?parent=1848"}],"wp:term":[{"taxonomy":"category","embeddable":true,"href":"http:\/\/www.parafiakuligow.pl\/index.php\/wp-json\/wp\/v2\/categories?post=1848"},{"taxonomy":"post_tag","embeddable":true,"href":"http:\/\/www.parafiakuligow.pl\/index.php\/wp-json\/wp\/v2\/tags?post=1848"}],"curies":[{"name":"wp","href":"https:\/\/api.w.org\/{rel}","templated":true}]}}