{"id":1844,"date":"2022-02-21T21:21:58","date_gmt":"2022-02-21T20:21:58","guid":{"rendered":"http:\/\/www.parafiakuligow.pl\/?p=1844"},"modified":"2022-02-21T21:23:40","modified_gmt":"2022-02-21T20:23:40","slug":"20-luty-2022-7-niedziela-zwykla","status":"publish","type":"post","link":"http:\/\/www.parafiakuligow.pl\/index.php\/2022\/02\/21\/20-luty-2022-7-niedziela-zwykla\/","title":{"rendered":"20 Luty 2022 &#8211; 7 NIEDZIELA ZWYK\u0141A"},"content":{"rendered":"<ol>\n<li>W ubieg\u0142\u0105 niedziel\u0119 podczas zbi\u00f3rki do puszek na leczenie i rehabilitacje chorych obj\u0119tych opiek\u0105 \u201e Caritas\u201d naszej Diecezji zebrali\u015bmy 200 z\u0142otych. Wszystkim ofiarodawcom sk\u0142adam serdeczne B\u00f3g zap\u0142a\u0107.<\/li>\n<li>W poniedzia\u0142ek 21 lutego o godz. 18.00 zapraszamy na nabo\u017ce\u0144stwo do Bo\u017cego Mi\u0142osierdzia. Po nabo\u017ce\u0144stwie Msza \u015bw.<\/li>\n<li>We wtorek 22 lutego przypada\u00a0 \u015bwi\u0119to Katedry \u015bw. Piotra, Aposto\u0142a. W tym dniu udziela si\u0119 odpustu zupe\u0142nego wiernym, kt\u00f3rzy nawiedz\u0105 katedr\u0119 lub konkatedr\u0119 i tam pobo\u017cnie odm\u00f3wi\u0105 Ojcze nasz i Wierz\u0119.<\/li>\n<li>Wszystkim parafianom i go\u015bciom \u017cyczymy b\u0142ogos\u0142awionej niedzieli i dobrego tygodnia.<\/li>\n<li>Zach\u0119camy do czytania prasy katolickiej.<\/li>\n<\/ol>\n<p>&nbsp;<\/p>\n<p style=\"text-align: center;\"><strong>Intencje Mszalne <\/strong><strong>\u00a020 \u00a0\u2013 27 Luty \u00a02022r.<\/strong><\/p>\n<p><span style=\"color: #0000ff;\"><strong>Nd.\u00a0 20. II. 2022\u00a0\u00a0\u00a0 VII\u00a0 NIEDZIELA ZWYK\u0141A<br \/>\n<\/strong><\/span>g. 9.00\u00a0\u00a0 Int. zam.<br \/>\ng. 11.00 + Edwarda Dobek w 2 rocz. \u015bm. i Mari\u0119 Dobek<br \/>\n<strong>Poniedzia\u0142ek \u00a0\u00a021. II \u00a0\u00a0\u00a0\u00a0\u00a0<\/strong>g. 18.00 \u00a0\u00a0+ W\u0142adys\u0142awa Mianowskiego\u00a0 \/1\/<br \/>\n<strong>Wtorek\u00a0\u00a0\u00a0\u00a0\u00a0\u00a0\u00a0\u00a0 \u00a0\u00a022. II \u00a0\u00a0\u00a0\u00a0\u00a0<\/strong>g.\u00a0\u00a0 7.00\u00a0\u00a0 + W\u0142adys\u0142awa Mianowskiego\u00a0 \/2\/<br \/>\n<strong>\u015aroda \u00a0\u00a0\u00a0\u00a0\u00a0\u00a0\u00a0\u00a0\u00a0\u00a023. II\u00a0 \u00a0\u00a0\u00a0\u00a0<\/strong>g. 18.00\u00a0 + W\u0142adys\u0142awa Mianowskiego \/3\/<br \/>\n<strong>Czwartek\u00a0 \u00a0\u00a0\u00a0\u00a0\u00a024. II\u00a0\u00a0 \u00a0\u00a0<\/strong><strong>\u00a0<\/strong>g.\u00a0\u00a0 7.00\u00a0 W int. parafii<br \/>\n<strong>Pi\u0105tek\u00a0\u00a0\u00a0\u00a0\u00a0\u00a0\u00a0 \u00a0\u00a0\u00a025. II\u00a0 \u00a0\u00a0\u00a0\u00a0<\/strong>g. 18.00 \u00a0+ W\u0142adys\u0142awa Mianowskiego \/4\/<br \/>\n<strong>Sobota<\/strong><strong>\u00a0\u00a0\u00a0\u00a0\u00a0\u00a0 \u00a0\u00a0\u00a0\u00a0<\/strong><strong>26. II\u00a0 \u00a0\u00a0\u00a0\u00a0\u00a0<\/strong>g. 18.00 \u00a0+ Tadeusza Wardaka w 40 rocz. \u015bm.<br \/>\n<strong><span style=\"color: #0000ff;\">Nd.\u00a0 27. II. 2022\u00a0 \u00a0\u00a0VIII\u00a0 NIEDZIELA ZWYK\u0141A<\/span><br \/>\n<\/strong>g. 9.00\u00a0 \u00a0Int. zam.<br \/>\ng. 11.00 \u00a0Int. zam.<\/p>\n","protected":false},"excerpt":{"rendered":"<p>W ubieg\u0142\u0105 niedziel\u0119 podczas zbi\u00f3rki do puszek na leczenie i rehabilitacje chorych obj\u0119tych opiek\u0105 \u201e Caritas\u201d naszej Diecezji zebrali\u015bmy 200 z\u0142otych. Wszystkim ofiarodawcom sk\u0142adam serdeczne B\u00f3g zap\u0142a\u0107. W poniedzia\u0142ek 21 lutego o godz. 18.00 zapraszamy na nabo\u017ce\u0144stwo do Bo\u017cego Mi\u0142osierdzia. Po nabo\u017ce\u0144stwie Msza \u015bw. We wtorek 22 lutego przypada\u00a0 \u015bwi\u0119to [&hellip;]<\/p>\n","protected":false},"author":2,"featured_media":0,"comment_status":"closed","ping_status":"closed","sticky":false,"template":"","format":"standard","meta":[],"categories":[2],"tags":[],"_links":{"self":[{"href":"http:\/\/www.parafiakuligow.pl\/index.php\/wp-json\/wp\/v2\/posts\/1844"}],"collection":[{"href":"http:\/\/www.parafiakuligow.pl\/index.php\/wp-json\/wp\/v2\/posts"}],"about":[{"href":"http:\/\/www.parafiakuligow.pl\/index.php\/wp-json\/wp\/v2\/types\/post"}],"author":[{"embeddable":true,"href":"http:\/\/www.parafiakuligow.pl\/index.php\/wp-json\/wp\/v2\/users\/2"}],"replies":[{"embeddable":true,"href":"http:\/\/www.parafiakuligow.pl\/index.php\/wp-json\/wp\/v2\/comments?post=1844"}],"version-history":[{"count":2,"href":"http:\/\/www.parafiakuligow.pl\/index.php\/wp-json\/wp\/v2\/posts\/1844\/revisions"}],"predecessor-version":[{"id":1847,"href":"http:\/\/www.parafiakuligow.pl\/index.php\/wp-json\/wp\/v2\/posts\/1844\/revisions\/1847"}],"wp:attachment":[{"href":"http:\/\/www.parafiakuligow.pl\/index.php\/wp-json\/wp\/v2\/media?parent=1844"}],"wp:term":[{"taxonomy":"category","embeddable":true,"href":"http:\/\/www.parafiakuligow.pl\/index.php\/wp-json\/wp\/v2\/categories?post=1844"},{"taxonomy":"post_tag","embeddable":true,"href":"http:\/\/www.parafiakuligow.pl\/index.php\/wp-json\/wp\/v2\/tags?post=1844"}],"curies":[{"name":"wp","href":"https:\/\/api.w.org\/{rel}","templated":true}]}}