{"id":1833,"date":"2022-02-05T13:15:25","date_gmt":"2022-02-05T12:15:25","guid":{"rendered":"http:\/\/www.parafiakuligow.pl\/?p=1833"},"modified":"2022-02-05T13:15:25","modified_gmt":"2022-02-05T12:15:25","slug":"30-styczen-2022-4-niedziela-zwykla","status":"publish","type":"post","link":"http:\/\/www.parafiakuligow.pl\/index.php\/2022\/02\/05\/30-styczen-2022-4-niedziela-zwykla\/","title":{"rendered":"30 stycze\u0144 2022 &#8211; 4 NIEDZIELA ZWYK\u0141A"},"content":{"rendered":"<ol>\n<li>Rozpoczynaj\u0105 si\u0119 ferie szkolne. Wszystkim uczniom i nauczycielom \u017cyczymy dobrego odpoczynku, wyje\u017cd\u017caj\u0105cym bezpiecznej podr\u00f3\u017cy i szcz\u0119\u015bliwych powrot\u00f3w.<\/li>\n<li>W poniedzia\u0142ek 31 stycznia przypada liturgiczne wspomnienie \u015bw. Jana Bosko, prezbitera, patrona m\u0142odzie\u017cy.<\/li>\n<li>W \u015brod\u0119 2 lutego \u015awi\u0119to Ofiarowania Pa\u0144skiego \/Matki Bo\u017cej Gromnicznej\/. Msza \u015bw. o godz. 18.00. Przynosimy ze sob\u0105 \u015bwiece. W tym dniu przypada tak\u017ce Dzie\u0144\u00a0 \u017bycia\u00a0 Konsekrowanego. Ofiary sk\u0142adane na tac\u0119 przeznaczamy na zakony klauzurowe.<\/li>\n<li>W tym tygodniu przypada pierwszy pi\u0105tek i sobota miesi\u0105ca. Okazja i mo\u017cliwo\u015b\u0107 spowiedzi. Msza \u015bwi\u0119ta w pi\u0105tek do Naj\u015bwi\u0119tszego Serca Pana Jezusa o godz. 18.00.<\/li>\n<li>W pierwsz\u0105 sobot\u0119 miesi\u0105ca Msza \u015bw. o Niepokalanym Sercu Maryi o godz.18.00. O godz. 17.30 modlitwa r\u00f3\u017ca\u0144cowa przed Naj\u015bwi\u0119tszym Sakramentem. W tym dniu w liturgii wspominamy \u015bw. Agat\u0119, dziewic\u0119 i m\u0119czennic\u0119.<\/li>\n<li>Przysz\u0142a niedziela to I niedziela miesi\u0105ca. Po Mszy \u015bw. o godz. 11.00 wystawienie Naj\u015bwi\u0119tszego Sakramentu i adoracja Eucharystyczna.<\/li>\n<li>Wszystkim parafianom i go\u015bciom \u017cyczymy b\u0142ogos\u0142awionej niedzieli i dobrego tygodnia.<\/li>\n<\/ol>\n<p>&nbsp;<\/p>\n<p><strong>Intencje Mszalne <\/strong><strong>\u00a030 Stycze\u0144 \u2013 06 Luty 2022r.<\/strong><\/p>\n<p><strong><span style=\"color: #0000ff;\">Nd.\u00a0 30. I. 2022\u00a0\u00a0\u00a0 IV\u00a0 NIEDZIELA ZWYK\u0141A<\/span><br \/>\n<\/strong>g. 9.00\u00a0\u00a0 + Mariana , Genowef\u0119 i Jana Przybysz\u00f3w<br \/>\ng. 11.00 + Stefana Fr\u0105czek w 3 rocz. \u015bm.<br \/>\nP<strong>oniedzia\u0142ek \u00a0\u00a031. I \u00a0\u00a0\u00a0\u00a0\u00a0\u00a0\u00a0<\/strong>g. 18.00 \u00a0\u00a0Int. wolna<br \/>\n<strong>Wtorek\u00a0\u00a0\u00a0\u00a0\u00a0\u00a0\u00a0\u00a0 \u00a0\u00a001. II \u00a0\u00a0\u00a0\u00a0\u00a0\u00a0<\/strong>g.\u00a0\u00a0 7.00\u00a0\u00a0 Int. wolna<br \/>\n<strong>\u015aroda \u00a0\u00a0\u00a0\u00a0\u00a0\u00a0\u00a0\u00a0\u00a0\u00a002. II\u00a0 \u00a0\u00a0\u00a0\u00a0\u00a0<\/strong>g. 18.00\u00a0\u00a0 Int. wolna<br \/>\n<strong>Czwartek\u00a0 \u00a0\u00a0\u00a0\u00a0\u00a003. II\u00a0\u00a0 \u00a0\u00a0<\/strong><strong>\u00a0<\/strong>g.\u00a0\u00a0 7.00\u00a0 W int. parafii<br \/>\n<strong>Pi\u0105tek\u00a0\u00a0\u00a0\u00a0\u00a0\u00a0\u00a0 \u00a0\u00a0\u00a004. II\u00a0 \u00a0\u00a0\u00a0\u00a0<\/strong>g. 18.00 \u00a0Int. wolna<br \/>\n<strong>Sobota<\/strong><strong>\u00a0\u00a0\u00a0\u00a0\u00a0\u00a0 \u00a0\u00a0\u00a0\u00a0<\/strong><strong>05. II\u00a0 \u00a0\u00a0\u00a0\u00a0\u00a0<\/strong>g. 18.00 \u00a0O Bo\u017ce b\u0142og. i \u0142aski, opiek\u0119 Matki Bo\u017cej dla dzieci i rodzic\u00f3w\u00a0 R\u00f3\u017cy R\u00f3\u017ca\u0144cowej \u015bw. Jana Paw\u0142a II <strong><br \/>\n<\/strong><strong><span style=\"color: #0000ff;\">Nd.\u00a0 06. II. 2022\u00a0 \u00a0\u00a0V\u00a0 NIEDZIELA ZWYK\u0141A<\/span><br \/>\n<\/strong>g. 9.00\u00a0 \u00a0Int. zam.<br \/>\ng. 11.00 \u00a0Int. zam.<\/p>\n","protected":false},"excerpt":{"rendered":"<p>Rozpoczynaj\u0105 si\u0119 ferie szkolne. Wszystkim uczniom i nauczycielom \u017cyczymy dobrego odpoczynku, wyje\u017cd\u017caj\u0105cym bezpiecznej podr\u00f3\u017cy i szcz\u0119\u015bliwych powrot\u00f3w. W poniedzia\u0142ek 31 stycznia przypada liturgiczne wspomnienie \u015bw. Jana Bosko, prezbitera, patrona m\u0142odzie\u017cy. W \u015brod\u0119 2 lutego \u015awi\u0119to Ofiarowania Pa\u0144skiego \/Matki Bo\u017cej Gromnicznej\/. Msza \u015bw. o godz. 18.00. Przynosimy ze sob\u0105 \u015bwiece. W [&hellip;]<\/p>\n","protected":false},"author":2,"featured_media":0,"comment_status":"closed","ping_status":"closed","sticky":false,"template":"","format":"standard","meta":[],"categories":[2],"tags":[],"_links":{"self":[{"href":"http:\/\/www.parafiakuligow.pl\/index.php\/wp-json\/wp\/v2\/posts\/1833"}],"collection":[{"href":"http:\/\/www.parafiakuligow.pl\/index.php\/wp-json\/wp\/v2\/posts"}],"about":[{"href":"http:\/\/www.parafiakuligow.pl\/index.php\/wp-json\/wp\/v2\/types\/post"}],"author":[{"embeddable":true,"href":"http:\/\/www.parafiakuligow.pl\/index.php\/wp-json\/wp\/v2\/users\/2"}],"replies":[{"embeddable":true,"href":"http:\/\/www.parafiakuligow.pl\/index.php\/wp-json\/wp\/v2\/comments?post=1833"}],"version-history":[{"count":1,"href":"http:\/\/www.parafiakuligow.pl\/index.php\/wp-json\/wp\/v2\/posts\/1833\/revisions"}],"predecessor-version":[{"id":1834,"href":"http:\/\/www.parafiakuligow.pl\/index.php\/wp-json\/wp\/v2\/posts\/1833\/revisions\/1834"}],"wp:attachment":[{"href":"http:\/\/www.parafiakuligow.pl\/index.php\/wp-json\/wp\/v2\/media?parent=1833"}],"wp:term":[{"taxonomy":"category","embeddable":true,"href":"http:\/\/www.parafiakuligow.pl\/index.php\/wp-json\/wp\/v2\/categories?post=1833"},{"taxonomy":"post_tag","embeddable":true,"href":"http:\/\/www.parafiakuligow.pl\/index.php\/wp-json\/wp\/v2\/tags?post=1833"}],"curies":[{"name":"wp","href":"https:\/\/api.w.org\/{rel}","templated":true}]}}