{"id":1824,"date":"2022-01-23T10:36:20","date_gmt":"2022-01-23T09:36:20","guid":{"rendered":"http:\/\/www.parafiakuligow.pl\/?p=1824"},"modified":"2022-01-23T10:38:11","modified_gmt":"2022-01-23T09:38:11","slug":"23-styczen-2022-3-niedziela-zwykla-niedziela-slowa-bozego","status":"publish","type":"post","link":"http:\/\/www.parafiakuligow.pl\/index.php\/2022\/01\/23\/23-styczen-2022-3-niedziela-zwykla-niedziela-slowa-bozego\/","title":{"rendered":"23 stycze\u0144 2022 &#8211; 3 NIEDZIELA ZWYK\u0141A NIEDZIELA S\u0141OWA BO\u017bEGO"},"content":{"rendered":"<ol>\n<li><strong>\u00a0<\/strong>Dzisiejsza niedziela , trzecia okresu zwyk\u0142ego, obchodzona jest w Ko\u015bciele jako Niedziela S\u0142owa Bo\u017cego. Papie\u017c Franciszek w Li\u015bcie Apostolskim\u00a0<em>Aperuit illis<\/em> z 30.09.2019 ustanowi\u0142 III Niedziel\u0119 Zwyk\u0142\u0105 w ci\u0105gu roku jako po\u015bwi\u0119con\u0105\u00a0\u00a0\u00a0\u00a0 celebracji, refleksji oraz krzewieniu S\u0142owa Bo\u017cego. Niech ten dzie\u0144 b\u0119dzie zach\u0119t\u0105 do ci\u0105g\u0142ego odkrywania i pog\u0142\u0119biania znaczenia S\u0142owa Bo\u017cego w \u017cyciu Ko\u015bcio\u0142a i w osobistym \u017cyciu ka\u017cdego z nas. Po Mszy \u015bw. o godz. 11.00 spotkanie Parafialnego Zespo\u0142u Synodalnego.<\/li>\n<li>W poniedzia\u0142ek 24 stycznia wyj\u0105tkowo Msza \u015bw. o godz. 7.00. Nie b\u0119dzie Mszy \u015bw. o godz. 18.00.<\/li>\n<li>We wtorek 25 stycznia w \u015bwi\u0119to Nawr\u00f3cenia \u015bw. Paw\u0142a Aposto\u0142a ko\u0144czy si\u0119\u00a0 Tydzie\u0144 modlitw o jedno\u015b\u0107 chrze\u015bcijan pod has\u0142em: \u201eZobaczyli\u015bmy Jego gwiazd\u0119 na Wschodzie i przyszli\u015bmy odda\u0107 Mu pok\u0142on\u201d.<\/li>\n<li>W \u015brod\u0105 26 stycznia obchodzimy wspomnienie \u015bw. biskup\u00f3w Tymoteusza i Tytusa, a w pi\u0105tek \u00a0\u015bw. Tomasza z Akwinu, prezbitera i doktora Ko\u015bcio\u0142a.<\/li>\n<li>Dzi\u0119kuj\u0119 rodzinom za \u015brodki przekazane na sprz\u0105tanie i kwiaty do ko\u015bcio\u0142a za ubieg\u0142y i obecny 2022 rok.<\/li>\n<li>Wszystkim parafianom i go\u015bciom \u017cyczymy b\u0142ogos\u0142awionej niedzieli i dobrego tygodnia.<\/li>\n<li>Zach\u0119camy do czytania prasy katolickiej.<\/li>\n<\/ol>\n<p style=\"text-align: center;\"><strong>Intencje Mszalne <\/strong><strong>\u00a023 \u2013 30 Stycze\u0144 2022r.<\/strong><\/p>\n<p><span style=\"color: #0000ff;\"><strong>Nd.\u00a0 23. I. 2022\u00a0\u00a0\u00a0 III\u00a0 NIEDZIELA ZWYK\u0141A <\/strong><\/span><strong><span style=\"color: #0000ff;\">NIEDZIELA\u00a0 S\u0141OWA\u00a0 BO\u017bEGO<\/span><br \/>\n<\/strong>g. 9.00\u00a0\u00a0 Int. zam.<br \/>\ng. 11.00 Int. zam.<br \/>\n<strong>Poniedzia\u0142ek \u00a024. I \u00a0\u00a0\u00a0\u00a0\u00a0\u00a0\u00a0<\/strong>g.\u00a0\u00a0 7.00 \u00a0\u00a0Int. wolna<br \/>\n<strong>Wtorek\u00a0\u00a0\u00a0\u00a0\u00a0\u00a0\u00a0\u00a0\u00a0 25. I \u00a0\u00a0\u00a0\u00a0\u00a0\u00a0\u00a0<\/strong>g.\u00a0\u00a0 7.00\u00a0\u00a0 Int. wolna<br \/>\n<strong>\u015aroda \u00a0\u00a0\u00a0\u00a0\u00a0\u00a0\u00a0\u00a0\u00a0\u00a0\u00a026. I\u00a0 \u00a0\u00a0\u00a0\u00a0\u00a0\u00a0<\/strong>g. 18.00\u00a0\u00a0 Int. wolna<br \/>\n<strong>Czwartek\u00a0 \u00a0\u00a0\u00a0\u00a0\u00a027. I\u00a0\u00a0 \u00a0\u00a0<\/strong><strong>\u00a0\u00a0\u00a0<\/strong>g.\u00a0\u00a0 7.00\u00a0 W int. parafii<br \/>\n<strong>Pi\u0105tek\u00a0\u00a0\u00a0\u00a0\u00a0\u00a0\u00a0 \u00a0\u00a0\u00a028. I\u00a0 \u00a0\u00a0\u00a0\u00a0\u00a0\u00a0\u00a0<\/strong>g. 18.00 \u00a0Int. wolna<br \/>\n<strong>Sobota<\/strong><strong>\u00a0\u00a0\u00a0\u00a0\u00a0\u00a0 \u00a0\u00a0\u00a0<\/strong><strong>29. I\u00a0 \u00a0\u00a0\u00a0\u00a0\u00a0\u00a0\u00a0<\/strong>g. 18.00 \u00a0Int. wolna<br \/>\n<strong><span style=\"color: #0000ff;\">Nd.\u00a0 30. I. 2022\u00a0 \u00a0\u00a0IV\u00a0 NIEDZIELA ZWYK\u0141A<\/span><br \/>\n<\/strong>g. 9.00\u00a0 \u00a0+ Mariana , Genowef\u0119 i Jana Przybysz\u00f3w<br \/>\ng. 11.00 \u00a0+ Stefana Fr\u0105czek w 3 rocz. \u015bm.<\/p>\n","protected":false},"excerpt":{"rendered":"<p>\u00a0Dzisiejsza niedziela , trzecia okresu zwyk\u0142ego, obchodzona jest w Ko\u015bciele jako Niedziela S\u0142owa Bo\u017cego. Papie\u017c Franciszek w Li\u015bcie Apostolskim\u00a0Aperuit illis z 30.09.2019 ustanowi\u0142 III Niedziel\u0119 Zwyk\u0142\u0105 w ci\u0105gu roku jako po\u015bwi\u0119con\u0105\u00a0\u00a0\u00a0\u00a0 celebracji, refleksji oraz krzewieniu S\u0142owa Bo\u017cego. Niech ten dzie\u0144 b\u0119dzie zach\u0119t\u0105 do ci\u0105g\u0142ego odkrywania i pog\u0142\u0119biania znaczenia S\u0142owa Bo\u017cego [&hellip;]<\/p>\n","protected":false},"author":2,"featured_media":0,"comment_status":"closed","ping_status":"closed","sticky":false,"template":"","format":"standard","meta":[],"categories":[2],"tags":[],"_links":{"self":[{"href":"http:\/\/www.parafiakuligow.pl\/index.php\/wp-json\/wp\/v2\/posts\/1824"}],"collection":[{"href":"http:\/\/www.parafiakuligow.pl\/index.php\/wp-json\/wp\/v2\/posts"}],"about":[{"href":"http:\/\/www.parafiakuligow.pl\/index.php\/wp-json\/wp\/v2\/types\/post"}],"author":[{"embeddable":true,"href":"http:\/\/www.parafiakuligow.pl\/index.php\/wp-json\/wp\/v2\/users\/2"}],"replies":[{"embeddable":true,"href":"http:\/\/www.parafiakuligow.pl\/index.php\/wp-json\/wp\/v2\/comments?post=1824"}],"version-history":[{"count":4,"href":"http:\/\/www.parafiakuligow.pl\/index.php\/wp-json\/wp\/v2\/posts\/1824\/revisions"}],"predecessor-version":[{"id":1828,"href":"http:\/\/www.parafiakuligow.pl\/index.php\/wp-json\/wp\/v2\/posts\/1824\/revisions\/1828"}],"wp:attachment":[{"href":"http:\/\/www.parafiakuligow.pl\/index.php\/wp-json\/wp\/v2\/media?parent=1824"}],"wp:term":[{"taxonomy":"category","embeddable":true,"href":"http:\/\/www.parafiakuligow.pl\/index.php\/wp-json\/wp\/v2\/categories?post=1824"},{"taxonomy":"post_tag","embeddable":true,"href":"http:\/\/www.parafiakuligow.pl\/index.php\/wp-json\/wp\/v2\/tags?post=1824"}],"curies":[{"name":"wp","href":"https:\/\/api.w.org\/{rel}","templated":true}]}}