{"id":1822,"date":"2022-01-23T10:33:07","date_gmt":"2022-01-23T09:33:07","guid":{"rendered":"http:\/\/www.parafiakuligow.pl\/?p=1822"},"modified":"2022-01-23T10:41:00","modified_gmt":"2022-01-23T09:41:00","slug":"16-styczen-2022-2-niedziela-zwykla","status":"publish","type":"post","link":"http:\/\/www.parafiakuligow.pl\/index.php\/2022\/01\/23\/16-styczen-2022-2-niedziela-zwykla\/","title":{"rendered":"16 stycze\u0144 2022 &#8211; 2 NIEDZIELA ZWYK\u0141A"},"content":{"rendered":"<ol>\n<li>W ubieg\u0142ym tygodniu zako\u0144czyli\u015bmy w naszej parafii wizyt\u0119 duszpastersk\u0105 (kol\u0119d\u0119).Wszystkim rodzinom, kt\u00f3re przyj\u0119\u0142y ksi\u0119dza serdecznie dzi\u0119kuj\u0119. Dzi\u0119kuj\u0119 za wsp\u00f3ln\u0105 modlitw\u0119, rozmow\u0119 i sk\u0142adane ofiary na organy i potrzeby parafii. B\u00f3g zap\u0142a\u0107! Je\u015bli kto\u015b nie m\u00f3g\u0142 przyj\u0105\u0107 ksi\u0119dza w podanym terminie a chcia\u0142by przyj\u0105\u0107 ksi\u0119dza &#8211; prosz\u0119 o kontakt w tej sprawie.<\/li>\n<li>Dzi\u015b po Mszy \u015bw. o godz. 11.00 spotkanie Rady Parafialnej.<\/li>\n<li>We wtorek 18 stycznia rozpoczyna si\u0119 Tydzie\u0144 Modlitw o Jedno\u015b\u0107 Chrze\u015bcijan. W tym roku pod has\u0142em: \u201eZobaczyli\u015bmy Jego gwiazd\u0119 na Wschodzie i przyszli\u015bmy odda\u0107 Mu pok\u0142on\u201d. Pami\u0119tajmy, by w\u0142\u0105czy\u0107 t\u0119 intencj\u0119 do naszych modlitw.<\/li>\n<li>W \u015brod\u0119 19 stycznia wspominamy \u015bw. J\u00f3zefa Sebastiana Pelczara, biskupa, a w pi\u0105tek \u015bw. Agnieszki, dziewicy i m\u0119czennicy.<\/li>\n<li>W czwartek 20 stycznia przypada IV rocznica ingresu Pasterza naszej Diecezji Warszawsko &#8211; Praskiej Biskupa Romualda Kami\u0144skiego. Pami\u0119tajmy w naszych modlitwach o Pasterzu naszej Diecezji.<\/li>\n<li>W przysz\u0142\u0105 niedziel\u0119 23 stycznia po Mszy \u015bw. o godz. 11.00 zapraszam na spotkanie Parafialny Zesp\u00f3\u0142 Synodalny.<\/li>\n<li>Wszystkim Babciom i Dziadkom w ich \u015bwi\u0119ta przypadaj\u0105ce w tym tygodniu \u017cyczymy du\u017co zdrowia, szacunku, wdzi\u0119czno\u015bci od dzieci i wnucz\u0105t oraz opieki \u015bw. Anny i \u015bw. Joachima \u2013 patron\u00f3w bab\u0107 i dziadk\u00f3w.<\/li>\n<li>Wszystkim parafianom i go\u015bciom \u017cyczymy b\u0142ogos\u0142awionej niedzieli i dobrego tygodnia.<\/li>\n<li>Zach\u0119camy do czytania prasy katolickiej.<\/li>\n<\/ol>\n<p style=\"text-align: center;\">Intencje Mszalne 16 \u2013 23 Stycze\u0144 2022r.<\/p>\n<p><span style=\"color: #0000ff;\"><strong>Nd. 16. I. 2022 II NIEDZIELA ZWYK\u0141A<br \/>\n<\/strong><\/span>g. 9.00 + Romana Jaworskiego<br \/>\ng. 11.00 Za dusze w czy\u015b\u0107cu cierpi\u0105ce<br \/>\n<strong>Poniedzia\u0142ek 17. I<\/strong> g. 18.00 Int. zam.<br \/>\n<strong>Wtorek 18. I<\/strong> g. 7.00 Int. wolna<br \/>\n<strong>\u015aroda 19. I<\/strong> g. 18.00 Int. wolna<br \/>\n<strong>Czwartek 20. I<\/strong> g. 7.00 W int. parafii<br \/>\n<strong>Pi\u0105tek 21. I<\/strong> g. 18.00 + Boles\u0142awa Ma\u0142ugi w 30 dz. po \u015bm.<br \/>\n<strong>Sobota 22. I<\/strong> g. 18.00 Int. zam.<br \/>\n<strong><span style=\"color: #0000ff;\">Nd. 23. I. 2022 III NIEDZIELA ZWYK\u0141A NIEDZIELA S\u0141OWA BO\u017bEGO<\/span><\/strong><br \/>\ng. 9.00 Int. zam.<br \/>\ng. 11.00 Int. zam.<\/p>\n","protected":false},"excerpt":{"rendered":"<p>W ubieg\u0142ym tygodniu zako\u0144czyli\u015bmy w naszej parafii wizyt\u0119 duszpastersk\u0105 (kol\u0119d\u0119).Wszystkim rodzinom, kt\u00f3re przyj\u0119\u0142y ksi\u0119dza serdecznie dzi\u0119kuj\u0119. Dzi\u0119kuj\u0119 za wsp\u00f3ln\u0105 modlitw\u0119, rozmow\u0119 i sk\u0142adane ofiary na organy i potrzeby parafii. B\u00f3g zap\u0142a\u0107! Je\u015bli kto\u015b nie m\u00f3g\u0142 przyj\u0105\u0107 ksi\u0119dza w podanym terminie a chcia\u0142by przyj\u0105\u0107 ksi\u0119dza &#8211; prosz\u0119 o kontakt w tej [&hellip;]<\/p>\n","protected":false},"author":2,"featured_media":0,"comment_status":"closed","ping_status":"closed","sticky":false,"template":"","format":"standard","meta":[],"categories":[2],"tags":[],"_links":{"self":[{"href":"http:\/\/www.parafiakuligow.pl\/index.php\/wp-json\/wp\/v2\/posts\/1822"}],"collection":[{"href":"http:\/\/www.parafiakuligow.pl\/index.php\/wp-json\/wp\/v2\/posts"}],"about":[{"href":"http:\/\/www.parafiakuligow.pl\/index.php\/wp-json\/wp\/v2\/types\/post"}],"author":[{"embeddable":true,"href":"http:\/\/www.parafiakuligow.pl\/index.php\/wp-json\/wp\/v2\/users\/2"}],"replies":[{"embeddable":true,"href":"http:\/\/www.parafiakuligow.pl\/index.php\/wp-json\/wp\/v2\/comments?post=1822"}],"version-history":[{"count":4,"href":"http:\/\/www.parafiakuligow.pl\/index.php\/wp-json\/wp\/v2\/posts\/1822\/revisions"}],"predecessor-version":[{"id":1831,"href":"http:\/\/www.parafiakuligow.pl\/index.php\/wp-json\/wp\/v2\/posts\/1822\/revisions\/1831"}],"wp:attachment":[{"href":"http:\/\/www.parafiakuligow.pl\/index.php\/wp-json\/wp\/v2\/media?parent=1822"}],"wp:term":[{"taxonomy":"category","embeddable":true,"href":"http:\/\/www.parafiakuligow.pl\/index.php\/wp-json\/wp\/v2\/categories?post=1822"},{"taxonomy":"post_tag","embeddable":true,"href":"http:\/\/www.parafiakuligow.pl\/index.php\/wp-json\/wp\/v2\/tags?post=1822"}],"curies":[{"name":"wp","href":"https:\/\/api.w.org\/{rel}","templated":true}]}}