{"id":1818,"date":"2022-01-10T20:06:32","date_gmt":"2022-01-10T19:06:32","guid":{"rendered":"http:\/\/www.parafiakuligow.pl\/?p=1818"},"modified":"2022-01-10T20:06:32","modified_gmt":"2022-01-10T19:06:32","slug":"09-styczen-2022-3-niedziela-po-narodzeniu-panskim-swieto-chrztu-panskiego","status":"publish","type":"post","link":"http:\/\/www.parafiakuligow.pl\/index.php\/2022\/01\/10\/09-styczen-2022-3-niedziela-po-narodzeniu-panskim-swieto-chrztu-panskiego\/","title":{"rendered":"09 stycze\u0144 2022 &#8211; 3 NIEDZIELA PO NARODZENIU PA\u0143SKIM  \u015aWI\u0118TO  CHRZTU  PA\u0143SKIEGO"},"content":{"rendered":"<ol>\n<li>Dzisiejsza niedziela Chrztu Pa\u0144skiego ko\u0144czy liturgiczny okres Bo\u017cego Narodzenia. Jutro rozpoczyna si\u0119 okres zwyk\u0142y.<\/li>\n<li>Wszystkim rodzinom, kt\u00f3re przyj\u0119\u0142y ju\u017c ksi\u0119dza po kol\u0119dzie: za go\u015bcin\u0119, wsp\u00f3ln\u0105 modlitw\u0119, ofiary z\u0142o\u017cone na organy, utrzymanie naszej \u015bwi\u0105tyni sk\u0142adam serdeczne B\u00f3g zap\u0142a\u0107.<\/li>\n<li>Gdyby kto\u015b z wa\u017cnej przyczyny nie m\u00f3g\u0142 przyj\u0105\u0107 ksi\u0119dza w wyznaczonym terminie, prosz\u0119 o kontakt w celu uzgodnienia innej daty wizyty duszpasterskiej. O taki kontakt prosz\u0119 r\u00f3wnie\u017c te rodziny, kt\u00f3re nie zosta\u0142y obj\u0119te wizyt\u0105, a chcia\u0142yby w ten spos\u00f3b zyska\u0107 Bo\u017ce b\u0142ogos\u0142awie\u0144stwo dla swojego domu.<\/li>\n<li>Wszystkim parafianom i go\u015bciom \u017cyczymy du\u017co zdrowia, b\u0142ogos\u0142awionej niedzieli i dobrego tygodnia.<\/li>\n<li>Zach\u0119camy do czytania prasy katolickiej.<\/li>\n<\/ol>\n<p><strong>Wizyta Duszpasterska (Kol\u0119da) 10.01. \u2013 16.01. 2022r.<\/strong><\/p>\n<p>\u2022 <strong>Poniedzia\u0142ek 10 stycze\u0144<\/strong> od godz. 16.00, ul. Nadbu\u017ca\u0144ska<\/p>\n<p>\u2022 <strong>\u015aroda 12 stycze\u0144<\/strong> od godz. 10.00, ul. Okr\u0119\u017cna, Kr\u0119ta, Wrzosowa, Ko\u015bcielna,<br \/>\nProsta<\/p>\n<p>\u2022 <strong>Czwartek 13 stycze\u0144<\/strong> od godz. 16.00, ul. Serocka, Jagiello\u0144ska, Lipowa<\/p>\n<p>\u2022 <strong>Pi\u0105tek 14 stycze\u0144<\/strong> od godz. 10.00, ul. Warszawska (od strony J\u00f3zefowa<br \/>\nw kierunku ko\u015bcio\u0142a), Topolowa<\/p>\n<p>Gdyby kto\u015b <span style=\"text-decoration: underline;\">z wa\u017cnej przyczyny<\/span> nie m\u00f3g\u0142 przyj\u0105\u0107 ksi\u0119dza w wyznaczonym terminie, prosz\u0119 o kontakt w celu uzgodnienia innej daty wizyty duszpasterskiej. O taki kontakt prosz\u0119 r\u00f3wnie\u017c te rodziny, kt\u00f3re nie zosta\u0142y obj\u0119te wizyt\u0105, a chcia\u0142yby w ten spos\u00f3b zyska\u0107 Bo\u017ce b\u0142ogos\u0142awie\u0144stwo dla swojego domu.<\/p>\n<p>Plan kol\u0119dy znajdziemy te\u017c w gablocie i na stronie internetowej<\/p>\n<p style=\"text-align: center;\"><strong>Intencje Mszalne\u00a0 09 \u2013 16 Stycze\u0144 2022r.<\/strong><\/p>\n<p><span style=\"color: #0000ff;\">Nd. 09. I. 2022 \u015awi\u0119to Chrztu Pa\u0144skiego<\/span><br \/>\ng. 9.00 Int. zam.<br \/>\ng. 11.00 + Aniel\u0119 i Wac\u0142awa Ga\u0142eckich<br \/>\nPoniedzia\u0142ek 10. I g. 7.00 Int. wolna<br \/>\nWtorek 11. I g. 7.00 W int. Parafian<br \/>\n\u015aroda 12. I g. 18.00 Int. wolna<br \/>\nCzwartek 13. I g. 7.00 Int. wolna.<br \/>\nPi\u0105tek 14. I g. 18.00 Int. wolna<br \/>\nSobota 15. I g. 18.00 + Leokadi\u0119 Czarnowsk\u0105<br \/>\n<span style=\"color: #0000ff;\">Nd. 16. I. 2022 II NIEDZIELA ZWYK\u0141A<\/span><br \/>\ng. 9.00 + Romana Jaworskiego<br \/>\ng. 11.00 Int. zam.<\/p>\n","protected":false},"excerpt":{"rendered":"<p>Dzisiejsza niedziela Chrztu Pa\u0144skiego ko\u0144czy liturgiczny okres Bo\u017cego Narodzenia. Jutro rozpoczyna si\u0119 okres zwyk\u0142y. Wszystkim rodzinom, kt\u00f3re przyj\u0119\u0142y ju\u017c ksi\u0119dza po kol\u0119dzie: za go\u015bcin\u0119, wsp\u00f3ln\u0105 modlitw\u0119, ofiary z\u0142o\u017cone na organy, utrzymanie naszej \u015bwi\u0105tyni sk\u0142adam serdeczne B\u00f3g zap\u0142a\u0107. Gdyby kto\u015b z wa\u017cnej przyczyny nie m\u00f3g\u0142 przyj\u0105\u0107 ksi\u0119dza w wyznaczonym terminie, prosz\u0119 [&hellip;]<\/p>\n","protected":false},"author":2,"featured_media":0,"comment_status":"closed","ping_status":"closed","sticky":false,"template":"","format":"standard","meta":[],"categories":[2],"tags":[],"_links":{"self":[{"href":"http:\/\/www.parafiakuligow.pl\/index.php\/wp-json\/wp\/v2\/posts\/1818"}],"collection":[{"href":"http:\/\/www.parafiakuligow.pl\/index.php\/wp-json\/wp\/v2\/posts"}],"about":[{"href":"http:\/\/www.parafiakuligow.pl\/index.php\/wp-json\/wp\/v2\/types\/post"}],"author":[{"embeddable":true,"href":"http:\/\/www.parafiakuligow.pl\/index.php\/wp-json\/wp\/v2\/users\/2"}],"replies":[{"embeddable":true,"href":"http:\/\/www.parafiakuligow.pl\/index.php\/wp-json\/wp\/v2\/comments?post=1818"}],"version-history":[{"count":2,"href":"http:\/\/www.parafiakuligow.pl\/index.php\/wp-json\/wp\/v2\/posts\/1818\/revisions"}],"predecessor-version":[{"id":1820,"href":"http:\/\/www.parafiakuligow.pl\/index.php\/wp-json\/wp\/v2\/posts\/1818\/revisions\/1820"}],"wp:attachment":[{"href":"http:\/\/www.parafiakuligow.pl\/index.php\/wp-json\/wp\/v2\/media?parent=1818"}],"wp:term":[{"taxonomy":"category","embeddable":true,"href":"http:\/\/www.parafiakuligow.pl\/index.php\/wp-json\/wp\/v2\/categories?post=1818"},{"taxonomy":"post_tag","embeddable":true,"href":"http:\/\/www.parafiakuligow.pl\/index.php\/wp-json\/wp\/v2\/tags?post=1818"}],"curies":[{"name":"wp","href":"https:\/\/api.w.org\/{rel}","templated":true}]}}