{"id":1789,"date":"2021-12-11T12:25:15","date_gmt":"2021-12-11T11:25:15","guid":{"rendered":"http:\/\/www.parafiakuligow.pl\/?p=1789"},"modified":"2021-12-11T12:38:48","modified_gmt":"2021-12-11T11:38:48","slug":"05-grudzien-2021-2-niedziela-adwentu","status":"publish","type":"post","link":"http:\/\/www.parafiakuligow.pl\/index.php\/2021\/12\/11\/05-grudzien-2021-2-niedziela-adwentu\/","title":{"rendered":"05 Grudzie\u0144 2021 &#8211; 2 NIEDZIELA ADWENTU"},"content":{"rendered":"<ol>\n<li>Dzisiaj z racji I niedzieli miesi\u0105ca po Mszy \u015bwi\u0119tej o godz. 11.00 wystawienie Naj\u015bwi\u0119tszego Sakramentu i adoracja eucharystyczna. Podczas Mszy \u015bw. dzieci przygotowuj\u0105ce si\u0119 do I Komunii \u015bw. otrzymaj\u0105 medaliki z wizerunkiem Matki Bo\u017cej Niepokalanej. To trzeci znak w przygotowaniu do tego wa\u017cnego wydarzenia w ich \u017cyciu. Po\u00a0 Mszy \u015bw. o godz.11.00 wystawienie Naj\u015bwi\u0119tszego sakramentu i adoracja Eucharystyczna.<\/li>\n<li>W naszej diecezji dzi\u015b zbi\u00f3rka do puszek na pomoc materialn\u0105 dla Ko\u015bcio\u0142a na Wschodzie.<\/li>\n<li>Klerycy Wy\u017cszego Seminarium Duchownego Diecezji Warszawsko-Praskiej zapraszaj\u0105 na sztuk\u0119 seminaryjn\u0105. W\u00a0tym roku wystawiony zostanie spektakl pt.:\u00a0 \u201ePan Przem\u00f3wi\u0142\u201d opowiadaj\u0105cy histori\u0119 Moj\u017cesza i\u00a0wyj\u015bcia Izraela z\u00a0Egiptu. Wi\u0119cej informacji w gablocie przed wej\u015bciem do Ko\u015bcio\u0142a.<\/li>\n<li>W \u015brod\u0119 \u00a08 grudnia przypada Uroczysto\u015b\u0107 Niepokalanego Pocz\u0119cia NM Panny, w pi\u0105tek 10 grudnia wspominamy NMP Loreta\u0144sk\u0105 patronk\u0119 naszej Parafii.<\/li>\n<li>Codziennie w naszym ko\u015bciele mo\u017cemy zaopatrzy\u0107 si\u0119 w op\u0142atki na st\u00f3\u0142 wigilijny pob\u0142ogos\u0142awione specjalnie dla naszej wsp\u00f3lnoty. W ramach wigilijnego dzie\u0142a pomocy dzieciom s\u0105 tak\u017ce \u015bwiece Caritas, kt\u00f3re mo\u017cemy nabywa\u0107 w zakrystii.<\/li>\n<li>Roraty, adwentowa Msza ku czci Naj\u015bwi\u0119tszej Maryi Panny b\u0119d\u0105 odprawiane w dni powszednie z wyj\u0105tkiem niedziel; wtorki, czwartki i soboty o godz. 7.00; w poniedzia\u0142ki, \u015brody, pi\u0105tki o godz.18.00. Zapraszamy do wsp\u00f3lnej modlitwy z lampionami.<\/li>\n<li>Ze wzgl\u0119du na spowied\u017a rekolekcyjn\u0105 w J\u00f3zefowie, w dniu jutrzejszym 6 grudnia zamiast Mszy \u015bw. wieczornej b\u0119dzie Msza \u015bw. rano o godz. 7.00.<\/li>\n<li>Zwyczajem lat minionych, gdyby kto\u015b pragn\u0105\u0142 i m\u00f3g\u0142 ofiarowa\u0107 choinki na Bo\u017conarodzeniowy wystr\u00f3j ko\u015bcio\u0142a, to\u00a0 prosz\u0119 o informacj\u0119.<\/li>\n<li>Rekolekcje adwentowe w naszej parafii odb\u0119d\u0105 si\u0119 17, 18 i 19 grudnia. Wyg\u0142osi je dr \u0141ukasz Szkar\u0142at z par. MB Loreta\u0144skiej w Warszawie.<\/li>\n<li>W przysz\u0142\u0105 niedziel\u0119 po Mszy \u015bw. o godz. 11.00 spotkanie Rady Parafialnej.<\/li>\n<li>Przypominamy, \u017ce od 1 do 17 grudnia\u00a0 wesz\u0142y w \u017cycie nowe obostrzenia w zwi\u0105zku z epidemi\u0105 (Covid\u201319). Dotyczy to r\u00f3wnie\u017c miejsc kultu Bo\u017cego. Pami\u0119tajmy o przestrzeganiu zasad re\u017cimu sanitarnego i obowi\u0105zku zakrywania ust i nosa.<\/li>\n<li>Wszystkim \u017cycz\u0119 dobrego duchowego prze\u017cycia \u00a0II niedzieli adwentu i spokojnego, b\u0142ogos\u0142awionego tygodnia.<\/li>\n<li>Zach\u0119camy do czytania prasy katolickiej<\/li>\n<\/ol>\n<p style=\"text-align: center;\"><strong>Intencje Mszalne <\/strong><strong>\u00a005 &#8211; 12\u00a0 Grudzie\u0144 2021r.<\/strong><\/p>\n<p><strong><span style=\"color: #0000ff;\">Nd.\u00a0 05. XII. 2021\u00a0\u00a0\u00a0\u00a0 II\u00a0 NIEDZIELA\u00a0 ADWENTU<\/span><br \/>\n<\/strong>g. 9.00\u00a0\u00a0 Int. zam.<br \/>\ng. 11.00\u00a0\u00a0 + Stanis\u0142awa i Romana Bieleckich; Aleksandr\u0119 i Stanis\u0142awa Wi\u0119ch; Mariann\u0119 Fu\u015bnik; Teres\u0119 Ma\u0142kiewicz<br \/>\n<strong>Poniedzia\u0142ek \u00a006. XII \u00a0\u00a0\u00a0<\/strong>g.\u00a0\u00a0 7.00 \u00a0W int. Parafian<br \/>\n<strong>Wtorek\u00a0\u00a0\u00a0\u00a0\u00a0\u00a0\u00a0\u00a0\u00a0 07. XII \u00a0\u00a0\u00a0<\/strong>g.\u00a0\u00a0 7.00\u00a0 + Jaros\u0142awa, Barbar\u0119 i Czes\u0142awa W\u0142odarczyk\u00f3w<br \/>\n<strong>\u015aroda \u00a0\u00a0\u00a0\u00a0\u00a0\u00a0\u00a0\u00a0\u00a0\u00a008. XII\u00a0 \u00a0<\/strong>g. 18.00\u00a0 + Zdzis\u0142awa Suchenek w 1 rocz. \u015bm.<br \/>\n<strong>Czwartek\u00a0 \u00a0\u00a0\u00a0\u00a0\u00a009. XII <\/strong>\u00a0\u00a0g.\u00a0\u00a0 7.00 \u00a0+ Barbar\u0119 Gromek; zm. z rodz. Nareckich<br \/>\n<strong>Pi\u0105tek\u00a0\u00a0\u00a0\u00a0\u00a0\u00a0\u00a0 \u00a0\u00a0\u00a010. XII\u00a0 \u00a0<\/strong>g. 18.00\u00a0 \u00a0Za dusze w czy\u015b\u0107cu cierpi\u0105ce<br \/>\n<strong>Sobota<\/strong><strong>\u00a0\u00a0\u00a0\u00a0\u00a0\u00a0 \u00a0\u00a0\u00a0<\/strong><strong>11. XII\u00a0 \u00a0<\/strong>g.\u00a0\u00a0 7.00\u00a0 + Jadwig\u0119 Duck\u0105 w 9 rocz. \u015bm.<br \/>\n<strong><span style=\"color: #0000ff;\">Nd.\u00a0 12. XII. 2021\u00a0 \u00a0\u00a0\u00a0III\u00a0 NIEDZIELA\u00a0 ADWENTU<\/span><br \/>\n<\/strong>g. 9.00\u00a0 \u00a0Int. zam.<br \/>\ng. 11.00 \u00a0Int. zam.<\/p>\n","protected":false},"excerpt":{"rendered":"<p>Dzisiaj z racji I niedzieli miesi\u0105ca po Mszy \u015bwi\u0119tej o godz. 11.00 wystawienie Naj\u015bwi\u0119tszego Sakramentu i adoracja eucharystyczna. Podczas Mszy \u015bw. dzieci przygotowuj\u0105ce si\u0119 do I Komunii \u015bw. otrzymaj\u0105 medaliki z wizerunkiem Matki Bo\u017cej Niepokalanej. To trzeci znak w przygotowaniu do tego wa\u017cnego wydarzenia w ich \u017cyciu. Po\u00a0 Mszy \u015bw. [&hellip;]<\/p>\n","protected":false},"author":2,"featured_media":0,"comment_status":"closed","ping_status":"closed","sticky":false,"template":"","format":"standard","meta":[],"categories":[2],"tags":[],"_links":{"self":[{"href":"http:\/\/www.parafiakuligow.pl\/index.php\/wp-json\/wp\/v2\/posts\/1789"}],"collection":[{"href":"http:\/\/www.parafiakuligow.pl\/index.php\/wp-json\/wp\/v2\/posts"}],"about":[{"href":"http:\/\/www.parafiakuligow.pl\/index.php\/wp-json\/wp\/v2\/types\/post"}],"author":[{"embeddable":true,"href":"http:\/\/www.parafiakuligow.pl\/index.php\/wp-json\/wp\/v2\/users\/2"}],"replies":[{"embeddable":true,"href":"http:\/\/www.parafiakuligow.pl\/index.php\/wp-json\/wp\/v2\/comments?post=1789"}],"version-history":[{"count":7,"href":"http:\/\/www.parafiakuligow.pl\/index.php\/wp-json\/wp\/v2\/posts\/1789\/revisions"}],"predecessor-version":[{"id":1796,"href":"http:\/\/www.parafiakuligow.pl\/index.php\/wp-json\/wp\/v2\/posts\/1789\/revisions\/1796"}],"wp:attachment":[{"href":"http:\/\/www.parafiakuligow.pl\/index.php\/wp-json\/wp\/v2\/media?parent=1789"}],"wp:term":[{"taxonomy":"category","embeddable":true,"href":"http:\/\/www.parafiakuligow.pl\/index.php\/wp-json\/wp\/v2\/categories?post=1789"},{"taxonomy":"post_tag","embeddable":true,"href":"http:\/\/www.parafiakuligow.pl\/index.php\/wp-json\/wp\/v2\/tags?post=1789"}],"curies":[{"name":"wp","href":"https:\/\/api.w.org\/{rel}","templated":true}]}}