{"id":1781,"date":"2021-12-01T19:34:40","date_gmt":"2021-12-01T18:34:40","guid":{"rendered":"http:\/\/www.parafiakuligow.pl\/?p=1781"},"modified":"2021-12-01T19:40:31","modified_gmt":"2021-12-01T18:40:31","slug":"28-listopad-2021-1-niedziela-adwentu","status":"publish","type":"post","link":"http:\/\/www.parafiakuligow.pl\/index.php\/2021\/12\/01\/28-listopad-2021-1-niedziela-adwentu\/","title":{"rendered":"28 Listopad 2021 &#8211; 1 NIEDZIELA ADWENTU"},"content":{"rendered":"<ol>\n<li>Dzisiejsza niedziela rozpoczyna liturgiczny okres Adwentu i nowy rok duszpasterski pod has\u0142em \u201e Pos\u0142ani w pokoju Chrystusa \u201d. Dla chrze\u015bcijanina to czas radosnego i pobo\u017cnego oczekiwania na przyj\u015bcie Jezusa Chrystusa. Po Mszy \u015bw. o godz. 11.00 spotkanie Rady Parafialnej.<\/li>\n<li>Roraty, adwentowa Msza ku czci Naj\u015bwi\u0119tszej Maryi Panny b\u0119d\u0105 odprawiane w dni powszednie z wyj\u0105tkiem niedziel; wtorki, czwartki i soboty o godz. 7.00; w poniedzia\u0142ki, \u015brody, pi\u0105tki o godz.18.00. W okresie Adwentu w sobot\u0119 nie b\u0119dzie Mszy \u015bw. o godz. 18.00.Temat tegorocznych rorat to: \u201eDroga do Betlejem\u201d. Zapraszamy\u00a0 do wsp\u00f3lnej modlitwy w spos\u00f3b szczeg\u00f3lny dzieci z lampionami, m\u0142odzie\u017c i doros\u0142ych.<\/li>\n<li>We wtorek 30 listopada przypada liturgiczne \u015bwi\u0119to \u015bw. Andrzeja Aposto\u0142a.<\/li>\n<li>W tym tygodniu przypada I pi\u0105tek i sobota miesi\u0105ca. Spowied\u017a w pi\u0105tek godz. 17.30. W I sobot\u0119 miesi\u0105ca po Mszy \u015bw. o godz. 7.00 wystawienie Naj\u015bwi\u0119tszego Sakramentu i litania Loreta\u0144ska.<\/li>\n<li>W przysz\u0142\u0105 niedziel\u0119 5 grudnia podczas Mszy \u015bw. dzieci przygotowuj\u0105ce si\u0119 do I Komunii \u015bw. otrzymaj\u0105 medaliki z wizerunkiem Matki Bo\u017cej Niepokalanej. To trzeci znak w przygotowaniu do tego wa\u017cnego wydarzenia w ich \u017cyciu. Po Mszy \u015bw. o godz.11.00 wystawienie Naj\u015bwi\u0119tszego sakramentu i adoracja Eucharystyczna.<\/li>\n<li>Przysz\u0142a niedziela jest r\u00f3wnie\u017c dniem modlitw i pomocy Ko\u015bcio\u0142owi na Wschodzie. Po ka\u017cdej Mszy \u015bw. zbi\u00f3rka do puszek na pomoc materialn\u0105 dla Ko\u015bcio\u0142a na Wschodzie.<\/li>\n<li>Od dzisiaj mo\u017cemy zaopatrzy\u0107 si\u0119 w op\u0142atki na st\u00f3\u0142 wigilijny pob\u0142ogos\u0142awione dla naszej wsp\u00f3lnoty \/sk\u0142adamy za nie dobrowoln\u0105 ofiar\u0119 \/, oraz naby\u0107 \u015bwiece Caritas z kt\u00f3rych doch\u00f3d przeznaczony jest na Wigilijne Dzie\u0142o pomocy Dzieciom.<\/li>\n<li>Zwyczajem lat minionych, gdyby kto\u015b pragn\u0105\u0142 i m\u00f3g\u0142 ofiarowa\u0107 choinki na Bo\u017conarodzeniowy wystr\u00f3j ko\u015bcio\u0142a, to\u00a0 prosz\u0119 o informacj\u0119.<\/li>\n<li>Rekolekcje adwentowe w naszej parafii odb\u0119d\u0105 si\u0119 17, 18 i 19 grudnia. Wyg\u0142osi je ks. dr \u0141ukasz Szkar\u0142at z par. MB Loreta\u0144skiej w Warszawie.<\/li>\n<li>Dzi\u0119kuj\u0119 wszystkim osobom i rodzinom, kt\u00f3rzy wyra\u017cali trosk\u0119 o czysto\u015b\u0107 i wystr\u00f3j naszej \u015bwi\u0105tyni i wok\u00f3\u0142 niej, wspomagaj\u0105c finansowo.<\/li>\n<li>Wszystkim \u017cycz\u0119 dobrego duchowego prze\u017cycia I niedzieli adwentu i spokojnego, b\u0142ogos\u0142awionego tygodnia.<\/li>\n<li>Zach\u0119camy do czytania prasy katolickiej.<\/li>\n<\/ol>\n<p style=\"text-align: center;\"><strong>Intencje Mszalne <\/strong><strong>\u00a028 Listopad &#8211; 05 Grudzie\u0144\u00a0 2021r.<\/strong><\/p>\n<p><strong><span style=\"color: #0000ff;\">Nd.\u00a0 28. XI. 2021\u00a0\u00a0\u00a0\u00a0 I\u00a0 NIEDZIELA\u00a0 ADWENTU<\/span><br \/>\n<\/strong>g. 9.00\u00a0\u00a0 + Gra\u017cyn\u0119 Pasek<br \/>\ng. 11.00 + Honorat\u0119 Kuligowsk\u0105 w 11 rocz. \u015bm.<br \/>\n<strong>Poniedzia\u0142ek \u00a029. XI \u00a0\u00a0<\/strong>g. 18.00 \u00a0\u00a0Int. wolna<br \/>\n<strong>Wtorek\u00a0\u00a0\u00a0\u00a0\u00a0\u00a0\u00a0\u00a0\u00a0 30. XI \u00a0\u00a0<\/strong>g.\u00a0\u00a0 7.00\u00a0\u00a0 Int. wolna<br \/>\n<strong>\u015aroda \u00a0\u00a0\u00a0\u00a0\u00a0\u00a0\u00a0\u00a0\u00a0\u00a0\u00a001. XII\u00a0 <\/strong>g. 18.00\u00a0 + Kazimier\u0119 Karasiewicz w 1 rocz. \u015bm.; Andrzeja i Czes\u0142awa Karasiewicz<strong><br \/>\n<\/strong><strong>Czwartek\u00a0 \u00a0\u00a0\u00a0\u00a0\u00a002. XII <\/strong>\u00a0g.\u00a0\u00a0 7.00 \u00a0W int. Parafian<br \/>\n<strong>Pi\u0105tek\u00a0\u00a0\u00a0\u00a0\u00a0\u00a0\u00a0 \u00a0\u00a0\u00a0\u00a003. XII\u00a0 <\/strong>g. 18.00\u00a0 Int. wolna<br \/>\n<strong>Sobota<\/strong><strong>\u00a0\u00a0\u00a0\u00a0\u00a0\u00a0 \u00a0\u00a0\u00a0<\/strong><strong>04. XII\u00a0 <\/strong>g. 7.00\u00a0 O Bo\u017ce b\u0142og. i \u0142aski dla dzieci i rodzic\u00f3w R\u00f3\u017cy\u00a0R\u00f3\u017ca\u0144cowej \u015bw. Jana Paw\u0142a II<br \/>\n<strong><span style=\"color: #0000ff;\">Nd.\u00a0 05. XII. 2021\u00a0 \u00a0\u00a0\u00a0II\u00a0 NIEDZIELA\u00a0 ADWENTU<\/span><br \/>\n<\/strong>g. 9.00\u00a0 \u00a0Int. zam.<br \/>\ng. 11.00 \u00a0+ Stanis\u0142awa i Romana Bieleckich; Aleksandr\u0119 i Stanis\u0142awa Wi\u0119ch; Mariann\u0119 Fu\u015bnik; Teres\u0119 Ma\u0142kiewicz<\/p>\n","protected":false},"excerpt":{"rendered":"<p>Dzisiejsza niedziela rozpoczyna liturgiczny okres Adwentu i nowy rok duszpasterski pod has\u0142em \u201e Pos\u0142ani w pokoju Chrystusa \u201d. Dla chrze\u015bcijanina to czas radosnego i pobo\u017cnego oczekiwania na przyj\u015bcie Jezusa Chrystusa. Po Mszy \u015bw. o godz. 11.00 spotkanie Rady Parafialnej. Roraty, adwentowa Msza ku czci Naj\u015bwi\u0119tszej Maryi Panny b\u0119d\u0105 odprawiane w [&hellip;]<\/p>\n","protected":false},"author":2,"featured_media":0,"comment_status":"closed","ping_status":"closed","sticky":false,"template":"","format":"standard","meta":[],"categories":[2],"tags":[],"_links":{"self":[{"href":"http:\/\/www.parafiakuligow.pl\/index.php\/wp-json\/wp\/v2\/posts\/1781"}],"collection":[{"href":"http:\/\/www.parafiakuligow.pl\/index.php\/wp-json\/wp\/v2\/posts"}],"about":[{"href":"http:\/\/www.parafiakuligow.pl\/index.php\/wp-json\/wp\/v2\/types\/post"}],"author":[{"embeddable":true,"href":"http:\/\/www.parafiakuligow.pl\/index.php\/wp-json\/wp\/v2\/users\/2"}],"replies":[{"embeddable":true,"href":"http:\/\/www.parafiakuligow.pl\/index.php\/wp-json\/wp\/v2\/comments?post=1781"}],"version-history":[{"count":6,"href":"http:\/\/www.parafiakuligow.pl\/index.php\/wp-json\/wp\/v2\/posts\/1781\/revisions"}],"predecessor-version":[{"id":1787,"href":"http:\/\/www.parafiakuligow.pl\/index.php\/wp-json\/wp\/v2\/posts\/1781\/revisions\/1787"}],"wp:attachment":[{"href":"http:\/\/www.parafiakuligow.pl\/index.php\/wp-json\/wp\/v2\/media?parent=1781"}],"wp:term":[{"taxonomy":"category","embeddable":true,"href":"http:\/\/www.parafiakuligow.pl\/index.php\/wp-json\/wp\/v2\/categories?post=1781"},{"taxonomy":"post_tag","embeddable":true,"href":"http:\/\/www.parafiakuligow.pl\/index.php\/wp-json\/wp\/v2\/tags?post=1781"}],"curies":[{"name":"wp","href":"https:\/\/api.w.org\/{rel}","templated":true}]}}