{"id":1776,"date":"2021-11-21T01:35:10","date_gmt":"2021-11-21T00:35:10","guid":{"rendered":"http:\/\/www.parafiakuligow.pl\/?p=1776"},"modified":"2021-11-21T01:38:03","modified_gmt":"2021-11-21T00:38:03","slug":"21-listopad-2021-34-niedziela-zwykla-uroczystosc-jezusa-chrystusa-krola-wszechswiata","status":"publish","type":"post","link":"http:\/\/www.parafiakuligow.pl\/index.php\/2021\/11\/21\/21-listopad-2021-34-niedziela-zwykla-uroczystosc-jezusa-chrystusa-krola-wszechswiata\/","title":{"rendered":"21 Listopad 2021 &#8211; 34 NIEDZIELA ZWYK\u0141A &#8211; UROCZYSTO\u015a\u0106 JEZUSA CHRYSTUSA KR\u00d3LA WSZECH\u015aWIATA"},"content":{"rendered":"<ol>\n<li>W ostatni\u0105 niedziel\u0119 roku liturgicznego obchodzimy Uroczysto\u015b\u0107 Jezusa Chrystusa Kr\u00f3la Wszech\u015bwiata. Po Mszy \u015bw. o godz. 11.00 wystawienie Naj\u015bwi\u0119tszego Sakramentu, litania do Serca Pana Jezusa i Akt po\u015bwi\u0119cenia rodzaju ludzkiego Chrystusowi Kr\u00f3lowi. Publiczne odm\u00f3wienie tej modlitwy zwi\u0105zane jest z \u0142ask\u0105 otrzymania odpustu zupe\u0142nego. Po nabo\u017ce\u0144stwie spotkanie parafialnego zespo\u0142u synodalnego.<\/li>\n<li>Dzisiaj ofiary sk\u0142adane na tace w naszej diecezji przeznaczone s\u0105 na Seminarium Duchowne, a po Mszach \u015bw. zbi\u00f3rka ofiar na rzecz migrant\u00f3w z granicy polsko-bia\u0142oruskiej. Zebrane \u015brodki zostan\u0105 przeznaczone na finansowanie dzia\u0142a\u0144 pomocowych Caritas Polska na terenach przygranicznych. W swoich modlitwach pro\u015bmy o pok\u00f3j na wschodniej granicy Polski.<\/li>\n<li>Nabo\u017ce\u0144stwo i Msza \u015bw. do Bo\u017cego Mi\u0142osierdzia w poniedzia\u0142ek 22 listopada o godz. 18.00. Oddaj\u0105c cze\u015b\u0107 relikwiom \u015bwi\u0119tych i b\u0142ogos\u0142awionych Ko\u015bci\u00f3\u0142 czci samego Boga za wielkie rzeczy, jakich dokona\u0142 w ludziach, kt\u00f3rzy ufnym i pe\u0142nym zawierzenia sercem w gorliwo\u015bci wiary odpowiedzieli na Jego wezwanie. Serdecznie zapraszamy. W tym dniu Ko\u015bci\u00f3\u0142 wspomina \u015bw. Cecyli\u0119, dziewic\u0119 i m\u0119czennic\u0119, patronk\u0119 muzyki ko\u015bcielnej.<\/li>\n<li>Od I niedzieli Adwentu b\u0119dzie mo\u017cna w naszym Ko\u015bciele zaopatrzy\u0107 si\u0119 w op\u0142atki na st\u00f3\u0142 wigilijny, kt\u00f3re w tym dniu zostan\u0105 pob\u0142ogos\u0142awione dla naszej wsp\u00f3lnoty parafialnej. Mo\u017cemy r\u00f3wnie\u017c nabywa\u0107 tradycyjne \u015bwiece Caritas, kt\u00f3rych doch\u00f3d przeznaczamy na Wigilijne Dzie\u0142o Pomocy Dzieciom.<\/li>\n<li>Roraty, adwentowa Msza ku czci Naj\u015bwi\u0119tszej Maryi Panny odprawiane b\u0119d\u0105 codziennie opr\u00f3cz niedziel. Zapraszamy do wsp\u00f3lnej modlitwy z lampionami. W poniedzia\u0142ki, \u015brody, pi\u0105tki o godz.18.00 zapraszamy dzieci i m\u0142odzie\u017c do wsp\u00f3lnej modlitwy w oczekiwaniu na przyj\u015bcie Pana.<\/li>\n<li>Wszystkim \u017cycz\u0119 dobrego duchowego prze\u017cycia niedzieli i spokojnego, b\u0142ogos\u0142awionego tygodnia.<\/li>\n<li>Zach\u0119camy do czytania prasy katolickiej<\/li>\n<\/ol>\n<p style=\"text-align: center;\"><strong>Intencje Mszalne 21 Listopad 2021r.<\/strong><\/p>\n<p><strong><span style=\"color: #0000ff;\">Nd. 21. XI. 2021 JEZUSA CHRYSTUSA KR\u00d3LA WSZECH\u015aWIATA<\/span><\/strong><br \/>\n<strong> <span style=\"color: #0000ff;\"> UROCZYSTO\u015a\u0106<\/span><\/strong><br \/>\n<strong>g. 9.00<\/strong> Int. zam.<br \/>\n<strong>g. 11.00<\/strong> Int. zam.<br \/>\n<strong>Poniedzia\u0142ek 22. XI g. 18.00<\/strong> Int. wolna<br \/>\n<strong>Wtorek 23. XI g. 7.00<\/strong> Int. wolna<br \/>\n<strong>\u015aroda 24. XI g. 18.00<\/strong> + Lucyn\u0119 Buraczewsk\u0105<br \/>\n<strong>Czwartek 25. XI g. 7.00<\/strong> W int. Parafian<br \/>\n<strong>Pi\u0105tek 26. XI g. 18.00<\/strong> Int. wolna<br \/>\n<strong>Sobota 27. XI g. 18.00<\/strong> Int. zam.<br \/>\n<strong><span style=\"color: #0000ff;\">Nd. 28. XI. 2021 I NIEDZIELA ADWENTU<\/span><\/strong><br \/>\n<strong>g. 9.00<\/strong> + Gra\u017cyn\u0119 Pasek<br \/>\n<strong>g. 11.00<\/strong> Int. zam.<\/p>\n","protected":false},"excerpt":{"rendered":"<p>W ostatni\u0105 niedziel\u0119 roku liturgicznego obchodzimy Uroczysto\u015b\u0107 Jezusa Chrystusa Kr\u00f3la Wszech\u015bwiata. Po Mszy \u015bw. o godz. 11.00 wystawienie Naj\u015bwi\u0119tszego Sakramentu, litania do Serca Pana Jezusa i Akt po\u015bwi\u0119cenia rodzaju ludzkiego Chrystusowi Kr\u00f3lowi. Publiczne odm\u00f3wienie tej modlitwy zwi\u0105zane jest z \u0142ask\u0105 otrzymania odpustu zupe\u0142nego. Po nabo\u017ce\u0144stwie spotkanie parafialnego zespo\u0142u synodalnego. Dzisiaj [&hellip;]<\/p>\n","protected":false},"author":2,"featured_media":0,"comment_status":"closed","ping_status":"closed","sticky":false,"template":"","format":"standard","meta":[],"categories":[2],"tags":[],"_links":{"self":[{"href":"http:\/\/www.parafiakuligow.pl\/index.php\/wp-json\/wp\/v2\/posts\/1776"}],"collection":[{"href":"http:\/\/www.parafiakuligow.pl\/index.php\/wp-json\/wp\/v2\/posts"}],"about":[{"href":"http:\/\/www.parafiakuligow.pl\/index.php\/wp-json\/wp\/v2\/types\/post"}],"author":[{"embeddable":true,"href":"http:\/\/www.parafiakuligow.pl\/index.php\/wp-json\/wp\/v2\/users\/2"}],"replies":[{"embeddable":true,"href":"http:\/\/www.parafiakuligow.pl\/index.php\/wp-json\/wp\/v2\/comments?post=1776"}],"version-history":[{"count":3,"href":"http:\/\/www.parafiakuligow.pl\/index.php\/wp-json\/wp\/v2\/posts\/1776\/revisions"}],"predecessor-version":[{"id":1779,"href":"http:\/\/www.parafiakuligow.pl\/index.php\/wp-json\/wp\/v2\/posts\/1776\/revisions\/1779"}],"wp:attachment":[{"href":"http:\/\/www.parafiakuligow.pl\/index.php\/wp-json\/wp\/v2\/media?parent=1776"}],"wp:term":[{"taxonomy":"category","embeddable":true,"href":"http:\/\/www.parafiakuligow.pl\/index.php\/wp-json\/wp\/v2\/categories?post=1776"},{"taxonomy":"post_tag","embeddable":true,"href":"http:\/\/www.parafiakuligow.pl\/index.php\/wp-json\/wp\/v2\/tags?post=1776"}],"curies":[{"name":"wp","href":"https:\/\/api.w.org\/{rel}","templated":true}]}}