{"id":1759,"date":"2021-10-31T09:07:03","date_gmt":"2021-10-31T08:07:03","guid":{"rendered":"http:\/\/www.parafiakuligow.pl\/?p=1759"},"modified":"2021-10-31T09:07:03","modified_gmt":"2021-10-31T08:07:03","slug":"31-pazdziernik-2021-31-niedziela-zwykla","status":"publish","type":"post","link":"http:\/\/www.parafiakuligow.pl\/index.php\/2021\/10\/31\/31-pazdziernik-2021-31-niedziela-zwykla\/","title":{"rendered":"31 Pa\u017adziernik 2021 &#8211; 31 NIEDZIELA ZWYK\u0141A"},"content":{"rendered":"<ol>\n<li>Dzisiaj po Mszy \u015bw. o godz. 11.00 ostatnie nabo\u017ce\u0144stwo pa\u017adziernikowe. Msza \u015bw. w int. uczestnik\u00f3w Nabo\u017ce\u0144stw R\u00f3\u017ca\u0144cowych 5 listopada o godz.18.00.<\/li>\n<li>W poniedzia\u0142ek <strong>1 listopada Uroczysto\u015b\u0107 Wszystkich \u015awi\u0119tych<\/strong>. To dzie\u0144 naszej refleksji nad \u017cyciem i modlitw\u0105 za zmar\u0142ych. W tym dniu Msza \u015bw. w naszym ko\u015bciele\u00a0 o godz. 9.00. O godzinie 11.00\u00a0 na cmentarzu w Za\u0142ubicach\u00a0 procesja z modlitw\u0105 za zmar\u0142ych, a po niej o godz. 12.00 Msza \u015bw.<\/li>\n<li>We wtorek <strong>2 listopada Wspomnienie Wszystkich Wiernych Zmar\u0142ych<\/strong>. Msza \u015bw. w intencji zmar\u0142ych polecanych w wypominkach o godz. 18.00. Nabo\u017ce\u0144stwo z modlitw\u0105 obejmuj\u0105c\u0105 imiona i nazwiska naszych bliskich <strong>o godz. 17.30<\/strong>. W tym dniu nie b\u0119dzie Mszy \u015bw. o godz. 7.00.<\/li>\n<li>W \u015brod\u0119 3 listopada wyj\u0105tkowo Msza \u015bw. po\u0142\u0105czona z Nowenn\u0105 do MB Nieustaj\u0105cej Pomocy o godz. 7.00. Nie b\u0119dzie Mszy \u015bw. o godz. 18.00.<\/li>\n<li>W tym tygodniu przypada I pi\u0105tek i sobota miesi\u0105ca. Spowied\u017a w pi\u0105tek od godz. 17.30. W pierwsz\u0105 sobot\u0119 miesi\u0105ca Msza \u015bw. o Niepokalanym sercu Naj\u015bwi\u0119tszej Maryi Panny o godz. 18.00. Przed Msz\u0105 \u015bw. o godz. 17.30 R\u00f3\u017caniec.<\/li>\n<li>Przysz\u0142a niedziela to I niedziela miesi\u0105ca. Po Mszy \u015bw. o godz. 11.00 wystawienie Naj\u015bwi\u0119tszego sakramentu i adoracja Eucharystyczna.<\/li>\n<li>Spotkanie dla Rodzic\u00f3w i dzieci, kt\u00f3re w tym roku obchodzi\u0107 b\u0119d\u0105 rocznic\u0119 I Komunii \u015bw. w przysz\u0142\u0105 niedziel\u0119 7 listopada po Mszy \u015bw. o godz. 11.00.<\/li>\n<li>W dniach od 1 do 8 listopada ka\u017cdego dnia oktawy mo\u017cna zyska\u0107 i ofiarowa\u0107 za dusze w czy\u015b\u0107cu cierpi\u0105ce odpust zupe\u0142ny. Warunkiem do tego jest stan \u0142aski u\u015bwi\u0119caj\u0105cej, przyj\u0119cie komunii \u015bwi\u0119tej, pobo\u017cne nawiedzenie cmentarza i modlitwa ofiarowana za zmar\u0142ych w tym Ojcze nasz i wierze w Boga.<\/li>\n<li>W dalszym ci\u0105gu przyjmujemy na wypominki na kolejny rok. Wypominki roczne obejmuj\u0105 modlitw\u0119 za zmar\u0142ych w <strong>ka\u017cd\u0105 niedziel\u0119 o godz. 10.30<\/strong>, oraz Msze \u015bw. odprawiane przez ca\u0142y rok, w ka\u017cd\u0105 <strong>pierwsz\u0105 \u015brod\u0119 miesi\u0105ca<\/strong>. Ogarniaj\u0105c modlitw\u0105 zmar\u0142ych, sk\u0142adamy dobrowolne ofiary wpisuj\u0105c imiona i nazwiska zmar\u0142ych. Mo\u017cemy wykorzysta\u0107 kartki wy\u0142o\u017cone przy wyj\u015bciu z ko\u015bcio\u0142a.<\/li>\n<li>Wszystkim parafianom, dzia\u0142kowiczom i go\u015bciom \u017cycz\u0119 zdrowia, dobrego duchowego prze\u017cycia tych szczeg\u00f3lnych dni\u00a0 i\u00a0 spokojnego, b\u0142ogos\u0142awionego tygodnia.<\/li>\n<\/ol>\n<p style=\"text-align: center;\"><strong>Intencje Mszalne <\/strong><strong>\u00a024 \u2013 31 Pa\u017adziernik \u00a0\u00a02021r.<\/strong><\/p>\n<p><span style=\"color: #0000ff;\"><strong> Nd.\u00a0 31. X. 2021\u00a0\u00a0\u00a0 <\/strong><\/span><strong><span style=\"color: #0000ff;\">31\u00a0 NIEDZIELA ZWYK\u0141A\u00a0<\/span><br \/>\n<\/strong>g. 9.00\u00a0\u00a0 + Jadwig\u0119 So\u0142owiej w rocz. \u015bm.<br \/>\ng. 11.00 + W\u0142odzimierza, Feliksa i Mariann\u0119 Piwowarskich<br \/>\nR\u00f3\u017caniec<br \/>\n<span style=\"color: #0000ff;\"><strong>Poniedzia\u0142ek \u00a0<\/strong><\/span><strong><span style=\"color: #0000ff;\">01. XI \u00a0UROCZYSTO\u015a\u0106 WSZYSTKICH \u015aWI\u0118TYCH<\/span><br \/>\n<\/strong>g. 9.00 \u00a0\u00a0+ Ew\u0119 Drza\u017cd\u017cy\u0144sk\u0105<br \/>\ng. 11.00 <strong>Procesja na cmentarzu z modlitw\u0105 <\/strong><strong>za zmar\u0142ych \u2013 Za\u0142ubice<br \/>\n<\/strong>g. 12.00 <strong>Msza \u015bw. \u2013 cmentarz w Za\u0142ubicach<br \/>\n<\/strong><span style=\"color: #0000ff;\"><strong>Wtorek<\/strong> <strong>02. XI<\/strong><\/span><strong><span style=\"color: #0000ff;\"> \u00a0WSPOMNIENIE WSZYSTKICH WIERNYCH ZMAR\u0141YCH<\/span><br \/>\n<\/strong>g. 17.30 \u00a0<strong>Nabo\u017ce\u0144stwo za zmar\u0142ych<br \/>\n<\/strong>g. 18.00 <strong>W int. zmar\u0142ych polecanych w wypominkach<br \/>\n<\/strong><strong>\u015aroda<\/strong><strong> \u00a0\u00a0\u00a0\u00a0\u00a0\u00a0\u00a0\u00a0\u00a0\u00a0\u00a0\u00a0\u00a0<\/strong><strong>03. XI<\/strong><strong>\u00a0 \u00a0<\/strong>g. \u00a0\u00a07.00\u00a0 \u00a0O \u0142ask\u0119 zdrowia dla Bronis\u0142awy Wojda<br \/>\n<strong>Czwartek\u00a0 \u00a0\u00a0\u00a0\u00a0\u00a0\u00a0<\/strong><strong>04. XI<\/strong> \u00a0\u00a0g.\u00a0 7.00 \u00a0\u00a0W int. Parafian<br \/>\n<strong>Pi\u0105tek\u00a0\u00a0\u00a0\u00a0\u00a0\u00a0\u00a0 \u00a0\u00a0\u00a0\u00a0\u00a0\u00a0<\/strong><strong>05. XI\u00a0 \u00a0<\/strong>g. 18.00\u00a0 W int. uczestnik\u00f3w nabo\u017ce\u0144stw r\u00f3\u017ca\u0144cowych<br \/>\n<strong>Sobota\u00a0\u00a0\u00a0\u00a0\u00a0\u00a0 \u00a0\u00a0\u00a0\u00a0\u00a0\u00a0<\/strong><strong>06. XI<br \/>\n<\/strong>g. 17.30\u00a0 R\u00f3\u017caniec<br \/>\ng. 18.00 O Bo\u017ce b\u0142og. i \u0142aski, opiek\u0119 Matki Bo\u017cej dla dzieci i rodzic\u00f3w R\u00f3\u017cy R\u00f3\u017ca\u0144cowej \u015bw. Jana Paw\u0142a II<br \/>\n<span style=\"color: #0000ff;\"><strong>Nd.\u00a0 07. XI. 2021\u00a0 \u00a0\u00a0<\/strong><\/span><strong><span style=\"color: #0000ff;\">32 \u00a0NIEDZIELA ZWYK\u0141A\u00a0 \u00a0<\/span><br \/>\n<\/strong>g. 9.00\u00a0 \u00a0+ Sylwestra Grzeszkiewicz; Alin\u0119 Nerc i Antoniego<br \/>\ng. 11.00 \u00a0Int. zam.<\/p>\n","protected":false},"excerpt":{"rendered":"<p>Dzisiaj po Mszy \u015bw. o godz. 11.00 ostatnie nabo\u017ce\u0144stwo pa\u017adziernikowe. Msza \u015bw. w int. uczestnik\u00f3w Nabo\u017ce\u0144stw R\u00f3\u017ca\u0144cowych 5 listopada o godz.18.00. W poniedzia\u0142ek 1 listopada Uroczysto\u015b\u0107 Wszystkich \u015awi\u0119tych. To dzie\u0144 naszej refleksji nad \u017cyciem i modlitw\u0105 za zmar\u0142ych. W tym dniu Msza \u015bw. w naszym ko\u015bciele\u00a0 o godz. 9.00. O [&hellip;]<\/p>\n","protected":false},"author":2,"featured_media":0,"comment_status":"closed","ping_status":"closed","sticky":false,"template":"","format":"standard","meta":[],"categories":[2],"tags":[],"_links":{"self":[{"href":"http:\/\/www.parafiakuligow.pl\/index.php\/wp-json\/wp\/v2\/posts\/1759"}],"collection":[{"href":"http:\/\/www.parafiakuligow.pl\/index.php\/wp-json\/wp\/v2\/posts"}],"about":[{"href":"http:\/\/www.parafiakuligow.pl\/index.php\/wp-json\/wp\/v2\/types\/post"}],"author":[{"embeddable":true,"href":"http:\/\/www.parafiakuligow.pl\/index.php\/wp-json\/wp\/v2\/users\/2"}],"replies":[{"embeddable":true,"href":"http:\/\/www.parafiakuligow.pl\/index.php\/wp-json\/wp\/v2\/comments?post=1759"}],"version-history":[{"count":1,"href":"http:\/\/www.parafiakuligow.pl\/index.php\/wp-json\/wp\/v2\/posts\/1759\/revisions"}],"predecessor-version":[{"id":1760,"href":"http:\/\/www.parafiakuligow.pl\/index.php\/wp-json\/wp\/v2\/posts\/1759\/revisions\/1760"}],"wp:attachment":[{"href":"http:\/\/www.parafiakuligow.pl\/index.php\/wp-json\/wp\/v2\/media?parent=1759"}],"wp:term":[{"taxonomy":"category","embeddable":true,"href":"http:\/\/www.parafiakuligow.pl\/index.php\/wp-json\/wp\/v2\/categories?post=1759"},{"taxonomy":"post_tag","embeddable":true,"href":"http:\/\/www.parafiakuligow.pl\/index.php\/wp-json\/wp\/v2\/tags?post=1759"}],"curies":[{"name":"wp","href":"https:\/\/api.w.org\/{rel}","templated":true}]}}