{"id":1757,"date":"2021-10-26T16:12:15","date_gmt":"2021-10-26T14:12:15","guid":{"rendered":"http:\/\/www.parafiakuligow.pl\/?p=1757"},"modified":"2021-10-26T16:12:15","modified_gmt":"2021-10-26T14:12:15","slug":"24-pazdziernik-2021-30-niedziela-zwykla","status":"publish","type":"post","link":"http:\/\/www.parafiakuligow.pl\/index.php\/2021\/10\/26\/24-pazdziernik-2021-30-niedziela-zwykla\/","title":{"rendered":"24 Pa\u017adziernik 2021 &#8211; 30 NIEDZIELA ZWYK\u0141A"},"content":{"rendered":"<ol>\n<li>W czwartek 28 pa\u017adziernika przypada liturgiczne \u015bwi\u0119to \u015bw. Aposto\u0142\u00f3w Szymona i Judy Tadeusza.<\/li>\n<li>Spotkanie dla Rodzic\u00f3w i dzieci przygotowuj\u0105cych si\u0119 do I Komunii \u015bwi\u0119tej dzi\u015b po Mszy \u015bw. o godz. 11.00.<\/li>\n<li>W niedziel\u0119 7 listopada po Mszy \u015bw. o godz. 11.00 spotkanie dla Rodzic\u00f3w i dzieci, kt\u00f3re w tym roku obchodzi\u0107 b\u0119d\u0105 rocznic\u0119 I Komunii \u015bw.<\/li>\n<li>Zapraszam do wsp\u00f3lnej modlitwy R\u00f3\u017ca\u0144cowej dzieci, m\u0142odzie\u017c oraz doros\u0142ych. R\u00f3\u017caniec codziennie w poniedzia\u0142ek, \u015brod\u0119, pi\u0105tek i sobot\u0119 przed Msz\u0105 \u015bw. o godz. 17.30; we\u00a0 wtorek\u00a0 i czwartek po Mszy \u015bw. o godz. 7.00 . W niedziel\u0119 po Mszy \u015bw. o godz. 11.00.<\/li>\n<li>Przyjmujemy ju\u017c na wypominki na kolejny rok. Wypominki roczne obejmuj\u0105 modlitw\u0119 za zmar\u0142ych w ka\u017cd\u0105 niedziel\u0119 o godz. 10.30, oraz Msze \u015bw. odprawiane przez ca\u0142y rok, w ka\u017cd\u0105 pierwsz\u0105 \u015brod\u0119 miesi\u0105ca. Wypominki jednorazowe s\u0105 modlitw\u0105 odmawian\u0105\u00a0 w <strong>Uroczysto\u015b\u0107 Wszystkich \u015awi\u0119tych<\/strong><strong> 1 listopada<\/strong> w czasie procesji na cmentarzu w <strong>Za\u0142ubicach<\/strong> i we <strong>Wspomnienie<\/strong><strong> Wszystkich Wiernych Zmar\u0142ych <\/strong>(Dzie\u0144 Zaduszny) <strong>2 listopada, <\/strong>podczas Mszy \u015bw<strong>. <\/strong>w <strong>Kuligowie<\/strong>. Ogarniaj\u0105c modlitw\u0105 zmar\u0142ych sk\u0142adamy dobrowolne ofiary wpisuj\u0105c imiona i nazwiska zmar\u0142ych. Mo\u017cemy wykorzysta\u0107 kartki wy\u0142o\u017cone na stoliku przy wyj\u015bciu z ko\u015bcio\u0142a. W Uroczysto\u015b\u0107 Wszystkich \u015awi\u0119tych 1 listopada, Msza w. w naszej parafii o godz. <strong>9.00<\/strong>. W tym dniu nie b\u0119dzie Mszy \u015bw. o godz.11.00. <strong>Procesja na cmentarzu w Za\u0142ubicach o godz. 11.00<\/strong>, a po niej <strong>Msza \u015bwi\u0119ta<\/strong> <strong>o godz. 12.00.<\/strong><\/li>\n<li>We wtorek <strong>2 listopada Wspomnienie Wszystkich Wiernych Zmar\u0142ych<\/strong>. Msza \u015bw. w intencji zmar\u0142ych polecanych w wypominkach o godz. 18.00. Nabo\u017ce\u0144stwo z modlitw\u0105 obejmuj\u0105c\u0105 imiona i nazwiska naszych bliskich o<strong> godz. 17.30<\/strong>.<\/li>\n<li>W dniach od 1 do 8 listopada ka\u017cdego dnia oktawy mo\u017cna zyska\u0107 i ofiarowa\u0107 za dusze w czy\u015b\u0107cu cierpi\u0105ce odpust zupe\u0142ny. Warunkiem do tego jest stan \u0142aski u\u015bwi\u0119caj\u0105cej, przyj\u0119cie komunii \u015bwi\u0119tej, pobo\u017cne nawiedzenie cmentarza i modlitwa ofiarowana za zmar\u0142ych w tym Ojcze nasz i wierze w Boga.<\/li>\n<li>Wszystkim parafianom, dzia\u0142kowiczom i go\u015bciom \u017cycz\u0119\u00a0 dobrego Duchowego prze\u017cycia niedzieli\u00a0 i\u00a0 b\u0142ogos\u0142awionego tygodnia.<\/li>\n<li>Zach\u0119camy do czytania prasy katolickiej.<\/li>\n<\/ol>\n<p><strong>Intencje Mszalne <\/strong><strong>\u00a024 \u2013 31 Pa\u017adziernik \u00a0\u00a02021r.<\/strong><\/p>\n<p><span style=\"color: #0000ff;\"><strong>Nd.\u00a0 24. X. 2021\u00a0\u00a0\u00a0 <\/strong><\/span><strong><span style=\"color: #0000ff;\">30\u00a0 NIEDZIELA ZWYK\u0141A\u00a0\u00a0<\/span><br \/>\n<\/strong>g. 9.00\u00a0\u00a0 + Stefana Stadnickiego w 65 rocz. \u015bm.<br \/>\ng. 11.00 Int. zam.<br \/>\nR\u00f3\u017caniec<br \/>\n<strong>Poniedzia\u0142ek \u00a025. X<br \/>\n<\/strong>g. 17.30\u00a0\u00a0 R\u00f3\u017caniec<br \/>\ng. 18.00 \u00a0\u00a0Int. zam.<br \/>\n<strong>Wtorek\u00a0\u00a0\u00a0\u00a0\u00a0\u00a0\u00a0\u00a0\u00a0\u00a0\u00a0\u00a0 <\/strong><strong>26. X<\/strong><strong><br \/>\n<\/strong>g. \u00a0\u00a07.00 \u00a0\u00a0W int. Parafian<br \/>\nR\u00f3\u017caniec<br \/>\n<strong>\u015aroda \u00a0\u00a0\u00a0\u00a0\u00a0\u00a0\u00a0\u00a0\u00a0\u00a0\u00a0\u00a0\u00a0\u00a0\u00a0<\/strong><strong>27. X<\/strong><strong><br \/>\n<\/strong>g. 17.00 + Tadeusza Koza w 1 rocz. \u015bm.<br \/>\ng. 17.30 R\u00f3\u017caniec<br \/>\ng. 18.00 + Tadeusza i Janin\u0119 Szyd\u0142owskich; Stanis\u0142awa i Mariann\u0119 Szyd\u0142owskich<br \/>\n<strong>Czwartek\u00a0 \u00a0\u00a0\u00a0\u00a0\u00a0\u00a028. X<\/strong><strong> \u00a0\u00a0\u00a0<\/strong>g.<br \/>\n7.00 \u00a0\u00a0O \u0142ask\u0119 zdrowia dla Bronis\u0142awy Wojda<br \/>\nR\u00f3\u017caniec<br \/>\n<strong>Pi\u0105tek\u00a0\u00a0\u00a0\u00a0\u00a0\u00a0\u00a0 \u00a0\u00a0\u00a0\u00a0\u00a0\u00a029. X<\/strong><strong><br \/>\n<\/strong>g. 17.30\u00a0\u00a0 R\u00f3\u017caniec<br \/>\ng. 18.00\u00a0\u00a0 + Wac\u0142aw\u0119 Mianowsk\u0105 w 2 rocz. \u015bm.<br \/>\n<strong>Sobota\u00a0\u00a0\u00a0\u00a0\u00a0\u00a0 \u00a0\u00a0\u00a0\u00a0\u00a0\u00a030. X<br \/>\n<\/strong>g. 17.30\u00a0 R\u00f3\u017caniec<br \/>\ng. 18.00\u00a0\u00a0 Int. zam.<br \/>\n<span style=\"color: #0000ff;\"><strong>Nd.\u00a0 31. X. 2021\u00a0 \u00a0\u00a0<\/strong><\/span><strong><span style=\"color: #0000ff;\">31 \u00a0NIEDZIELA ZWYK\u0141A\u00a0<\/span><br \/>\n<\/strong>g. 9.00\u00a0 \u00a0+ Jadwig\u0119 So\u0142owiej w rocz. \u015bm.<br \/>\ng. 11.00 \u00a0+ W\u0142odzimierza, Feliksa i Mariann\u0119 Piwowarskich<br \/>\nR\u00f3\u017caniec<\/p>\n","protected":false},"excerpt":{"rendered":"<p>W czwartek 28 pa\u017adziernika przypada liturgiczne \u015bwi\u0119to \u015bw. Aposto\u0142\u00f3w Szymona i Judy Tadeusza. Spotkanie dla Rodzic\u00f3w i dzieci przygotowuj\u0105cych si\u0119 do I Komunii \u015bwi\u0119tej dzi\u015b po Mszy \u015bw. o godz. 11.00. W niedziel\u0119 7 listopada po Mszy \u015bw. o godz. 11.00 spotkanie dla Rodzic\u00f3w i dzieci, kt\u00f3re w tym roku [&hellip;]<\/p>\n","protected":false},"author":2,"featured_media":0,"comment_status":"closed","ping_status":"closed","sticky":false,"template":"","format":"standard","meta":[],"categories":[2],"tags":[],"_links":{"self":[{"href":"http:\/\/www.parafiakuligow.pl\/index.php\/wp-json\/wp\/v2\/posts\/1757"}],"collection":[{"href":"http:\/\/www.parafiakuligow.pl\/index.php\/wp-json\/wp\/v2\/posts"}],"about":[{"href":"http:\/\/www.parafiakuligow.pl\/index.php\/wp-json\/wp\/v2\/types\/post"}],"author":[{"embeddable":true,"href":"http:\/\/www.parafiakuligow.pl\/index.php\/wp-json\/wp\/v2\/users\/2"}],"replies":[{"embeddable":true,"href":"http:\/\/www.parafiakuligow.pl\/index.php\/wp-json\/wp\/v2\/comments?post=1757"}],"version-history":[{"count":1,"href":"http:\/\/www.parafiakuligow.pl\/index.php\/wp-json\/wp\/v2\/posts\/1757\/revisions"}],"predecessor-version":[{"id":1758,"href":"http:\/\/www.parafiakuligow.pl\/index.php\/wp-json\/wp\/v2\/posts\/1757\/revisions\/1758"}],"wp:attachment":[{"href":"http:\/\/www.parafiakuligow.pl\/index.php\/wp-json\/wp\/v2\/media?parent=1757"}],"wp:term":[{"taxonomy":"category","embeddable":true,"href":"http:\/\/www.parafiakuligow.pl\/index.php\/wp-json\/wp\/v2\/categories?post=1757"},{"taxonomy":"post_tag","embeddable":true,"href":"http:\/\/www.parafiakuligow.pl\/index.php\/wp-json\/wp\/v2\/tags?post=1757"}],"curies":[{"name":"wp","href":"https:\/\/api.w.org\/{rel}","templated":true}]}}