{"id":1753,"date":"2021-10-17T01:48:31","date_gmt":"2021-10-16T23:48:31","guid":{"rendered":"http:\/\/www.parafiakuligow.pl\/?p=1753"},"modified":"2021-10-11T20:55:39","modified_gmt":"2021-10-11T18:55:39","slug":"17-pazdziernik-2021-29-niedziela-zwykla","status":"publish","type":"post","link":"http:\/\/www.parafiakuligow.pl\/index.php\/2021\/10\/17\/17-pazdziernik-2021-29-niedziela-zwykla\/","title":{"rendered":"17 Pa\u017adziernik 2021 &#8211; 29 NIEDZIELA ZWYK\u0141A"},"content":{"rendered":"<ol>\n<li>Dzisiaj obchodzimy \u015awiatowy Dzie\u0144 Misyjny rozpoczynaj\u0105cy Tydzie\u0144 misyjny. Ka\u017cdy z nas na mocy sakramentu Chrztu i Bierzmowania wezwany jest do dawania \u015bwiadectwa staj\u0105c si\u0119 siewc\u0105 Bo\u017cego S\u0142owa. Pami\u0119tajmy w naszych modlitwach o Misjonarzach. Ofiary sk\u0142adane dzi\u015b na tac\u0119 b\u0119d\u0105 przeznaczone na misje.<\/li>\n<li>W poniedzia\u0142ek 18 pa\u017adziernika obchodzimy \u015bwi\u0119to \u015bw. \u0141ukasza Ewangelisty, a w pi\u0105tek\u00a0 22 pa\u017adziernika wspomnienie \u015bw. Jana Paw\u0142a II, papie\u017ca.<\/li>\n<li>Cieszymy si\u0119 z obecno\u015bci w znaku relikwii \u015bw. Siostry Faustyny Kowalskiej, kt\u00f3re 26 wrze\u015bnia br. uroczy\u015bcie zosta\u0142y wprowadzone do naszej \u015awi\u0105tyni. Na pami\u0105tk\u0119 pierwszego objawienia Jezusa Mi\u0142osiernego, kt\u00f3rego dozna\u0142a \u015bw. Siostra Faustyna w P\u0142ocku 22 lutego 1931r., b\u0119dziemy modli\u0107 si\u0119 \u00a0ka\u017cdego 22 dnia miesi\u0105ca do Bo\u017cego Mi\u0142osierdzia podczas Mszy \u015bw. Oddaj\u0105c cze\u015b\u0107 relikwiom \u015bwi\u0119tych i b\u0142ogos\u0142awionych Ko\u015bci\u00f3\u0142 czci samego Boga za wielkie rzeczy, jakich dokona\u0142 w ludziach, kt\u00f3rzy ufnym i pe\u0142nym zawierzenia sercem w gorliwo\u015bci wiary odpowiedzieli na Jego wezwanie.<\/li>\n<li>Zapraszam do wsp\u00f3lnej modlitwy R\u00f3\u017ca\u0144cowej dzieci, m\u0142odzie\u017c oraz doros\u0142ych. R\u00f3\u017caniec codziennie w poniedzia\u0142ek, \u015brod\u0119, pi\u0105tek i sobot\u0119 przed \u00a0Msz\u0105 \u015bw. o godz. 17.30; we\u00a0 wtorek\u00a0 i czwartek po Mszy \u015bw. o godz. 7.00 . W niedziel\u0119 po Mszy \u015bw. o godz. 11.00.<\/li>\n<li>Przyjmujemy ju\u017c na wypominki na kolejny rok. Wypominki roczne obejmuj\u0105 modlitw\u0119 za zmar\u0142ych w ka\u017cd\u0105 niedziel\u0119 o godz. 10.30, oraz Msze \u015bw. odprawiane przez ca\u0142y rok, w ka\u017cd\u0105 pierwsz\u0105 \u015brod\u0119 miesi\u0105ca. Wypominki jednorazowe s\u0105 modlitw\u0105 odmawian\u0105\u00a0 w <strong>Uroczysto\u015b\u0107 Wszystkich \u015awi\u0119tych <\/strong><strong>1 listopada<\/strong> w czasie procesji na cmentarzu w <strong>Za\u0142ubicach<\/strong> i we <strong>Wspomnienie<\/strong><strong> Wszystkich Wiernych Zmar\u0142ych <\/strong>(Dzie\u0144 Zaduszny) <strong>2 listopada, <\/strong>podczas Mszy \u015bw<strong>. <\/strong>w <strong>Kuligowie<\/strong>. Ogarniaj\u0105c modlitw\u0105 zmar\u0142ych sk\u0142adamy dobrowolne ofiary wpisuj\u0105c imiona i nazwiska zmar\u0142ych. Mo\u017cemy wykorzysta\u0107 kartki wy\u0142o\u017cone na stoliku przy wyj\u015bciu z ko\u015bcio\u0142a. W Uroczysto\u015b\u0107 Wszystkich \u015awi\u0119tych 1 listopada, Msza w. w naszej parafii o godz. <strong>9.00<\/strong>. W tym dniu nie b\u0119dzie Mszy \u015bw. o godz.11.00. <strong>Procesja na cmentarzu w Za\u0142ubicach o godz. 11.00<\/strong>, a po niej <strong>Msza \u015bwi\u0119ta<\/strong> <strong>o godz. 12.00.<\/strong><\/li>\n<li>Wszystkim parafianom, dzia\u0142kowiczom i go\u015bciom \u017cycz\u0119\u00a0 dobrego Duchowego prze\u017cycia niedzieli\u00a0 i\u00a0 b\u0142ogos\u0142awionego tygodnia.<\/li>\n<li>Zach\u0119camy do czytania prasy katolickiej.<\/li>\n<\/ol>\n<p style=\"text-align: center;\"><strong>Intencje Mszalne<\/strong><strong>\u00a017 \u2013 24 Pa\u017adziernik \u00a0\u00a02021r.<\/strong><\/p>\n<p><span style=\"color: #0000ff;\"><strong> Nd.\u00a0 17. X. 2021\u00a0\u00a0\u00a0 <\/strong><\/span><strong><span style=\"color: #0000ff;\">29\u00a0 NIEDZIELA ZWYK\u0141A\u00a0<\/span><br \/>\n<\/strong>g. 9.00\u00a0\u00a0 Int. zam.<br \/>\ng. 11.00 Int. zam.<br \/>\nR\u00f3\u017caniec<br \/>\n<strong>Poniedzia\u0142ek \u00a018. X<br \/>\n<\/strong>g. 17.30\u00a0\u00a0 R\u00f3\u017caniec<br \/>\ng. 18.00 \u00a0\u00a0+ Boles\u0142awa i Jadwig\u0119 Sikor\u00f3w<br \/>\n<strong>Wtorek\u00a0\u00a0\u00a0\u00a0\u00a0\u00a0\u00a0\u00a0\u00a0\u00a0\u00a0\u00a0 <\/strong><strong>19. X<\/strong><strong> \u00a0\u00a0<\/strong>g. \u00a0\u00a07.00 \u00a0\u00a0Int. wolna<br \/>\n<strong>\u015aroda \u00a0\u00a0\u00a0\u00a0\u00a0\u00a0\u00a0\u00a0\u00a0\u00a0\u00a0\u00a0\u00a0\u00a0\u00a0<\/strong><strong>20. X<\/strong><strong><br \/>\n<\/strong>g. 17.30\u00a0\u00a0 R\u00f3\u017caniec<br \/>\ng. 18.00 Int. wolna<br \/>\n<strong>Czwartek\u00a0 \u00a0\u00a0\u00a0\u00a0\u00a0\u00a021. X<\/strong><strong> \u00a0\u00a0\u00a0<\/strong>g.\u00a0 \u00a07.00 \u00a0\u00a0W int. Parafian<br \/>\n<strong>Pi\u0105tek\u00a0\u00a0\u00a0\u00a0\u00a0\u00a0\u00a0 \u00a0\u00a0\u00a0\u00a0\u00a0\u00a022. X<\/strong><strong><br \/>\n<\/strong>g. 17.30\u00a0\u00a0 R\u00f3\u017caniec<br \/>\ng. 18.00 + Jana Przybysz<br \/>\n<strong>Sobota\u00a0\u00a0\u00a0\u00a0\u00a0\u00a0 \u00a0\u00a0\u00a0\u00a0\u00a0\u00a023. X<\/strong><strong><br \/>\n<\/strong>g. 17.00 \u00a0\u00a0O bo\u017ce b\u0142og. i \u0142aski, opiek\u0119 M. Bo\u017cej dla \u0141ukasza w 18 rocz. urodzin<br \/>\ng. 17.30 \u00a0R\u00f3\u017caniec<br \/>\ng. 18.00 + Lucyn\u0119 Buraczewsk\u0105<br \/>\n<span style=\"color: #0000ff;\"><strong>Nd.\u00a0 24. X. 2021\u00a0 \u00a0\u00a0<\/strong><\/span><strong><span style=\"color: #0000ff;\">30 \u00a0NIEDZIELA ZWYK\u0141A<\/span><br \/>\n<\/strong>g. 9.00\u00a0 \u00a0+ Stefana Stadnickiego w 65 rocz. \u015bm.<br \/>\ng. 11.00 \u00a0Int. zam.<br \/>\nR\u00f3\u017caniec<\/p>\n","protected":false},"excerpt":{"rendered":"<p>Dzisiaj obchodzimy \u015awiatowy Dzie\u0144 Misyjny rozpoczynaj\u0105cy Tydzie\u0144 misyjny. Ka\u017cdy z nas na mocy sakramentu Chrztu i Bierzmowania wezwany jest do dawania \u015bwiadectwa staj\u0105c si\u0119 siewc\u0105 Bo\u017cego S\u0142owa. Pami\u0119tajmy w naszych modlitwach o Misjonarzach. Ofiary sk\u0142adane dzi\u015b na tac\u0119 b\u0119d\u0105 przeznaczone na misje. W poniedzia\u0142ek 18 pa\u017adziernika obchodzimy \u015bwi\u0119to \u015bw. \u0141ukasza [&hellip;]<\/p>\n","protected":false},"author":2,"featured_media":0,"comment_status":"closed","ping_status":"closed","sticky":false,"template":"","format":"standard","meta":[],"categories":[2],"tags":[],"_links":{"self":[{"href":"http:\/\/www.parafiakuligow.pl\/index.php\/wp-json\/wp\/v2\/posts\/1753"}],"collection":[{"href":"http:\/\/www.parafiakuligow.pl\/index.php\/wp-json\/wp\/v2\/posts"}],"about":[{"href":"http:\/\/www.parafiakuligow.pl\/index.php\/wp-json\/wp\/v2\/types\/post"}],"author":[{"embeddable":true,"href":"http:\/\/www.parafiakuligow.pl\/index.php\/wp-json\/wp\/v2\/users\/2"}],"replies":[{"embeddable":true,"href":"http:\/\/www.parafiakuligow.pl\/index.php\/wp-json\/wp\/v2\/comments?post=1753"}],"version-history":[{"count":2,"href":"http:\/\/www.parafiakuligow.pl\/index.php\/wp-json\/wp\/v2\/posts\/1753\/revisions"}],"predecessor-version":[{"id":1755,"href":"http:\/\/www.parafiakuligow.pl\/index.php\/wp-json\/wp\/v2\/posts\/1753\/revisions\/1755"}],"wp:attachment":[{"href":"http:\/\/www.parafiakuligow.pl\/index.php\/wp-json\/wp\/v2\/media?parent=1753"}],"wp:term":[{"taxonomy":"category","embeddable":true,"href":"http:\/\/www.parafiakuligow.pl\/index.php\/wp-json\/wp\/v2\/categories?post=1753"},{"taxonomy":"post_tag","embeddable":true,"href":"http:\/\/www.parafiakuligow.pl\/index.php\/wp-json\/wp\/v2\/tags?post=1753"}],"curies":[{"name":"wp","href":"https:\/\/api.w.org\/{rel}","templated":true}]}}