{"id":1748,"date":"2021-10-11T20:37:58","date_gmt":"2021-10-11T18:37:58","guid":{"rendered":"http:\/\/www.parafiakuligow.pl\/?p=1748"},"modified":"2021-10-11T20:48:06","modified_gmt":"2021-10-11T18:48:06","slug":"10-pazdziernik-2021-28-niedziela-zwykla","status":"publish","type":"post","link":"http:\/\/www.parafiakuligow.pl\/index.php\/2021\/10\/11\/10-pazdziernik-2021-28-niedziela-zwykla\/","title":{"rendered":"10 Pa\u017adziernik 2021 &#8211; 28 NIEDZIELA ZWYK\u0141A"},"content":{"rendered":"<ol>\n<li>Obchodzimy dzi\u015b XXI Dzie\u0144 Papieski pod has\u0142em: <strong>\u201e<\/strong><strong>Nie l\u0119kajcie si\u0119\u201d<\/strong>. Po Mszy \u015bw. b\u0119dziemy mieli okazj\u0119 wspom\u00f3c Fundacj\u0119 \u201eDzie\u0142o Nowego Tysi\u0105clecia\u201d sk\u0142adaj\u0105c ofiar\u0119 do puszki.<\/li>\n<li>W pi\u0105tek 15 pa\u017adziernika wspomnienie \u015bw. Teresy od Jezusa, dziewicy i doktora Ko\u015bcio\u0142a; w sobot\u0119 \u015bw. Jadwigi \u015al\u0105skiej.<\/li>\n<li>W tym tygodniu: w \u015brod\u0119 , pi\u0105tek i sobot\u0119 Msze \u015bw. sprawowane b\u0119d\u0105 wyj\u0105tkowo o godz. 7.00. W pozosta\u0142e dni tygodnia bez zmian.<\/li>\n<li>W przysz\u0142\u0105 niedziel\u0119 przypada \u015awiatowy Dzie\u0144 Misyjny. Ofiary sk\u0142adane na tac\u0119 b\u0119d\u0105 przeznaczone na misje.<\/li>\n<li>Przyjmujemy ju\u017c na wypominki na kolejny rok. Wypominki roczne obejmuj\u0105 modlitw\u0119 za zmar\u0142ych w ka\u017cd\u0105 niedziel\u0119 o godz. 10.30, oraz Msze \u015bw. odprawiane przez ca\u0142y rok, w ka\u017cd\u0105 pierwsz\u0105 \u015brod\u0119 miesi\u0105ca. Wypominki jednorazowe s\u0105 modlitw\u0105 odmawian\u0105\u00a0 w <strong>Uroczysto\u015b\u0107 Wszystkich \u015awi\u0119tych <\/strong><strong>1 listopada<\/strong> w czasie procesji na cmentarzu w <strong>Za\u0142ubicach<\/strong> i we <strong>Wspomnienie <\/strong><strong>Wszystkich Wiernych Zmar\u0142ych <\/strong>(Dzie\u0144 Zaduszny) <strong>2 listopada, <\/strong>podczas Mszy \u015bw<strong>. <\/strong>w <strong>Kuligowie<\/strong>. Ogarniaj\u0105c modlitw\u0105 zmar\u0142ych sk\u0142adamy dobrowolne ofiary wpisuj\u0105c imiona i nazwiska zmar\u0142ych. Mo\u017cemy wykorzysta\u0107 kartki wy\u0142o\u017cone na stoliku przy wyj\u015bciu z ko\u015bcio\u0142a. W Uroczysto\u015b\u0107 Wszystkich \u015awi\u0119tych 1 listopada, Msza w. w naszej parafii o godz. <strong>9.00<\/strong>. W tym dniu nie b\u0119dzie Mszy \u015bw. o godz.11.00. <strong>Procesja na cmentarzu w Za\u0142ubicach o godz. 11.00<\/strong>, a po niej <strong>Msza \u015bwi\u0119ta<\/strong> <strong>o godz. 12.00. <\/strong><\/li>\n<li>Solenizantom i solenizantkom tego tygodnia \u017cyczymy opieki \u015bwi\u0119tych patron\u00f3w, Bo\u017cego b\u0142ogos\u0142awie\u0144stwa, zdrowia i mi\u0142o\u015bci od bliskich. Wszystkim za\u015b parafianom, dzia\u0142kowiczom i go\u015bciom \u017cycz\u0119 dobrego duchowego prze\u017cycia niedzieli i b\u0142ogos\u0142awionego tygodnia.<\/li>\n<li>Zach\u0119camy do czytania prasy katolickiej.<\/li>\n<\/ol>\n<p style=\"text-align: center;\"><strong>Intencje Mszalne <\/strong><strong>\u00a010 \u2013 17 Pa\u017adziernik \u00a0\u00a02021r.<\/strong><\/p>\n<p><span style=\"color: #0000ff;\"><strong>Nd.\u00a0 10. X. 2021\u00a0\u00a0\u00a0 <\/strong><\/span><strong><span style=\"color: #0000ff;\">28\u00a0 NIEDZIELA ZWYK\u0141A<\/span><br \/>\n<\/strong>g. 9.00\u00a0\u00a0 Int. zam.<br \/>\ng. 11.00 + Eugeniusza Czerwi\u0144skiego<br \/>\n<strong>Poniedzia\u0142ek \u00a011. X<br \/>\n<\/strong>g. 17.30\u00a0\u00a0 R\u00f3\u017caniec<br \/>\ng. 18.00 \u00a0\u00a0Int. zam.<br \/>\n<strong>Wtorek\u00a0\u00a0\u00a0\u00a0\u00a0\u00a0\u00a0\u00a0\u00a0\u00a0\u00a0\u00a0 <\/strong><strong>12. X<\/strong><strong> \u00a0\u00a0<\/strong>g. \u00a0\u00a07.00 \u00a0\u00a0\u00a0+ Barbar\u0119 Fotek<br \/>\n<strong>\u015aroda \u00a0\u00a0\u00a0\u00a0\u00a0\u00a0\u00a0\u00a0\u00a0\u00a0\u00a0\u00a0\u00a0\u00a0\u00a0<\/strong><strong>13. X<\/strong><strong>\u00a0 \u00a0<\/strong>g. \u00a07.00\u00a0\u00a0 Int. zam.<br \/>\n<strong>Czwartek\u00a0 \u00a0\u00a0\u00a0\u00a0\u00a0\u00a014. X<\/strong><strong> \u00a0\u00a0\u00a0<\/strong>g.\u00a0 7.00 \u00a0\u00a0W int. Parafian<br \/>\n<strong>Pi\u0105tek\u00a0\u00a0\u00a0\u00a0\u00a0\u00a0\u00a0 \u00a0\u00a0\u00a0\u00a0\u00a0\u00a015. X<\/strong><strong>\u00a0 \u00a0\u00a0<\/strong>g. \u00a07.00\u00a0\u00a0 Int. zam.<br \/>\n<strong>Sobota\u00a0\u00a0\u00a0\u00a0\u00a0\u00a0 \u00a0\u00a0\u00a0\u00a0\u00a0\u00a016. X<\/strong><strong>\u00a0 \u00a0<\/strong>\u00a0g.\u00a0 7.00\u00a0 \u00a0Int. zam.<br \/>\n<span style=\"color: #0000ff;\"><strong>Nd.\u00a0 17. X. 2021\u00a0 \u00a0\u00a0<\/strong><\/span><strong><span style=\"color: #0000ff;\">29 \u00a0NIEDZIELA ZWYK\u0141A<\/span><br \/>\n<\/strong>g. 9.00\u00a0 \u00a0Int. zam.<br \/>\ng. 11.00 \u00a0Int. zam.<strong>\u00a0\u00a0\u00a0\u00a0 <\/strong><\/p>\n","protected":false},"excerpt":{"rendered":"<p>Obchodzimy dzi\u015b XXI Dzie\u0144 Papieski pod has\u0142em: \u201eNie l\u0119kajcie si\u0119\u201d. Po Mszy \u015bw. b\u0119dziemy mieli okazj\u0119 wspom\u00f3c Fundacj\u0119 \u201eDzie\u0142o Nowego Tysi\u0105clecia\u201d sk\u0142adaj\u0105c ofiar\u0119 do puszki. W pi\u0105tek 15 pa\u017adziernika wspomnienie \u015bw. Teresy od Jezusa, dziewicy i doktora Ko\u015bcio\u0142a; w sobot\u0119 \u015bw. Jadwigi \u015al\u0105skiej. W tym tygodniu: w \u015brod\u0119 , pi\u0105tek [&hellip;]<\/p>\n","protected":false},"author":2,"featured_media":0,"comment_status":"closed","ping_status":"closed","sticky":false,"template":"","format":"standard","meta":[],"categories":[2],"tags":[],"_links":{"self":[{"href":"http:\/\/www.parafiakuligow.pl\/index.php\/wp-json\/wp\/v2\/posts\/1748"}],"collection":[{"href":"http:\/\/www.parafiakuligow.pl\/index.php\/wp-json\/wp\/v2\/posts"}],"about":[{"href":"http:\/\/www.parafiakuligow.pl\/index.php\/wp-json\/wp\/v2\/types\/post"}],"author":[{"embeddable":true,"href":"http:\/\/www.parafiakuligow.pl\/index.php\/wp-json\/wp\/v2\/users\/2"}],"replies":[{"embeddable":true,"href":"http:\/\/www.parafiakuligow.pl\/index.php\/wp-json\/wp\/v2\/comments?post=1748"}],"version-history":[{"count":4,"href":"http:\/\/www.parafiakuligow.pl\/index.php\/wp-json\/wp\/v2\/posts\/1748\/revisions"}],"predecessor-version":[{"id":1752,"href":"http:\/\/www.parafiakuligow.pl\/index.php\/wp-json\/wp\/v2\/posts\/1748\/revisions\/1752"}],"wp:attachment":[{"href":"http:\/\/www.parafiakuligow.pl\/index.php\/wp-json\/wp\/v2\/media?parent=1748"}],"wp:term":[{"taxonomy":"category","embeddable":true,"href":"http:\/\/www.parafiakuligow.pl\/index.php\/wp-json\/wp\/v2\/categories?post=1748"},{"taxonomy":"post_tag","embeddable":true,"href":"http:\/\/www.parafiakuligow.pl\/index.php\/wp-json\/wp\/v2\/tags?post=1748"}],"curies":[{"name":"wp","href":"https:\/\/api.w.org\/{rel}","templated":true}]}}