{"id":1733,"date":"2021-09-24T23:39:49","date_gmt":"2021-09-24T21:39:49","guid":{"rendered":"http:\/\/www.parafiakuligow.pl\/?p=1733"},"modified":"2021-09-24T23:46:24","modified_gmt":"2021-09-24T21:46:24","slug":"19-wrzesien-2021","status":"publish","type":"post","link":"http:\/\/www.parafiakuligow.pl\/index.php\/2021\/09\/24\/19-wrzesien-2021\/","title":{"rendered":"19  Wrzesie\u0144  2021 &#8211; 25  NIEDZIELA ZWYK\u0141A"},"content":{"rendered":"<ol>\n<li>\u201e Tato &#8211; b\u0105d\u017a, prowad\u017a, chro\u0144\u201d, to has\u0142o tegorocznego Marszu dla \u017bycia i Rodziny, kt\u00f3re odb\u0119dzie si\u0119 w dniu dzisiejszym 19 wrze\u015bnia w Warszawie. Inicjatorem oraz organizatorem Marszu jest Centrum \u017bycia i\u00a0Rodziny oraz Chrze\u015bcija\u0144ski Kongres Spo\u0142eczny. W tym roku po raz szesnasty o godz. 11.30 z warszawskiego Placu Zamkowego wyruszy w kierunku Bazyliki \u015bw. Krzy\u017ca Marsz \u017bycia i Rodziny, aby zamanifestowa\u0107 poparcie dla tradycyjnego rozumienia rodziny, ochrony \u017cycia od pocz\u0119cia do naturalnej \u015bmierci oraz budowaniu wsp\u00f3lnoty kochaj\u0105cej \u017cycie i rodzin\u0119.<\/li>\n<li>We wtorek 21 wrze\u015bnia przypada \u015bwi\u0119to \u015bw. Mateusza, Aposto\u0142a i Ewangelisty.<\/li>\n<li>Serdecznie dzi\u0119kuj\u0119 tym wszystkim parafianom i go\u015bciom, kt\u00f3rzy dotychczas zasilili nasz fundusz przeznaczony na sprz\u0105tanie i dekoracj\u0119 Ko\u015bcio\u0142a. Przypominam i zach\u0119cam te rodziny i osoby, kt\u00f3re jeszcze tego nie uczyni\u0142y,\u00a0 a kt\u00f3rych sytuacja materialna na to pozwala, aby sk\u0142ada\u0142y zdeklarowan\u0105 kwot\u0119.<\/li>\n<li>Diecezjalne Duszpasterstwo S\u0142u\u017cby Zdrowia zaprasza na IV Dzie\u0144 Seniora i Chorego, kt\u00f3ry odb\u0119dzie si\u0119 25 wrze\u015bnia w Sanktuarium \u015bw. Ojca Pio w Warszawie przy ul. Fieldorfa 1 o godz. 10.30.<\/li>\n<li>W najbli\u017csz\u0105 niedziel\u0119 26 wrze\u015bnia przyb\u0119dzie z wizytacj\u0105 kanoniczn\u0105 do naszej parafii Ordynariusz naszej diecezji ks. Bp Romuald Kami\u0144ski. Podczas Mszy \u015bw. o godz. 9.00 uroczyste\u00a0 wprowadzenie w znaku relikwii \u015bw. Siostry Faustyny Kowalskiej, kt\u00f3re od tego dnia b\u0119d\u0105 przechowywane w parafii. Oddaj\u0105c cze\u015b\u0107 relikwiom \u015bwi\u0119tych i b\u0142ogos\u0142awionych Ko\u015bci\u00f3\u0142 czci samego Boga za wielkie rzeczy, jakich dokona\u0142 w ludziach, kt\u00f3rzy ufnym i pe\u0142nym zawierzenia sercem w gorliwo\u015bci wiary odpowiedzieli na Jego wezwanie. Po Mszy \u015bw. spotkanie<\/li>\n<li>Biskupa z przedstawicielami Rady parafialnej w domu parafialnym. Wszystkich cz\u0142onk\u00f3w Rady Parafialnej serdecznie zapraszam. Przygotowuj\u0105c si\u0119 do tego spotkania do\u0142\u0105czmy do naszych modlitw osob\u0119 ks. Biskupa prosz\u0105c Boga o \u0142aski i b\u0142ogos\u0142awie\u0144stwo w dalszej pos\u0142udze dla naszej diecezji.<\/li>\n<li>Od pa\u017adziernika tak, jak w latach poprzednich zmieni si\u0119 organizacja S\u0142u\u017cby Bo\u017cej w naszej parafii. W niedziel\u0119 pozostan\u0105 dwie Msze \u015bw. o godz. 9.00 i 11.00. W dni powszednie Msza \u015bw. wieczorna b\u0119dzie odprawiana o godzin\u0119 wcze\u015bniej tzn. nie o 19.00, ale o godz. 18.00. We wtorki i czwartki Msza \u015bw. b\u0119dzie odprawiana o godz. 7.00.<\/li>\n<li>Zbi\u00f3rka do puszek na pomoc dla uchod\u017ac\u00f3w z Afganistanu w \u015awiatowy Dzie\u0144 Migranta i Uchod\u017acy w niedziel\u0119 26 wrze\u015bnia po ka\u017cdej Mszy \u015bw. Modlitw\u0105 i ofiar\u0105 pragniemy wesprze\u0107 cierpi\u0105cy lud Afganistanu.<\/li>\n<\/ol>\n<p style=\"text-align: center;\"><strong>Intencje Mszalne <\/strong><strong>\u00a019 &#8211; 26 \u00a0Wrzesie\u0144 \u00a0\u00a02021r.<\/strong><\/p>\n<p><span style=\"color: #0000ff;\"><strong> Nd.\u00a0 19. IX. 2021\u00a0\u00a0\u00a0 <\/strong><\/span><strong><span style=\"color: #0000ff;\">25\u00a0 NIEDZIELA ZWYK\u0141A<\/span><br \/>\n<\/strong>g. 9.00\u00a0\u00a0 + Stanis\u0142awa Hys\u00a0\u00a0 28 gr.<br \/>\ng. 11.00 + Ann\u0119 Firlej w 6 rocz. \u015bm.; J\u00f3zefa i Krystyn\u0119 Firlej<br \/>\n<strong>Pn.\u00a0 20. IX \u00a0\u00a0<\/strong>g. 19.00 \u00a0\u00a0+ Stanis\u0142awa Hys\u00a0 29 gr.<br \/>\n<strong>Wt.\u00a0 21. IX \u00a0\u00a0\u00a0<\/strong>g. \u00a0\u00a07.00 \u00a0\u00a0\u00a0+ Stanis\u0142awa Hys\u00a0 30 gr.<br \/>\n<strong>\u015ar. \u00a022. IX\u00a0 \u00a0<\/strong>g. 19.00\u00a0\u00a0 Int. zam.<br \/>\n<strong>Czw. 23. IX \u00a0\u00a0<\/strong>g.\u00a0\u00a0 7.00 \u00a0\u00a0Int. wolna<br \/>\n<strong>Pt. 24. IX\u00a0 \u00a0<\/strong>g. 19.00\u00a0\u00a0 + Lucyn\u0119 Buraczewsk\u0105<br \/>\n<strong>Sob. 25. IX<br \/>\n<\/strong>g. 17.00\u00a0\u00a0\u00a0 \u015alub: Marcin R i Ma\u0142gorzata \u015a<br \/>\ng. 19.00 Int. zam.<br \/>\n<span style=\"color: #0000ff;\"><strong>Nd.\u00a0 26. IX. 2021\u00a0 \u00a0\u00a0<\/strong><\/span><strong><span style=\"color: #0000ff;\">26 \u00a0NIEDZIELA ZWYK\u0141A<\/span><br \/>\n<\/strong>g. 9.00\u00a0 \u00a0Int. zam.<br \/>\ng. 11.00 \u00a0+ Wac\u0142awa i Aniel\u0119 Ga\u0142eckich<\/p>\n","protected":false},"excerpt":{"rendered":"<p>\u201e Tato &#8211; b\u0105d\u017a, prowad\u017a, chro\u0144\u201d, to has\u0142o tegorocznego Marszu dla \u017bycia i Rodziny, kt\u00f3re odb\u0119dzie si\u0119 w dniu dzisiejszym 19 wrze\u015bnia w Warszawie. Inicjatorem oraz organizatorem Marszu jest Centrum \u017bycia i\u00a0Rodziny oraz Chrze\u015bcija\u0144ski Kongres Spo\u0142eczny. W tym roku po raz szesnasty o godz. 11.30 z warszawskiego Placu Zamkowego wyruszy [&hellip;]<\/p>\n","protected":false},"author":2,"featured_media":0,"comment_status":"closed","ping_status":"closed","sticky":false,"template":"","format":"standard","meta":[],"categories":[2],"tags":[],"_links":{"self":[{"href":"http:\/\/www.parafiakuligow.pl\/index.php\/wp-json\/wp\/v2\/posts\/1733"}],"collection":[{"href":"http:\/\/www.parafiakuligow.pl\/index.php\/wp-json\/wp\/v2\/posts"}],"about":[{"href":"http:\/\/www.parafiakuligow.pl\/index.php\/wp-json\/wp\/v2\/types\/post"}],"author":[{"embeddable":true,"href":"http:\/\/www.parafiakuligow.pl\/index.php\/wp-json\/wp\/v2\/users\/2"}],"replies":[{"embeddable":true,"href":"http:\/\/www.parafiakuligow.pl\/index.php\/wp-json\/wp\/v2\/comments?post=1733"}],"version-history":[{"count":4,"href":"http:\/\/www.parafiakuligow.pl\/index.php\/wp-json\/wp\/v2\/posts\/1733\/revisions"}],"predecessor-version":[{"id":1737,"href":"http:\/\/www.parafiakuligow.pl\/index.php\/wp-json\/wp\/v2\/posts\/1733\/revisions\/1737"}],"wp:attachment":[{"href":"http:\/\/www.parafiakuligow.pl\/index.php\/wp-json\/wp\/v2\/media?parent=1733"}],"wp:term":[{"taxonomy":"category","embeddable":true,"href":"http:\/\/www.parafiakuligow.pl\/index.php\/wp-json\/wp\/v2\/categories?post=1733"},{"taxonomy":"post_tag","embeddable":true,"href":"http:\/\/www.parafiakuligow.pl\/index.php\/wp-json\/wp\/v2\/tags?post=1733"}],"curies":[{"name":"wp","href":"https:\/\/api.w.org\/{rel}","templated":true}]}}