{"id":173,"date":"2015-08-29T21:27:29","date_gmt":"2015-08-29T19:27:29","guid":{"rendered":"http:\/\/www.parafiakuligow.pl\/?p=173"},"modified":"2015-08-29T21:27:29","modified_gmt":"2015-08-29T19:27:29","slug":"30-sierpien-2015-r-xxii-niedziela-zwykla","status":"publish","type":"post","link":"http:\/\/www.parafiakuligow.pl\/index.php\/2015\/08\/29\/30-sierpien-2015-r-xxii-niedziela-zwykla\/","title":{"rendered":"30 sierpie\u0144 2015 r.  XXII niedziela zwyk\u0142a"},"content":{"rendered":"<ol>\n<li>W minion\u0105 niedziel\u0119 prze\u017cywali\u015bmy Uroczysto\u015b\u0107 Konsekracji naszej \u015awi\u0105tyni. Sk\u0142adam serdeczne podzi\u0119kowania wszystkim, kt\u00f3rzy przyczynili si\u0119 do tego, \u017ce mog\u0142a by\u0107 tak okaza\u0142a. Dzi\u0119kuj\u0119 parafii \u015bw. Izydora w Markach za u\u017cyczenie pi\u0119knych szat liturgicznych. Dzi\u0119kuj\u0119 pa\u0144stwu Barbarze i Wojciechowi Urmanowskim \u00a0za bezp\u0142atne udost\u0119pnienie i przygotowanie Skansenu na przyj\u0119cie go\u015bci. Dzi\u0119kuj\u0119 pa\u0144stwu Janinie i Jackowi Paczkowskim za ofiarowanie ciasta na przyko\u015bcielny piknik. Bardzo serdecznie dzi\u0119kuj\u0119 paniom z Towarzystwa Gospody\u0144 Wiejskich Nadbu\u017canki oraz naszej Ochotniczej Stra\u017cy Po\u017carnej za pi\u0119kne przygotowanie i prowadzenie pikniku. Dzi\u0119kuj\u0119 tym, kt\u00f3rzy ofiarowali nowy obrus, kwiaty, napoje. Serdecznie dzi\u0119kuj\u0119 ca\u0142ej Radzie Parafialnej i wszystkim kt\u00f3rzy z\u0142o\u017cyli materialne ofiary. Zebrano 3543 z\u0142ote. Dzi\u0119kuj\u0119 tak\u017ce tym, kt\u00f3rzy w intencji konsekracji osobi\u015bcie si\u0119 modlili i ofiarowali swoje cierpienia. B\u00f3g zap\u0142a\u0107 wszystkim !<\/li>\n<\/ol>\n<ol start=\"2\">\n<li>Dzi\u015b na Mszy \u015bw. o godz. 9.00 po\u015bwiecenie wie\u0144ca do\u017cynkowego wykonanego przez Towarzystwo Gospody\u0144 Wiejskich Nadbu\u017canki. Wieniec ten b\u0119dzie reprezentowa\u0142 Kulig\u00f3w na powiatowych Diecezjalno-Powiatowo-Gminnych Do\u017cynkach w Klembowie.<\/li>\n<\/ol>\n<ol start=\"3\">\n<li>We wtorek 1 wrze\u015bnia rozpocz\u0119cie nowego roku szkolnego. Warto rozpocz\u0105\u0107 czas nauki w stanie \u0142aski u\u015bwi\u0119caj\u0105cej. Msza \u015bw. w intencji wszystkich nauczycieli i uczni\u00f3w poprzedzona mo\u017cliwo\u015bci\u0105 skorzystania ze spowiedzi w pi\u0105tek 4 wrze\u015bnia o godz. 19.00. Spowied\u017a w pierwszy pi\u0105tek miesi\u0105ca od godz. 18.00. Po\u015bwi\u0119cenie przybor\u00f3w szkolnych nast\u0105pi w najbli\u017csz\u0105 niedziel\u0119 6 wrze\u015bnia na Mszy \u015bw. o godz. 9.00.<\/li>\n<\/ol>\n<ol start=\"4\">\n<li>Za tydzie\u0144 tak\u017ce w niedziel\u0119 po Mszy \u015bw. o godz. 11.00 z racji I niedzieli miesi\u0105ca wystawienie Naj\u015bwi\u0119tszego Sakramentu i Adoracja Eucharystyczna.<\/li>\n<\/ol>\n<ol start=\"5\">\n<li>W najbli\u017csz\u0105 sobot\u0119 5 wrze\u015bnia Wyruszy nasza Tradycyjna Procesja do Krzy\u017cy. Pocz\u0105tek o godz. 17.00 na skraju Kuligowa od strony Za\u0142ubic. Zako\u0144czenie Msz\u0105 \u015bw. w ko\u015bciele. Serdecznie zapraszamy wszystkich parafian i go\u015bci.<\/li>\n<\/ol>\n<ol start=\"6\">\n<li>Intencje mszalne w tym tygodniu<br \/>\npn\u00a0\u00a0\u00a0\u00a0 31.08 \u00a0g. 19.00 \u00a0 rez. p. M. Za\u0142\u0119ska<br \/>\nwt\u00a0\u00a0\u00a0\u00a0 1.09 \u00a0 \u00a0g. 19.00 \u00a0 + Bronis\u0142awy i Eugeniusza Lidtke<br \/>\n\u015br\u00a0\u00a0\u00a0\u00a0\u00a0 2.09 \u00a0 g. \u00a019.00 \u00a0+ za zmar\u0142ych poleconych w wypominkach<br \/>\nczw\u00a0 \u00a03.09\u00a0 g. \u00a07.00 \u00a0 \u00a0wolna<br \/>\npt \u00a0 \u00a0 \u00a04.09 \u00a0g. 19.00 \u00a0 wolna<br \/>\nsob \u00a0 5.09 \u00a0\u00a0g. 17.00 \u00a0 Procesja do Krzy\u017cy<br \/>\ng.19.00\u00a0\u00a0 + Stanis\u0142awy i Henryka Kuligowskich<br \/>\nndz \u00a0\u00a0\u00a06.09 \u00a0g. 9.00 \u00a0 \u00a0+ Stanis\u0142awa Jusi\u0144skiego<br \/>\ng. \u00a011.00 \u00a0rez. p. M. M\u0142oduchowska<br \/>\ng. 13.00 \u00a0Msza \u015bwi\u0119ta chrzcielna<br \/>\ng \u00a015.00 \u00a0rez. p. Ga\u0142ecka<\/li>\n<\/ol>\n<p>Naszym parafianom i go\u015bciom odpoczywaj\u0105cym w Kuligowie \u017cyczymy mi\u0142ej niedzieli, dobrego odpoczynku i b\u0142ogos\u0142awionego tygodnia !<\/p>\n<p>Parafia Matki Bo\u017cej Loreta\u0144skiej<br \/>\nul. Ko\u015bcielna 2<br \/>\n05-254 Kulig\u00f3w<br \/>\nProboszcz ks. Zbigniew Kloch<br \/>\ntel: 29-758-00-30<br \/>\nmail: kancelaria@parafiakuligow.pl<\/p>\n","protected":false},"excerpt":{"rendered":"<p>W minion\u0105 niedziel\u0119 prze\u017cywali\u015bmy Uroczysto\u015b\u0107 Konsekracji naszej \u015awi\u0105tyni. Sk\u0142adam serdeczne podzi\u0119kowania wszystkim, kt\u00f3rzy przyczynili si\u0119 do tego, \u017ce mog\u0142a by\u0107 tak okaza\u0142a. Dzi\u0119kuj\u0119 parafii \u015bw. Izydora w Markach za u\u017cyczenie pi\u0119knych szat liturgicznych. Dzi\u0119kuj\u0119 pa\u0144stwu Barbarze i Wojciechowi Urmanowskim \u00a0za bezp\u0142atne udost\u0119pnienie i przygotowanie Skansenu na przyj\u0119cie go\u015bci. Dzi\u0119kuj\u0119 pa\u0144stwu [&hellip;]<\/p>\n","protected":false},"author":1,"featured_media":0,"comment_status":"closed","ping_status":"open","sticky":false,"template":"","format":"standard","meta":[],"categories":[2],"tags":[],"_links":{"self":[{"href":"http:\/\/www.parafiakuligow.pl\/index.php\/wp-json\/wp\/v2\/posts\/173"}],"collection":[{"href":"http:\/\/www.parafiakuligow.pl\/index.php\/wp-json\/wp\/v2\/posts"}],"about":[{"href":"http:\/\/www.parafiakuligow.pl\/index.php\/wp-json\/wp\/v2\/types\/post"}],"author":[{"embeddable":true,"href":"http:\/\/www.parafiakuligow.pl\/index.php\/wp-json\/wp\/v2\/users\/1"}],"replies":[{"embeddable":true,"href":"http:\/\/www.parafiakuligow.pl\/index.php\/wp-json\/wp\/v2\/comments?post=173"}],"version-history":[{"count":1,"href":"http:\/\/www.parafiakuligow.pl\/index.php\/wp-json\/wp\/v2\/posts\/173\/revisions"}],"predecessor-version":[{"id":174,"href":"http:\/\/www.parafiakuligow.pl\/index.php\/wp-json\/wp\/v2\/posts\/173\/revisions\/174"}],"wp:attachment":[{"href":"http:\/\/www.parafiakuligow.pl\/index.php\/wp-json\/wp\/v2\/media?parent=173"}],"wp:term":[{"taxonomy":"category","embeddable":true,"href":"http:\/\/www.parafiakuligow.pl\/index.php\/wp-json\/wp\/v2\/categories?post=173"},{"taxonomy":"post_tag","embeddable":true,"href":"http:\/\/www.parafiakuligow.pl\/index.php\/wp-json\/wp\/v2\/tags?post=173"}],"curies":[{"name":"wp","href":"https:\/\/api.w.org\/{rel}","templated":true}]}}