{"id":1716,"date":"2021-08-22T11:30:41","date_gmt":"2021-08-22T09:30:41","guid":{"rendered":"http:\/\/www.parafiakuligow.pl\/?p=1716"},"modified":"2021-08-22T21:03:50","modified_gmt":"2021-08-22T19:03:50","slug":"22-sierpien-2021-21-niedziela-zwykla-odpust","status":"publish","type":"post","link":"http:\/\/www.parafiakuligow.pl\/index.php\/2021\/08\/22\/22-sierpien-2021-21-niedziela-zwykla-odpust\/","title":{"rendered":"22 Sierpie\u0144 2021 &#8211; 21  NIEDZIELA ZWYK\u0141A  \/ ODPUST \/"},"content":{"rendered":"<ol>\n<li>Dzisiaj w naszej parafii obchodzimy odpust ku czci Matki Bo\u017cej Loreta\u0144skiej. Sum\u0119 odpustow\u0105 o godz.12.30 odprawi i kazanie wyg\u0142osi ks. Andrzej Kinal ze Zgromadzenia Ksi\u0119\u017cy \u015awi\u0119tej Rodziny. Po Mszy \u015bw. Litania do Matki Bo\u017cej Loreta\u0144skiej i procesja eucharystyczna. Na zako\u0144czenie przed b\u0142ogos\u0142awie\u0144stwem za\u015bpiewamy hymn \u201e Ciebie Boga wys\u0142awiamy\u2026\u201d. Do wsp\u00f3lnej modlitwy i orszaku procesyjnego zapraszam ministrant\u00f3w, bielanki, dzieci, m\u0142odzie\u017c, OSP \u2013 Kulig\u00f3w, parafian i go\u015bci. Pragniemy w spos\u00f3b szczeg\u00f3lny prze\u017cy\u0107 ten czas w \u0142\u0105czno\u015bci z Bogiem na Eucharystii, do\u015bwiadczaj\u0105c Jego mi\u0142osierdzia. Nie b\u0119dzie Mszy \u015bw. o godz. 11.00 i 13.00.<\/li>\n<li>We wtorek 24 sierpnia\u00a0 przypada \u015awi\u0119to \u015bw. Bart\u0142omieja, Aposto\u0142a; w czwartek 26 sierpnia Uroczysto\u015b\u0107 NMP Cz\u0119stochowskiej. Msza \u015bw. o godz. 19.00. W sobot\u0119 28 sierpnia wspomnienie \u015bw. Augustyna, biskupa i doktora Kocio\u0142a.<\/li>\n<li>Doroczna, dzi\u0119kczynna procesja do Krzy\u017cy w Kuligowie odb\u0119dzie si\u0119 w sobot\u0119 28 sierpnia o godz. 16.00. Pocz\u0105tek procesji przy krzy\u017cu (ul. Wojska Polskiego przy posesji nr 111).\u00a0 Po procesji Msza \u015bw. z godz. 19.00. Tradycyjnie zatroszczmy si\u0119 o odnowienie i dekoracj\u0119 naszych krzy\u017cy. Wyrazimy w ten spos\u00f3b nasze \u015bwiadectwo wiary. Zapraszamy do wsp\u00f3lnej modlitwy.<\/li>\n<li>Ze wzgl\u0119du na ko\u0144cz\u0105cy si\u0119 czas wakacji i urlop\u00f3w zmienia si\u0119 organizacja s\u0142u\u017cby Bo\u017cej w naszym ko\u015bciele w niedziele. Od niedzieli 5 wrze\u015bnia nie b\u0119dzie ju\u017c dodatkowej Mszy \u015bw. o godz. 13.00 tylko o godz. 9.00 i 11.00.<\/li>\n<li>Tegoroczne Diecezjalno-Powiatowo-Gminne Do\u017cynki b\u0119dziemy obchodzili w parafii p\/w \u015bw. Jana Chrzciciela i \u015bw. Wojciecha B.M. Po\u015bwi\u0119tne 29 sierpnia br. Uroczyst\u0105 Msz\u0105 \u015bw. o godz. 12.00 podzi\u0119kujemy Bogu za tegoroczne zbiory i prac\u0119 rolnik\u00f3w. Szczeg\u00f3\u0142owy program na stronie internetowej naszej diecezji.<\/li>\n<li>Wszystkim naszym parafianom i go\u015bciom odpoczywaj\u0105cym w Kuligowie \u017cycz\u0119 dobrej niedzieli oraz\u00a0 b\u0142ogos\u0142awionego tygodnia.<\/li>\n<li>Zach\u0119camy do czytania prasy katolickiej.<\/li>\n<\/ol>\n<p style=\"text-align: center;\"><strong>Intencje Mszalne<\/strong><strong>\u00a022 \u2013 29 \u00a0Sierpie\u0144 \u00a02021r.<\/strong><\/p>\n<p><span style=\"color: #3366ff;\"><span style=\"color: #0000ff;\"><strong>Nd.\u00a0 22. VIII. 2021\u00a0\u00a0\u00a0 <\/strong><\/span><strong><span style=\"color: #0000ff;\">21\u00a0 NIEDZIELA ZWYK\u0141A\u00a0 \/ ODPUST \/<\/span><br \/>\n<\/strong><\/span>g. 9.00\u00a0 Int. zam.<br \/>\ng. 12.30 W int. Parafian\u00a0 \/ Suma odpustowa \/<br \/>\n<strong>Pn.\u00a0 23. VIII<br \/>\n<\/strong>g. 18.30 \u00a0\u00a0+ Stanis\u0142awa Hys\u00a0 1gr.<br \/>\ng. 19.00\u00a0\u00a0 + Lucyn\u0119 Buraczewsk\u0105<br \/>\n<strong>Wt.\u00a0 24. VIII \u00a0\u00a0\u00a0<\/strong>g. \u00a0\u00a07.00 \u00a0\u00a0\u00a0\u00a0+ Stanis\u0142awa Hys\u00a0 2 gr.<br \/>\n<strong>\u015ar. \u00a025. VIII\u00a0 \u00a0<\/strong>g. 19.00\u00a0\u00a0 + Stanis\u0142awa Hys\u00a0 3 gr.<br \/>\n<strong>Czw. 26. VIII \u00a0\u00a0<\/strong>g.\u00a0 19.00 \u00a0\u00a0\u00a0+ Stanis\u0142awa Hys\u00a0 4 gr.<br \/>\n<strong><sub>\u00a0<\/sub><\/strong><strong>Pt. 27. VIII<br \/>\n<\/strong>g. 18.00\u00a0\u00a0 O Bo\u017ce B\u0142og. i \u0142aski, opiek\u0119 Matki Bo\u017cej dla Adriana w 18 rocz. urodzin<br \/>\ng. 19.00 \u00a0+ Stanis\u0142awa Hys\u00a0 5 gr.<br \/>\n<strong>Sob. 28. VIII<br \/>\n<\/strong>g. \u00a0\u00a07.00\u00a0\u00a0\u00a0 + Stanis\u0142awa Hys\u00a0 6 gr.<br \/>\ng. 16.00 Procesja do krzy\u017cy<br \/>\ng. 19.00 + Jana Staszkiewicza<br \/>\n<span style=\"color: #0000ff;\"><strong>Nd.\u00a0 29. VIII. 2021\u00a0 \u00a0\u00a0<\/strong><\/span><strong><span style=\"color: #0000ff;\">22 \u00a0NIEDZIELA ZWYK\u0141A<\/span><br \/>\n<\/strong>g. 9.00\u00a0 \u00a0Int. zam.<br \/>\ng. 11.00 \u00a0+ Sebastiana Bu\u015bko<br \/>\ng. 13.00 + Stanis\u0142awa Hys\u00a0 7 gr.<\/p>\n","protected":false},"excerpt":{"rendered":"<p>Dzisiaj w naszej parafii obchodzimy odpust ku czci Matki Bo\u017cej Loreta\u0144skiej. Sum\u0119 odpustow\u0105 o godz.12.30 odprawi i kazanie wyg\u0142osi ks. Andrzej Kinal ze Zgromadzenia Ksi\u0119\u017cy \u015awi\u0119tej Rodziny. Po Mszy \u015bw. Litania do Matki Bo\u017cej Loreta\u0144skiej i procesja eucharystyczna. Na zako\u0144czenie przed b\u0142ogos\u0142awie\u0144stwem za\u015bpiewamy hymn \u201e Ciebie Boga wys\u0142awiamy\u2026\u201d. Do wsp\u00f3lnej [&hellip;]<\/p>\n","protected":false},"author":2,"featured_media":0,"comment_status":"closed","ping_status":"closed","sticky":false,"template":"","format":"standard","meta":[],"categories":[2],"tags":[],"_links":{"self":[{"href":"http:\/\/www.parafiakuligow.pl\/index.php\/wp-json\/wp\/v2\/posts\/1716"}],"collection":[{"href":"http:\/\/www.parafiakuligow.pl\/index.php\/wp-json\/wp\/v2\/posts"}],"about":[{"href":"http:\/\/www.parafiakuligow.pl\/index.php\/wp-json\/wp\/v2\/types\/post"}],"author":[{"embeddable":true,"href":"http:\/\/www.parafiakuligow.pl\/index.php\/wp-json\/wp\/v2\/users\/2"}],"replies":[{"embeddable":true,"href":"http:\/\/www.parafiakuligow.pl\/index.php\/wp-json\/wp\/v2\/comments?post=1716"}],"version-history":[{"count":4,"href":"http:\/\/www.parafiakuligow.pl\/index.php\/wp-json\/wp\/v2\/posts\/1716\/revisions"}],"predecessor-version":[{"id":1721,"href":"http:\/\/www.parafiakuligow.pl\/index.php\/wp-json\/wp\/v2\/posts\/1716\/revisions\/1721"}],"wp:attachment":[{"href":"http:\/\/www.parafiakuligow.pl\/index.php\/wp-json\/wp\/v2\/media?parent=1716"}],"wp:term":[{"taxonomy":"category","embeddable":true,"href":"http:\/\/www.parafiakuligow.pl\/index.php\/wp-json\/wp\/v2\/categories?post=1716"},{"taxonomy":"post_tag","embeddable":true,"href":"http:\/\/www.parafiakuligow.pl\/index.php\/wp-json\/wp\/v2\/tags?post=1716"}],"curies":[{"name":"wp","href":"https:\/\/api.w.org\/{rel}","templated":true}]}}