{"id":1710,"date":"2021-08-19T23:43:14","date_gmt":"2021-08-19T21:43:14","guid":{"rendered":"http:\/\/www.parafiakuligow.pl\/?p=1710"},"modified":"2021-08-22T11:31:04","modified_gmt":"2021-08-22T09:31:04","slug":"15-sierpien-2021-uroczystosc-wniebowziecie-najswietszej-maryi-panny-matki-bozej-zwycieskiej-glownej-patronki-diecezji-warszawsko-praskiej","status":"publish","type":"post","link":"http:\/\/www.parafiakuligow.pl\/index.php\/2021\/08\/19\/15-sierpien-2021-uroczystosc-wniebowziecie-najswietszej-maryi-panny-matki-bozej-zwycieskiej-glownej-patronki-diecezji-warszawsko-praskiej\/","title":{"rendered":"15  Sierpie\u0144  2021 &#8211; UROCZYSTO\u015a\u0106        WNIEBOWZI\u0118CIE NAJ\u015aWI\u0118TSZEJ MARYI PANNY,  MATKI BO\u017bEJ ZWYCI\u0118SKIEJ,  g\u0142\u00f3wnej Patronki diecezji warszawsko &#8211; praskiej"},"content":{"rendered":"<ol>\n<li>Dzi\u015b przypada Uroczysto\u015b\u0107 Wniebowzi\u0119cia NM Panny, Matki Bo\u017cej Zwyci\u0119skiej Patronki diecezji i 101 rocznica Bitwy Warszawskiej w 1920 roku. Na ka\u017cdej Mszy \u015bw. b\u0142ogos\u0142awie\u0144stwo zi\u00f3\u0142 i kwiat\u00f3w. W Konkatedrze \u2013 Sanktuarium Matki Bo\u017cej Zwyci\u0119skiej na Kamionku w Warszawie, uroczysto\u015b\u0107 ku czci Patronki Diecezji. Udziela si\u0119 odpustu zupe\u0142nego wiernym , kt\u00f3rzy nawiedz\u0105 Konkatedr\u0119 i tam pobo\u017cnie odm\u00f3wi\u0105 modlitwy: Ojcze nasz i Wierz\u0119.<\/li>\n<li>We wtorek 17 sierpnia wspominamy \u015bw. Jacka , prezbitera, a w pi\u0105tek \u015bw. Bernarda, opata i doktora Ko\u015bcio\u0142a.<\/li>\n<li>W sobot\u0119 21 sierpnia odb\u0119dzie si\u0119 organizowana przez nasz\u0105 Gmin\u0119 impreza plenerowa \u201e Husarzy \u015amierci &#8211; Policjanci w Bitwie Warszawskiej1920 roku pod\u00a0 honorowym patronatem Ministra Spraw Wewn\u0119trznych i Administracji. To wydarzenie rozpocznie si\u0119 w naszym Ko\u015bciele o godz. 15.00\u00a0 Msz\u0105 \u015bw. w intencji Ojczyzny i\u00a0 jej Obro\u0144c\u00f3w.<\/li>\n<li>W przysz\u0142\u0105 niedziel\u0119 22 sierpnia w naszej parafii b\u0119dziemy prze\u017cywa\u0107 uroczysto\u015b\u0107 odpustow\u0105. Sum\u0119 odpustow\u0105 o godz.12.30 odprawi i kazanie wyg\u0142osi ks. Andrzej Kinal ze Zgromadzenia Ksi\u0119\u017cy \u015awi\u0119tej Rodziny. Po Mszy \u015bw. procesja. Do orszaku procesyjnego zapraszam ministrant\u00f3w, bielanki, dzieci, m\u0142odzie\u017c, OSP \u2013 Kulig\u00f3w, parafian i go\u015bci. Pragniemy w spos\u00f3b szczeg\u00f3lny prze\u017cy\u0107 ten czas w \u0142\u0105czno\u015bci z Bogiem na Eucharystii, do\u015bwiadczaj\u0105c Jego mi\u0142osierdzia. W tym dniu nie b\u0119dzie Mszy \u015bw. o godz. 11.00 i 13.00.<\/li>\n<li>Doroczna, dzi\u0119kczynna procesja do Krzy\u017cy w Kuligowie odb\u0119dzie si\u0119 w sobot\u0119 28 sierpnia o godz. 16.00. Po procesji Msza \u015bw. Tradycyjnie zatroszczmy si\u0119 o odnowienie i dekoracj\u0119 naszych krzy\u017cy. Wyrazimy w ten spos\u00f3b nasze \u015bwiadectwo wiary. Po procesji Msza \u015bw. Zapraszamy do wsp\u00f3lnej modlitwy.<\/li>\n<li>Wszystkim naszym parafianom i go\u015bciom odpoczywaj\u0105cym w Kuligowie \u017cycz\u0119 dobrej niedzieli oraz\u00a0 b\u0142ogos\u0142awionego tygodnia.<\/li>\n<li>Zach\u0119camy do czytania prasy katolickiej.<\/li>\n<\/ol>\n<p>&nbsp;<\/p>\n<p style=\"text-align: center;\"><strong>Intencje Mszalne\u00a0 <\/strong><strong>15 \u2013 22 Sierpie\u0144 \u00a02021r.<\/strong><\/p>\n<p><span style=\"color: #0000ff;\"><strong>Nd.\u00a0 15. VIII. 2021\u00a0\u00a0 <\/strong><strong>WNIEBOWZI\u0118CIE NAJ\u015aWI\u0118TSZEJ MARYI PANNY,\u00a0<\/strong><strong> MATKI BO\u017bEJ ZWYCI\u0118SKIEJ, g\u0142\u00f3wnej Patronki <\/strong><\/span><strong><span style=\"color: #0000ff;\">Diecezji warszawsko \u2013 praskiej, <\/span><em><span style=\"color: #0000ff;\">uroczysto\u015b\u0107<\/span><br \/>\n<\/em><\/strong>g. 9.00\u00a0 Int. zam.<br \/>\ng. 11.00 Int. zam.<br \/>\ng. 13.00 + Adama Wieteska w 14 rocz. \u015bm.<br \/>\n<strong>Pn.\u00a0 16. VIII \u00a0\u00a0<\/strong>g. 19.00 \u00a0\u00a0Int. wolna<br \/>\n<strong>Wt.\u00a0 17. VIII \u00a0\u00a0\u00a0<\/strong>g. \u00a0\u00a07.00 \u00a0\u00a0\u00a0\u00a0Int. wolna<br \/>\n<strong>\u015ar. \u00a0\u00a018. VIII\u00a0 \u00a0<\/strong>g. 19.00\u00a0\u00a0 + Marka Piechal w 8 m-c po \u015bm.<br \/>\n<strong>Czw. 19. VIII \u00a0<\/strong>g.\u00a0 7.00 \u00a0\u00a0\u00a0Int. wolna<br \/>\n<strong>Pt. \u00a020. VIII\u00a0 <\/strong>g. 19.00\u00a0 \u00a0Int. wolna<br \/>\n<strong>Sob. 21. VIII<br \/>\n<\/strong>g. 15.00 \u00a0\u00a0\u00a0W int. Ojczyzny<br \/>\ng. 19.00 + Wojciecha Horody\u0144skiego w 9 rocz. \u015bm.<br \/>\n<span style=\"color: #0000ff;\"><strong>Nd.\u00a0 22. VIII. 2021\u00a0 \u00a0\u00a0<\/strong><\/span><strong><span style=\"color: #0000ff;\">21 \u00a0NIEDZIELA ZWYK\u0141A\u00a0 \/ ODPUST \/<\/span><br \/>\n<\/strong>g. 9.00\u00a0 Int. zam.<br \/>\ng. 12.30 W int. Parafian\u00a0 \/ Suma odpustowa \/<\/p>\n","protected":false},"excerpt":{"rendered":"<p>Dzi\u015b przypada Uroczysto\u015b\u0107 Wniebowzi\u0119cia NM Panny, Matki Bo\u017cej Zwyci\u0119skiej Patronki diecezji i 101 rocznica Bitwy Warszawskiej w 1920 roku. Na ka\u017cdej Mszy \u015bw. b\u0142ogos\u0142awie\u0144stwo zi\u00f3\u0142 i kwiat\u00f3w. W Konkatedrze \u2013 Sanktuarium Matki Bo\u017cej Zwyci\u0119skiej na Kamionku w Warszawie, uroczysto\u015b\u0107 ku czci Patronki Diecezji. Udziela si\u0119 odpustu zupe\u0142nego wiernym , kt\u00f3rzy [&hellip;]<\/p>\n","protected":false},"author":2,"featured_media":0,"comment_status":"closed","ping_status":"closed","sticky":false,"template":"","format":"standard","meta":[],"categories":[2],"tags":[],"_links":{"self":[{"href":"http:\/\/www.parafiakuligow.pl\/index.php\/wp-json\/wp\/v2\/posts\/1710"}],"collection":[{"href":"http:\/\/www.parafiakuligow.pl\/index.php\/wp-json\/wp\/v2\/posts"}],"about":[{"href":"http:\/\/www.parafiakuligow.pl\/index.php\/wp-json\/wp\/v2\/types\/post"}],"author":[{"embeddable":true,"href":"http:\/\/www.parafiakuligow.pl\/index.php\/wp-json\/wp\/v2\/users\/2"}],"replies":[{"embeddable":true,"href":"http:\/\/www.parafiakuligow.pl\/index.php\/wp-json\/wp\/v2\/comments?post=1710"}],"version-history":[{"count":6,"href":"http:\/\/www.parafiakuligow.pl\/index.php\/wp-json\/wp\/v2\/posts\/1710\/revisions"}],"predecessor-version":[{"id":1718,"href":"http:\/\/www.parafiakuligow.pl\/index.php\/wp-json\/wp\/v2\/posts\/1710\/revisions\/1718"}],"wp:attachment":[{"href":"http:\/\/www.parafiakuligow.pl\/index.php\/wp-json\/wp\/v2\/media?parent=1710"}],"wp:term":[{"taxonomy":"category","embeddable":true,"href":"http:\/\/www.parafiakuligow.pl\/index.php\/wp-json\/wp\/v2\/categories?post=1710"},{"taxonomy":"post_tag","embeddable":true,"href":"http:\/\/www.parafiakuligow.pl\/index.php\/wp-json\/wp\/v2\/tags?post=1710"}],"curies":[{"name":"wp","href":"https:\/\/api.w.org\/{rel}","templated":true}]}}