{"id":1702,"date":"2021-08-03T23:59:26","date_gmt":"2021-08-03T21:59:26","guid":{"rendered":"http:\/\/www.parafiakuligow.pl\/?p=1702"},"modified":"2021-08-04T00:05:53","modified_gmt":"2021-08-03T22:05:53","slug":"01-sierpien-2021-18-niedziela-zwykla","status":"publish","type":"post","link":"http:\/\/www.parafiakuligow.pl\/index.php\/2021\/08\/03\/01-sierpien-2021-18-niedziela-zwykla\/","title":{"rendered":"01 Sierpie\u0144 2021 &#8211; 18  NIEDZIELA  ZWYK\u0141A"},"content":{"rendered":"<ol>\n<li>Dzisiaj w 1 niedziel\u0119 sierpnia przypada 77 rocznica wybuchu Powstania Warszawskiego. Jest to zarazem pierwsza niedziela miesi\u0105ca. W naszych modlitwach pami\u0119tajmy o ofiarach powstania, o naszej Ojczy\u017anie i bohaterach narodowych. Po Mszy \u015bw. o godz. 11.00 modlitwa r\u00f3\u017ca\u0144cowa w intencji Ojczyzny. Dzisiejsza niedziela rozpoczyna w naszej Ojczy\u017anie czas modlitwy o trze\u017awo\u015b\u0107 narodu.<\/li>\n<li>Zbi\u00f3rka do puszek na pomoc poszkodowanych w nawa\u0142nicach i ulewach dzi\u015b po ka\u017cdej Mszy \u015bw. B\u00f3g zap\u0142a\u0107 za z\u0142o\u017cone ofiary.<\/li>\n<li>W \u015brod\u0119 4 sierpnia wspominamy \u015bw. Jana Marii Vianneya, prezbitera.<\/li>\n<li>38 Piesza Pielgrzymka z Warszawy na Jasn\u0105 G\u00f3r\u0119 wyruszy z sanktuarium MB Ostrobramskiej w Warszawie 5 sierpnia. Has\u0142em przewodnim tegorocznej pielgrzymki s\u0105 s\u0142owa zaczerpni\u0119te od S\u0142. Bo\u017cego kard. St. Wyszy\u0144skiego \u201e Czas to mi\u0142o\u015b\u0107\u201d.<\/li>\n<li>W I pi\u0105tek miesi\u0105ca 6 sierpnia przypada \u015bwi\u0119to Przemienienia Pa\u0144skiego. Msza \u015bw. o godz. 19.00. Spowied\u017a w tym dniu od godz. 18.30. W parafii Radzymin \u2013 odpust.<\/li>\n<li>Z racji I soboty miesi\u0105ca zapraszamy do wsp\u00f3lnej modlitwy r\u00f3\u017ca\u0144cowej o godz. 18.30.<\/li>\n<li>Zbli\u017ca si\u0119 Uroczysto\u015b\u0107 Odpustu w naszej parafii. B\u0119dziemy j\u0105 prze\u017cywa\u0107 w niedziel\u0119 22 sierpnia. Suma odpustowa po\u0142\u0105czona z procesj\u0105 o godz. 12.30. Msze \u015bw. w tym dniu o godz. 9.00 i 12.30.<br \/>\nNie b\u0119dzie Mszy \u015bw. o godz. 11.00 i 13.00. Ju\u017c dzisiaj wszystkich parafian i go\u015bci serdecznie zapraszam.<\/li>\n<li>Wszystkim naszym parafianom i go\u015bciom odpoczywaj\u0105cym w Kuligowie \u017cycz\u0119 mi\u0142ej niedzieli oraz dobrego i b\u0142ogos\u0142awionego tygodnia.<\/li>\n<li>Zach\u0119camy do czytania prasy katolickiej.<\/li>\n<\/ol>\n<p style=\"text-align: center;\"><strong>Intencje Mszalne <\/strong><strong>\u00a001 \u2013 08 Sierpie\u0144 \u00a02021r.<\/strong><\/p>\n<p><span style=\"color: #0000ff;\"><strong>Nd.\u00a0 01. VIII. 2021\u00a0\u00a0\u00a0 <\/strong><\/span><strong><span style=\"color: #0000ff;\">18 NIEDZIELA ZWYK\u0141A<\/span><br \/>\n<\/strong>g. 9.00\u00a0 + Jana Getka<br \/>\ng. 11.00 + Aniel\u0119 i Aleksandra Py\u015bkiewicz\u00f3w<br \/>\ng. 13.00 + Jana i Leokadi\u0119 Baranowskich; dziadk\u00f3w Baranowskich i Jusi\u0144skich<br \/>\n<strong>Pn.\u00a0 02. VIII \u00a0<\/strong>g. 19.00\u00a0 \u00a0\u00a0+ Halin\u0119 D\u0105browsk\u0105<br \/>\n<strong>Wt.\u00a0 03. VIII \u00a0\u00a0<\/strong>g. \u00a0\u00a07.00 \u00a0\u00a0\u00a0\u00a0+ Stanis\u0142awa \u00a0Fotek<br \/>\n<strong>\u015ar. \u00a004. VIII\u00a0 <\/strong>g. 19.00\u00a0\u00a0\u00a0 + Helen\u0119 i Jana Fromer\u00f3w; Janin\u0119 i Ryszarda Jasku\u0142owskich;\u00a0Jana Fromera \u2013 imieninowa; zm. z rodz. Fromer\u00f3w\u00a0i Jasku\u0142owskich<br \/>\n<strong>Czw. 05. VIII <\/strong>g.\u00a0 7.00 \u00a0\u00a0\u00a0\u00a0O Bo\u017ce b\u0142og , potrzebne \u0142aski, opiek\u0119 Matki Bo\u017cej dla Mateusza i Angeliki i ich dzieci<br \/>\n<strong>Pt.\u00a0 06. VIII\u00a0 <\/strong>g. 19.00\u00a0 \u00a0Int. wolna<br \/>\n<strong>Sob. \u00a007. VIII\u00a0 <\/strong>g. 19.00\u00a0\u00a0 O Bo\u017ce b\u0142og. i \u0142aski dla cz\u0142onki\u0144 K.\u017b.R. Matki Bo\u017cej Bolesnej i ich rodzin<br \/>\n<span style=\"color: #0000ff;\"><strong>Nd.\u00a0 08. VIII. 2021\u00a0 \u00a0\u00a0<\/strong><\/span><strong><span style=\"color: #0000ff;\">19 \u00a0NIEDZIELA ZWYK\u0141A<\/span><br \/>\n<\/strong>g. 9.00\u00a0 + Stanis\u0142aw\u0119 i Romana Bieleckich; Ann\u0119 i J\u00f3zefa Bieleckich<br \/>\ng. 11.00 Int. zam.<br \/>\ng. 13.00 + Halin\u0119 Buta w 29 r. \u015bm.<\/p>\n","protected":false},"excerpt":{"rendered":"<p>Dzisiaj w 1 niedziel\u0119 sierpnia przypada 77 rocznica wybuchu Powstania Warszawskiego. Jest to zarazem pierwsza niedziela miesi\u0105ca. W naszych modlitwach pami\u0119tajmy o ofiarach powstania, o naszej Ojczy\u017anie i bohaterach narodowych. Po Mszy \u015bw. o godz. 11.00 modlitwa r\u00f3\u017ca\u0144cowa w intencji Ojczyzny. Dzisiejsza niedziela rozpoczyna w naszej Ojczy\u017anie czas modlitwy o [&hellip;]<\/p>\n","protected":false},"author":2,"featured_media":0,"comment_status":"closed","ping_status":"closed","sticky":false,"template":"","format":"standard","meta":[],"categories":[2],"tags":[],"_links":{"self":[{"href":"http:\/\/www.parafiakuligow.pl\/index.php\/wp-json\/wp\/v2\/posts\/1702"}],"collection":[{"href":"http:\/\/www.parafiakuligow.pl\/index.php\/wp-json\/wp\/v2\/posts"}],"about":[{"href":"http:\/\/www.parafiakuligow.pl\/index.php\/wp-json\/wp\/v2\/types\/post"}],"author":[{"embeddable":true,"href":"http:\/\/www.parafiakuligow.pl\/index.php\/wp-json\/wp\/v2\/users\/2"}],"replies":[{"embeddable":true,"href":"http:\/\/www.parafiakuligow.pl\/index.php\/wp-json\/wp\/v2\/comments?post=1702"}],"version-history":[{"count":3,"href":"http:\/\/www.parafiakuligow.pl\/index.php\/wp-json\/wp\/v2\/posts\/1702\/revisions"}],"predecessor-version":[{"id":1705,"href":"http:\/\/www.parafiakuligow.pl\/index.php\/wp-json\/wp\/v2\/posts\/1702\/revisions\/1705"}],"wp:attachment":[{"href":"http:\/\/www.parafiakuligow.pl\/index.php\/wp-json\/wp\/v2\/media?parent=1702"}],"wp:term":[{"taxonomy":"category","embeddable":true,"href":"http:\/\/www.parafiakuligow.pl\/index.php\/wp-json\/wp\/v2\/categories?post=1702"},{"taxonomy":"post_tag","embeddable":true,"href":"http:\/\/www.parafiakuligow.pl\/index.php\/wp-json\/wp\/v2\/tags?post=1702"}],"curies":[{"name":"wp","href":"https:\/\/api.w.org\/{rel}","templated":true}]}}