{"id":1695,"date":"2021-07-18T10:04:15","date_gmt":"2021-07-18T08:04:15","guid":{"rendered":"http:\/\/www.parafiakuligow.pl\/?p=1695"},"modified":"2021-07-18T10:04:37","modified_gmt":"2021-07-18T08:04:37","slug":"18-lipiec-2021-16-niedziela-zwykla","status":"publish","type":"post","link":"http:\/\/www.parafiakuligow.pl\/index.php\/2021\/07\/18\/18-lipiec-2021-16-niedziela-zwykla\/","title":{"rendered":"18 Lipiec 2021 &#8211; 16 NIEDZIELA ZWYK\u0141A"},"content":{"rendered":"<ol>\n<li>W czwartek 22 lipca przypada liturgiczne \u015bwi\u0119to \u015bw. Marii Magdaleny; w pi\u0105tek 23 lipca \u015bw. Brygidy, zakonnicy, patronki Europy, a w sobot\u0119 24 lipca wspomnienie \u015bw. Kingi, dziewicy.<\/li>\n<li>W przysz\u0142\u0105 niedziel\u0119 25 lipca po ka\u017cdej Mszy \u015bw. b\u0142ogos\u0142awie\u0144stwo kierowc\u00f3w i po\u015bwi\u0119cenie pojazd\u00f3w z racji\u00a0 \u015bw. Krzysztofa patrona podr\u00f3\u017cuj\u0105cych. Dzi\u0119kuj\u0105c Panu Bogu za Jego opiek\u0119 mo\u017cemy wesprze\u0107 polskich misjonarzy ofiar\u0105 na zakup transportu.\u00a0 Tego dnia po raz pierwszy z ustanowienia Ojca \u015awi\u0119tego Franciszka b\u0119dziemy obchodzi\u0107 \u015awiatowy Dzie\u0144 Dziadk\u00f3w i Os\u00f3b Starszych w blisko\u015bci wspomnienia \u015bwi\u0119tych Joachima i Anny, dziadk\u00f3w Pana Jezusa. Do naszych modlitw do\u0142\u0105czmy intencje za osoby starsze i tych najbli\u017cszych, kt\u00f3rym tak wiele zawdzi\u0119czali\u015bmy i zawdzi\u0119czamy.<\/li>\n<li>Solenizantkom i solenizantom tego tygodnia \u017cyczymy du\u017co zdrowia, Bo\u017cego B\u0142ogos\u0142awie\u0144stwa i opieki \u015bw. patron\u00f3w, a naszym parafianom, dzia\u0142kowiczom i go\u015bciom dobrego wypoczynku, udanej niedzieli i b\u0142ogos\u0142awionego tygodnia.<\/li>\n<li>Zach\u0119camy do czytania prasy katolickiej.<\/li>\n<\/ol>\n<p>&nbsp;<\/p>\n<p style=\"text-align: center;\"><strong>Intencje Mszalne <\/strong><strong>\u00a018 \u2013 25 Lipiec 2021r.<\/strong><\/p>\n<p><span style=\"color: #0000ff;\"><strong>Nd.\u00a0 18. VII. 2021\u00a0\u00a0\u00a0 <\/strong><strong>16 \u00a0NIEDZIELA ZWYK\u0141A<br \/>\n<\/strong><\/span>g. 9.00\u00a0 Int. zam.<br \/>\ng. 11.00 Int. zam.<br \/>\ng. 13.00 Int. zam.<br \/>\n<strong>Pn.\u00a0 19.VI \u00a0\u00a0\u00a0\u00a0\u00a0<\/strong>g. 19.00\u00a0 \u00a0\u00a0+ Czes\u0142awa Kaliszewskiego<br \/>\n<strong>Wt.\u00a0 20. VI \u00a0\u00a0\u00a0\u00a0\u00a0<\/strong>g. \u00a0\u00a07.00 \u00a0\u00a0\u00a0\u00a0Int. wolna<br \/>\n<strong>\u015ar. \u00a021. VI\u00a0\u00a0\u00a0 <\/strong>\u00a0g. 19.00\u00a0\u00a0\u00a0 Int. wolna<br \/>\n<strong>Czw. 22.VII\u00a0\u00a0 <\/strong>\u00a0g.\u00a0 7.00 \u00a0\u00a0Int. wolna<br \/>\n<strong>Pt.\u00a0 23. VII\u00a0\u00a0 <\/strong>g. 19.00\u00a0 \u00a0+ Lucyn\u0119 Buraczewsk\u0105<br \/>\nS<strong>ob. \u00a024. VII\u00a0 <\/strong>\u00a0g. 19.00\u00a0 Int. zam.<br \/>\n<span style=\"color: #0000ff;\"><strong>Nd.\u00a0 25. VII. 2021\u00a0 \u00a0\u00a0<\/strong><\/span><strong><span style=\"color: #0000ff;\">17 NIEDZIELA ZWYK\u0141A<\/span><br \/>\n<\/strong>g. 9.00\u00a0 + Ann\u0119 Mari\u0119 i W\u0142adys\u0142awa Steczkowskich: Regin\u0119 i Stefana Bieleckich<br \/>\ng. 11.00 Int. zam.<br \/>\ng. 13.00 + Krzysztofa Augustyniaka i Halin\u0119: Ann\u0119 Szyma\u0144sk\u0105<\/p>\n<p><strong>\u00a0<\/strong><\/p>\n","protected":false},"excerpt":{"rendered":"<p>W czwartek 22 lipca przypada liturgiczne \u015bwi\u0119to \u015bw. Marii Magdaleny; w pi\u0105tek 23 lipca \u015bw. Brygidy, zakonnicy, patronki Europy, a w sobot\u0119 24 lipca wspomnienie \u015bw. Kingi, dziewicy. W przysz\u0142\u0105 niedziel\u0119 25 lipca po ka\u017cdej Mszy \u015bw. b\u0142ogos\u0142awie\u0144stwo kierowc\u00f3w i po\u015bwi\u0119cenie pojazd\u00f3w z racji\u00a0 \u015bw. Krzysztofa patrona podr\u00f3\u017cuj\u0105cych. Dzi\u0119kuj\u0105c Panu [&hellip;]<\/p>\n","protected":false},"author":2,"featured_media":0,"comment_status":"closed","ping_status":"closed","sticky":false,"template":"","format":"standard","meta":[],"categories":[2],"tags":[],"_links":{"self":[{"href":"http:\/\/www.parafiakuligow.pl\/index.php\/wp-json\/wp\/v2\/posts\/1695"}],"collection":[{"href":"http:\/\/www.parafiakuligow.pl\/index.php\/wp-json\/wp\/v2\/posts"}],"about":[{"href":"http:\/\/www.parafiakuligow.pl\/index.php\/wp-json\/wp\/v2\/types\/post"}],"author":[{"embeddable":true,"href":"http:\/\/www.parafiakuligow.pl\/index.php\/wp-json\/wp\/v2\/users\/2"}],"replies":[{"embeddable":true,"href":"http:\/\/www.parafiakuligow.pl\/index.php\/wp-json\/wp\/v2\/comments?post=1695"}],"version-history":[{"count":2,"href":"http:\/\/www.parafiakuligow.pl\/index.php\/wp-json\/wp\/v2\/posts\/1695\/revisions"}],"predecessor-version":[{"id":1697,"href":"http:\/\/www.parafiakuligow.pl\/index.php\/wp-json\/wp\/v2\/posts\/1695\/revisions\/1697"}],"wp:attachment":[{"href":"http:\/\/www.parafiakuligow.pl\/index.php\/wp-json\/wp\/v2\/media?parent=1695"}],"wp:term":[{"taxonomy":"category","embeddable":true,"href":"http:\/\/www.parafiakuligow.pl\/index.php\/wp-json\/wp\/v2\/categories?post=1695"},{"taxonomy":"post_tag","embeddable":true,"href":"http:\/\/www.parafiakuligow.pl\/index.php\/wp-json\/wp\/v2\/tags?post=1695"}],"curies":[{"name":"wp","href":"https:\/\/api.w.org\/{rel}","templated":true}]}}